{"id":10098,"date":"2020-02-12T14:42:28","date_gmt":"2020-02-12T13:42:28","guid":{"rendered":"http:\/\/smwroclaw.pl\/?p=10098"},"modified":"2020-02-12T14:42:48","modified_gmt":"2020-02-12T13:42:48","slug":"konferencja-bezpieczny-wroclaw-i-my-tam-bylismy-czytaj-dalej","status":"publish","type":"post","link":"https:\/\/smwroclaw.pl\/?p=10098","title":{"rendered":"KONFERENCJA BEZPIECZNY WROC\u0141AW &#8211; i my tam byli\u015bmy! (czytaj dalej)"},"content":{"rendered":"<p style=\"text-align: justify;\"><span style=\"font-family: georgia, palatino, serif; font-size: 12pt;\">W dniu 7 lutego <strong>wzi\u0119li\u015bmy<\/strong> <strong>udzia\u0142<\/strong> w<strong> konferencji naukowej ekspert\u00f3w &#8222;Bezpieczny Wroc\u0142aw&#8221;<\/strong>. Konferencja odby\u0142a si\u0119 w <strong>Centrum Naukowej Informacji Medycznej<\/strong>.\u00a0 Swoje wyk\u0142ady wyg\u0142osili mi\u0119dzy innymi specjali\u015bci z Uniwersytetu Medycznego im. Piast\u00f3w \u015al\u0105skich, Pogotowia Ratunkowego, Policji. Podczas konferencji, <strong>wyk\u0142ad o programie &#8222;Mini Ratownik&#8221;<\/strong> &#8211; jako inwestycja w przysz\u0142o\u015b\u0107 i jeden z flagowych <strong>program\u00f3w Stra\u017cy Miejskiej Wroc\u0142awia<\/strong>, wyg\u0142osi\u0142a inspektor <strong>Beata Dopiera\u0142a.\u00a0<\/strong> <\/span><\/p>\n<p><!--more--><\/p>\n<p>&nbsp;<\/p>\n<p>&nbsp;<\/p>\n<p><img fetchpriority=\"high\" decoding=\"async\" class=\" wp-image-10108 aligncenter\" src=\"https:\/\/smwroclaw.pl\/wp-content\/uploads\/2020\/02\/IMG_4468-300x225.jpg\" alt=\"\" width=\"427\" height=\"320\" srcset=\"https:\/\/smwroclaw.pl\/wp-content\/uploads\/2020\/02\/IMG_4468-300x225.jpg 300w, https:\/\/smwroclaw.pl\/wp-content\/uploads\/2020\/02\/IMG_4468.jpg 640w\" sizes=\"(max-width: 427px) 100vw, 427px\" \/><\/p>\n<p>&nbsp;<\/p>\n<p><img decoding=\"async\" class=\" wp-image-10109 aligncenter\" src=\"https:\/\/smwroclaw.pl\/wp-content\/uploads\/2020\/02\/IMG_4469-225x300.jpg\" alt=\"\" width=\"274\" height=\"365\" srcset=\"https:\/\/smwroclaw.pl\/wp-content\/uploads\/2020\/02\/IMG_4469-225x300.jpg 225w, https:\/\/smwroclaw.pl\/wp-content\/uploads\/2020\/02\/IMG_4469-rotated.jpg 480w\" sizes=\"(max-width: 274px) 100vw, 274px\" \/><\/p>\n<p>&nbsp;<\/p>\n<p><img decoding=\"async\" class=\" wp-image-10110 aligncenter\" src=\"https:\/\/smwroclaw.pl\/wp-content\/uploads\/2020\/02\/IMG_4471-300x225.jpg\" alt=\"\" width=\"343\" height=\"257\" srcset=\"https:\/\/smwroclaw.pl\/wp-content\/uploads\/2020\/02\/IMG_4471-300x225.jpg 300w, https:\/\/smwroclaw.pl\/wp-content\/uploads\/2020\/02\/IMG_4471.jpg 640w\" sizes=\"(max-width: 343px) 100vw, 343px\" \/><\/p>\n<p>&nbsp;<\/p>\n<p>MP<\/p>\n","protected":false},"excerpt":{"rendered":"<p>W dniu 7 lutego wzi\u0119li\u015bmy udzia\u0142 w konferencji naukowej ekspert\u00f3w &#8222;Bezpieczny Wroc\u0142aw&#8221;. Konferencja odby\u0142a si\u0119 w Centrum Naukowej Informacji Medycznej.\u00a0 Swoje wyk\u0142ady wyg\u0142osili mi\u0119dzy innymi specjali\u015bci z Uniwersytetu Medycznego im. Piast\u00f3w \u015al\u0105skich, Pogotowia Ratunkowego, Policji. Podczas konferencji, wyk\u0142ad o programie &#8222;Mini Ratownik&#8221; &#8211; jako inwestycja w przysz\u0142o\u015b\u0107 i jeden z flagowych program\u00f3w Stra\u017cy Miejskiej Wroc\u0142awia, [&hellip;]<\/p>\n","protected":false},"author":11,"featured_media":10107,"comment_status":"closed","ping_status":"closed","sticky":false,"template":"","format":"standard","meta":{"footnotes":""},"categories":[16],"tags":[],"class_list":["post-10098","post","type-post","status-publish","format-standard","has-post-thumbnail","hentry","category-aktual"],"_links":{"self":[{"href":"https:\/\/smwroclaw.pl\/index.php?rest_route=\/wp\/v2\/posts\/10098","targetHints":{"allow":["GET"]}}],"collection":[{"href":"https:\/\/smwroclaw.pl\/index.php?rest_route=\/wp\/v2\/posts"}],"about":[{"href":"https:\/\/smwroclaw.pl\/index.php?rest_route=\/wp\/v2\/types\/post"}],"author":[{"embeddable":true,"href":"https:\/\/smwroclaw.pl\/index.php?rest_route=\/wp\/v2\/users\/11"}],"replies":[{"embeddable":true,"href":"https:\/\/smwroclaw.pl\/index.php?rest_route=%2Fwp%2Fv2%2Fcomments&post=10098"}],"version-history":[{"count":2,"href":"https:\/\/smwroclaw.pl\/index.php?rest_route=\/wp\/v2\/posts\/10098\/revisions"}],"predecessor-version":[{"id":10112,"href":"https:\/\/smwroclaw.pl\/index.php?rest_route=\/wp\/v2\/posts\/10098\/revisions\/10112"}],"wp:featuredmedia":[{"embeddable":true,"href":"https:\/\/smwroclaw.pl\/index.php?rest_route=\/wp\/v2\/media\/10107"}],"wp:attachment":[{"href":"https:\/\/smwroclaw.pl\/index.php?rest_route=%2Fwp%2Fv2%2Fmedia&parent=10098"}],"wp:term":[{"taxonomy":"category","embeddable":true,"href":"https:\/\/smwroclaw.pl\/index.php?rest_route=%2Fwp%2Fv2%2Fcategories&post=10098"},{"taxonomy":"post_tag","embeddable":true,"href":"https:\/\/smwroclaw.pl\/index.php?rest_route=%2Fwp%2Fv2%2Ftags&post=10098"}],"curies":[{"name":"wp","href":"https:\/\/api.w.org\/{rel}","templated":true}]}}