{"id":10124,"date":"2020-02-13T07:30:16","date_gmt":"2020-02-13T06:30:16","guid":{"rendered":"http:\/\/smwroclaw.pl\/?p=10124"},"modified":"2020-02-13T10:19:53","modified_gmt":"2020-02-13T09:19:53","slug":"historia-herbu-miasta-wroclawia-wyklad-dla-seniorow","status":"publish","type":"post","link":"https:\/\/smwroclaw.pl\/?p=10124","title":{"rendered":"HISTORIA HERBU MIASTA WROC\u0141AWIA \u2013 wyk\u0142ad dla senior\u00f3w"},"content":{"rendered":"<p style=\"text-align: justify;\"><span style=\"font-family: georgia, palatino, serif; font-size: 12pt;\">W dniu <strong>12 lutego<\/strong> w <strong>Dziennym Domu Pomocy 1<\/strong> przy <strong>ul. Semaforowej 5<\/strong>, <strong>st. insp. Pawe\u0142 Gr\u0105bczewsk<\/strong>i spotka\u0142 si\u0119 z Seniorami i przedszkolakami z plac\u00f3wki <strong>Elfiki<\/strong>. Nasz funkcjonariusz to mi\u0142o\u015bnik historii Wroc\u0142awia, a zarazem licencjonowany przewodnik. Wszyscy z ciekawo\u015bci\u0105 wys\u0142uchali prelekcji o wroc\u0142awskim herbie. Na zako\u0144czenie wizyty dzieci dosta\u0142y odblaski i rozmawia\u0142y z Panem stra\u017cnikiem o bezpiecze\u0144stwie.<\/span><\/p>\n<p><!--more--><\/p>\n<p>&nbsp;<\/p>\n<p>&nbsp;<\/p>\n<p style=\"text-align: center;\"><img fetchpriority=\"high\" decoding=\"async\" class=\"alignnone  wp-image-10125\" src=\"https:\/\/smwroclaw.pl\/wp-content\/uploads\/2020\/02\/DSC03501-300x225.jpg\" alt=\"\" width=\"347\" height=\"260\" srcset=\"https:\/\/smwroclaw.pl\/wp-content\/uploads\/2020\/02\/DSC03501-300x225.jpg 300w, https:\/\/smwroclaw.pl\/wp-content\/uploads\/2020\/02\/DSC03501-768x576.jpg 768w, https:\/\/smwroclaw.pl\/wp-content\/uploads\/2020\/02\/DSC03501-1536x1152.jpg 1536w, https:\/\/smwroclaw.pl\/wp-content\/uploads\/2020\/02\/DSC03501-2048x1536.jpg 2048w\" sizes=\"(max-width: 347px) 100vw, 347px\" \/><img decoding=\"async\" class=\"alignnone  wp-image-10126\" src=\"https:\/\/smwroclaw.pl\/wp-content\/uploads\/2020\/02\/DSC03506-300x225.jpg\" alt=\"\" width=\"348\" height=\"261\" srcset=\"https:\/\/smwroclaw.pl\/wp-content\/uploads\/2020\/02\/DSC03506-300x225.jpg 300w, https:\/\/smwroclaw.pl\/wp-content\/uploads\/2020\/02\/DSC03506-768x576.jpg 768w, https:\/\/smwroclaw.pl\/wp-content\/uploads\/2020\/02\/DSC03506-1536x1152.jpg 1536w, https:\/\/smwroclaw.pl\/wp-content\/uploads\/2020\/02\/DSC03506-2048x1536.jpg 2048w\" sizes=\"(max-width: 348px) 100vw, 348px\" \/><\/p>\n<p style=\"text-align: center;\"><img decoding=\"async\" class=\"alignnone  wp-image-10127\" src=\"https:\/\/smwroclaw.pl\/wp-content\/uploads\/2020\/02\/DSC03517-225x300.jpg\" alt=\"\" width=\"256\" height=\"341\" srcset=\"https:\/\/smwroclaw.pl\/wp-content\/uploads\/2020\/02\/DSC03517-225x300.jpg 225w, https:\/\/smwroclaw.pl\/wp-content\/uploads\/2020\/02\/DSC03517-768x1024.jpg 768w, https:\/\/smwroclaw.pl\/wp-content\/uploads\/2020\/02\/DSC03517-1152x1536.jpg 1152w, https:\/\/smwroclaw.pl\/wp-content\/uploads\/2020\/02\/DSC03517-1536x2048.jpg 1536w, https:\/\/smwroclaw.pl\/wp-content\/uploads\/2020\/02\/DSC03517-scaled.jpg 1920w\" sizes=\"(max-width: 256px) 100vw, 256px\" \/><img loading=\"lazy\" decoding=\"async\" class=\"alignnone  wp-image-10128\" src=\"https:\/\/smwroclaw.pl\/wp-content\/uploads\/2020\/02\/DSC03521-300x225.jpg\" alt=\"\" width=\"456\" height=\"342\" srcset=\"https:\/\/smwroclaw.pl\/wp-content\/uploads\/2020\/02\/DSC03521-300x225.jpg 300w, https:\/\/smwroclaw.pl\/wp-content\/uploads\/2020\/02\/DSC03521-768x576.jpg 768w, https:\/\/smwroclaw.pl\/wp-content\/uploads\/2020\/02\/DSC03521-1536x1152.jpg 1536w, https:\/\/smwroclaw.pl\/wp-content\/uploads\/2020\/02\/DSC03521-2048x1536.jpg 2048w\" sizes=\"(max-width: 456px) 100vw, 456px\" \/><\/p>\n<p style=\"text-align: center;\"><img loading=\"lazy\" decoding=\"async\" class=\"alignnone  wp-image-10130\" src=\"https:\/\/smwroclaw.pl\/wp-content\/uploads\/2020\/02\/DSC03528-225x300.jpg\" alt=\"\" width=\"281\" height=\"374\" srcset=\"https:\/\/smwroclaw.pl\/wp-content\/uploads\/2020\/02\/DSC03528-225x300.jpg 225w, https:\/\/smwroclaw.pl\/wp-content\/uploads\/2020\/02\/DSC03528-768x1024.jpg 768w, https:\/\/smwroclaw.pl\/wp-content\/uploads\/2020\/02\/DSC03528-1152x1536.jpg 1152w, https:\/\/smwroclaw.pl\/wp-content\/uploads\/2020\/02\/DSC03528-1536x2048.jpg 1536w, https:\/\/smwroclaw.pl\/wp-content\/uploads\/2020\/02\/DSC03528-scaled.jpg 1920w\" sizes=\"(max-width: 281px) 100vw, 281px\" \/><img loading=\"lazy\" decoding=\"async\" class=\"alignnone  wp-image-10129\" src=\"https:\/\/smwroclaw.pl\/wp-content\/uploads\/2020\/02\/DSC03526-300x225.jpg\" alt=\"\" width=\"434\" height=\"326\" srcset=\"https:\/\/smwroclaw.pl\/wp-content\/uploads\/2020\/02\/DSC03526-300x225.jpg 300w, https:\/\/smwroclaw.pl\/wp-content\/uploads\/2020\/02\/DSC03526-768x576.jpg 768w, https:\/\/smwroclaw.pl\/wp-content\/uploads\/2020\/02\/DSC03526-1536x1152.jpg 1536w, https:\/\/smwroclaw.pl\/wp-content\/uploads\/2020\/02\/DSC03526-2048x1536.jpg 2048w\" sizes=\"(max-width: 434px) 100vw, 434px\" \/><\/p>\n<p>BD<\/p>\n<p style=\"text-align: center;\">\u00a0<\/p>\n","protected":false},"excerpt":{"rendered":"<p>W dniu 12 lutego w Dziennym Domu Pomocy 1 przy ul. Semaforowej 5, st. insp. Pawe\u0142 Gr\u0105bczewski spotka\u0142 si\u0119 z Seniorami i przedszkolakami z plac\u00f3wki Elfiki. Nasz funkcjonariusz to mi\u0142o\u015bnik historii Wroc\u0142awia, a zarazem licencjonowany przewodnik. Wszyscy z ciekawo\u015bci\u0105 wys\u0142uchali prelekcji o wroc\u0142awskim herbie. Na zako\u0144czenie wizyty dzieci dosta\u0142y odblaski i rozmawia\u0142y z Panem stra\u017cnikiem [&hellip;]<\/p>\n","protected":false},"author":7,"featured_media":10075,"comment_status":"closed","ping_status":"closed","sticky":false,"template":"","format":"standard","meta":{"footnotes":""},"categories":[16],"tags":[],"class_list":["post-10124","post","type-post","status-publish","format-standard","has-post-thumbnail","hentry","category-aktual"],"_links":{"self":[{"href":"https:\/\/smwroclaw.pl\/index.php?rest_route=\/wp\/v2\/posts\/10124","targetHints":{"allow":["GET"]}}],"collection":[{"href":"https:\/\/smwroclaw.pl\/index.php?rest_route=\/wp\/v2\/posts"}],"about":[{"href":"https:\/\/smwroclaw.pl\/index.php?rest_route=\/wp\/v2\/types\/post"}],"author":[{"embeddable":true,"href":"https:\/\/smwroclaw.pl\/index.php?rest_route=\/wp\/v2\/users\/7"}],"replies":[{"embeddable":true,"href":"https:\/\/smwroclaw.pl\/index.php?rest_route=%2Fwp%2Fv2%2Fcomments&post=10124"}],"version-history":[{"count":3,"href":"https:\/\/smwroclaw.pl\/index.php?rest_route=\/wp\/v2\/posts\/10124\/revisions"}],"predecessor-version":[{"id":10168,"href":"https:\/\/smwroclaw.pl\/index.php?rest_route=\/wp\/v2\/posts\/10124\/revisions\/10168"}],"wp:featuredmedia":[{"embeddable":true,"href":"https:\/\/smwroclaw.pl\/index.php?rest_route=\/wp\/v2\/media\/10075"}],"wp:attachment":[{"href":"https:\/\/smwroclaw.pl\/index.php?rest_route=%2Fwp%2Fv2%2Fmedia&parent=10124"}],"wp:term":[{"taxonomy":"category","embeddable":true,"href":"https:\/\/smwroclaw.pl\/index.php?rest_route=%2Fwp%2Fv2%2Fcategories&post=10124"},{"taxonomy":"post_tag","embeddable":true,"href":"https:\/\/smwroclaw.pl\/index.php?rest_route=%2Fwp%2Fv2%2Ftags&post=10124"}],"curies":[{"name":"wp","href":"https:\/\/api.w.org\/{rel}","templated":true}]}}