{"id":10212,"date":"2020-02-14T10:04:22","date_gmt":"2020-02-14T09:04:22","guid":{"rendered":"http:\/\/smwroclaw.pl\/?p=10212"},"modified":"2020-02-14T10:06:10","modified_gmt":"2020-02-14T09:06:10","slug":"straznicy-miejscy-w-dzialaniu-zakaz-ruchu-nie-dla-wszystkich","status":"publish","type":"post","link":"https:\/\/smwroclaw.pl\/?p=10212","title":{"rendered":"STRA\u017bNICY MIEJSCY W DZIA\u0141ANIU &#8211; zakaz ruchu, nie dla wszystkich &#8230;"},"content":{"rendered":"<p style=\"text-align: justify;\"><span style=\"font-family: georgia, palatino, serif; font-size: 12pt;\">W dniu <strong>13 lutego 2020 r.<\/strong> stra\u017cnicy miejscy z\u00a0 <strong>Oddzia\u0142u Patrolowo &#8211;\u00a0 Interwencyjnego<\/strong> przeprowadzili dzia\u0142ania\u00a0 na <strong>ulicy Suchej<\/strong> sprawdzaj\u0105c czy kierowcy stosuj\u0105 si\u0119 do znaku<strong> B-1 \/zakaz ruchu\/<\/strong> &#8211; <strong>26<\/strong> kierowc\u00f3w zosta\u0142o <strong>ukaranych mandatami<\/strong> na \u0142\u0105czn\u0105 kwot\u0119 <strong>8600 z\u0142.<\/strong><\/span><span style=\"font-family: Times New Roman, serif;\"><br \/>\n<\/span><\/p>\n<p>&nbsp;<\/p>\n<p>&nbsp;<\/p>\n<p><img fetchpriority=\"high\" decoding=\"async\" class=\"wp-image-10215 aligncenter\" src=\"https:\/\/smwroclaw.pl\/wp-content\/uploads\/2020\/02\/13.02-SUCHA-2-3018x4024.jpg\" alt=\"\" width=\"344\" height=\"459\" srcset=\"https:\/\/smwroclaw.pl\/wp-content\/uploads\/2020\/02\/13.02-SUCHA-2-3018x4024.jpg 3018w, https:\/\/smwroclaw.pl\/wp-content\/uploads\/2020\/02\/13.02-SUCHA-2-225x300.jpg 225w, https:\/\/smwroclaw.pl\/wp-content\/uploads\/2020\/02\/13.02-SUCHA-2-768x1024.jpg 768w, https:\/\/smwroclaw.pl\/wp-content\/uploads\/2020\/02\/13.02-SUCHA-2-1152x1536.jpg 1152w, https:\/\/smwroclaw.pl\/wp-content\/uploads\/2020\/02\/13.02-SUCHA-2-1536x2048.jpg 1536w, https:\/\/smwroclaw.pl\/wp-content\/uploads\/2020\/02\/13.02-SUCHA-2-scaled.jpg 1920w\" sizes=\"(max-width: 344px) 100vw, 344px\" \/><\/p>\n<p><!--more--><\/p>\n<p>wf<\/p>\n","protected":false},"excerpt":{"rendered":"<p>W dniu 13 lutego 2020 r. stra\u017cnicy miejscy z\u00a0 Oddzia\u0142u Patrolowo &#8211;\u00a0 Interwencyjnego przeprowadzili dzia\u0142ania\u00a0 na ulicy Suchej sprawdzaj\u0105c czy kierowcy stosuj\u0105 si\u0119 do znaku B-1 \/zakaz ruchu\/ &#8211; 26 kierowc\u00f3w zosta\u0142o ukaranych mandatami na \u0142\u0105czn\u0105 kwot\u0119 8600 z\u0142. &nbsp; &nbsp;<\/p>\n","protected":false},"author":4,"featured_media":10214,"comment_status":"closed","ping_status":"closed","sticky":false,"template":"","format":"standard","meta":{"footnotes":""},"categories":[16],"tags":[],"class_list":["post-10212","post","type-post","status-publish","format-standard","has-post-thumbnail","hentry","category-aktual"],"_links":{"self":[{"href":"https:\/\/smwroclaw.pl\/index.php?rest_route=\/wp\/v2\/posts\/10212","targetHints":{"allow":["GET"]}}],"collection":[{"href":"https:\/\/smwroclaw.pl\/index.php?rest_route=\/wp\/v2\/posts"}],"about":[{"href":"https:\/\/smwroclaw.pl\/index.php?rest_route=\/wp\/v2\/types\/post"}],"author":[{"embeddable":true,"href":"https:\/\/smwroclaw.pl\/index.php?rest_route=\/wp\/v2\/users\/4"}],"replies":[{"embeddable":true,"href":"https:\/\/smwroclaw.pl\/index.php?rest_route=%2Fwp%2Fv2%2Fcomments&post=10212"}],"version-history":[{"count":6,"href":"https:\/\/smwroclaw.pl\/index.php?rest_route=\/wp\/v2\/posts\/10212\/revisions"}],"predecessor-version":[{"id":10227,"href":"https:\/\/smwroclaw.pl\/index.php?rest_route=\/wp\/v2\/posts\/10212\/revisions\/10227"}],"wp:featuredmedia":[{"embeddable":true,"href":"https:\/\/smwroclaw.pl\/index.php?rest_route=\/wp\/v2\/media\/10214"}],"wp:attachment":[{"href":"https:\/\/smwroclaw.pl\/index.php?rest_route=%2Fwp%2Fv2%2Fmedia&parent=10212"}],"wp:term":[{"taxonomy":"category","embeddable":true,"href":"https:\/\/smwroclaw.pl\/index.php?rest_route=%2Fwp%2Fv2%2Fcategories&post=10212"},{"taxonomy":"post_tag","embeddable":true,"href":"https:\/\/smwroclaw.pl\/index.php?rest_route=%2Fwp%2Fv2%2Ftags&post=10212"}],"curies":[{"name":"wp","href":"https:\/\/api.w.org\/{rel}","templated":true}]}}