{"id":10216,"date":"2020-02-14T10:16:45","date_gmt":"2020-02-14T09:16:45","guid":{"rendered":"http:\/\/smwroclaw.pl\/?p=10216"},"modified":"2020-02-14T10:31:11","modified_gmt":"2020-02-14T09:31:11","slug":"mini-ratownik-i-eko-straznik-z-wizyta-na-partynicach-zajecia-edukacyjne-na-polkoloniach-jezdzieckich","status":"publish","type":"post","link":"https:\/\/smwroclaw.pl\/?p=10216","title":{"rendered":"MINI RATOWNIK I EKO STRA\u017bNIK Z WIZYT\u0104 NA PARTYNICACH \u2013 zaj\u0119cia edukacyjne na p\u00f3\u0142koloniach je\u017adzieckich (fotorelacja)"},"content":{"rendered":"<p style=\"text-align: justify;\" align=\"justify\"><span style=\"font-family: georgia, palatino, serif; font-size: 12pt;\">Wieloletni\u0105 tradycj\u0105 sta\u0142y si\u0119<strong> spotkania stra\u017cnik\u00f3w miejskich<\/strong> z dzie\u0107mi sp\u0119dzaj\u0105cymi ferie na <strong>p\u00f3\u0142koloniach je\u017adzieckich na Partynicach<\/strong>. W tym roku r\u00f3wnie\u017c nas nie zabrak\u0142o. <strong>St. str. Iwanna Kurzawa<\/strong> z <strong>Oddzia\u0142u Ochrony \u015arodowiska<\/strong> wprowadzi\u0142a dzieci w<strong> \u015bwiat ekologii i recyklingu<\/strong>, prowadz\u0105c zaj\u0119cia <strong>Eko stra\u017cnik.<\/strong> <strong>Insp. Beata Dopiera\u0142a<\/strong> opowiedzia\u0142a o<strong> pracy stra\u017cnik\u00f3w, patrolach konnych, umundurowaniu, wyposa\u017ceniu, a tak\u017ce o tym jak zachowywa\u0107 si\u0119 bezpiecznie &#8211; nie tylko podczas ferii, ale r\u00f3wnie\u017c w domu i poza nim<\/strong>. Wsp\u00f3lnie poszli\u015bmy odwiedzi\u0107 <strong>konie Stra\u017cy Miejskiej<\/strong>, kt\u00f3re mieszkaj\u0105 na <strong>WTWK Partynice<\/strong>. Wszystkie dzieci wzi\u0119\u0142y udzia\u0142 w zaj\u0119ciach <strong>MiniRatownik<\/strong>, prowadzonych przez nasz\u0105 funkcjonariuszk\u0119 i w praktyce mog\u0142y sprawdzi\u0107 <strong>umiej\u0119tno\u015bci z zakresu pierwszej pomocy<\/strong>. <\/span><!--more--><\/p>\n<p style=\"text-align: center;\" align=\"justify\"><strong><span style=\"font-family: georgia, palatino, serif; font-size: 12pt;\"> Serdecznie dzi\u0119kujemy za zaproszenie.<\/span><\/strong><\/p>\n<p style=\"text-align: center;\" align=\"justify\"><img fetchpriority=\"high\" decoding=\"async\" class=\"alignnone wp-image-10222\" src=\"https:\/\/smwroclaw.pl\/wp-content\/uploads\/2020\/02\/85233918_1446667118826508_7261586088785870848_n-300x225.jpg\" alt=\"\" width=\"319\" height=\"239\" srcset=\"https:\/\/smwroclaw.pl\/wp-content\/uploads\/2020\/02\/85233918_1446667118826508_7261586088785870848_n-300x225.jpg 300w, https:\/\/smwroclaw.pl\/wp-content\/uploads\/2020\/02\/85233918_1446667118826508_7261586088785870848_n-768x576.jpg 768w, https:\/\/smwroclaw.pl\/wp-content\/uploads\/2020\/02\/85233918_1446667118826508_7261586088785870848_n.jpg 1024w\" sizes=\"(max-width: 319px) 100vw, 319px\" \/> <img decoding=\"async\" class=\"alignnone wp-image-10223\" src=\"https:\/\/smwroclaw.pl\/wp-content\/uploads\/2020\/02\/86179944_189068222407012_7141119600527147008_n-300x225.jpg\" alt=\"\" width=\"320\" height=\"240\" srcset=\"https:\/\/smwroclaw.pl\/wp-content\/uploads\/2020\/02\/86179944_189068222407012_7141119600527147008_n-300x225.jpg 300w, https:\/\/smwroclaw.pl\/wp-content\/uploads\/2020\/02\/86179944_189068222407012_7141119600527147008_n-768x576.jpg 768w, https:\/\/smwroclaw.pl\/wp-content\/uploads\/2020\/02\/86179944_189068222407012_7141119600527147008_n.jpg 1024w\" sizes=\"(max-width: 320px) 100vw, 320px\" \/><\/p>\n<p style=\"text-align: center;\" align=\"justify\"><span style=\"font-family: georgia, palatino, serif; font-size: 12pt;\">st.str. Iwanna Kurzawa &#8211; Eko stra\u017cnik<\/span><\/p>\n<p style=\"text-align: center;\" align=\"justify\"><span style=\"font-family: georgia, palatino, serif; font-size: 12pt;\">Zdj\u0119cia ze strony:<\/span><\/p>\n<p style=\"text-align: center;\" align=\"justify\"><a href=\"http:\/\/https:\/\/www.facebook.com\/WyzszaSzkolkaJazdy\/posts\/2562510610673196\">\u00a0http:\/\/https:\/\/www.facebook.com\/WyzszaSzkolkaJazdy\/posts\/2562510610673196<\/a><\/p>\n<p style=\"text-align: center;\" align=\"justify\"><img decoding=\"async\" class=\"alignnone wp-image-10224\" src=\"https:\/\/smwroclaw.pl\/wp-content\/uploads\/2020\/02\/86193169_175771717057951_3337759389418258432_n-300x300.jpg\" alt=\"\" width=\"322\" height=\"322\" srcset=\"https:\/\/smwroclaw.pl\/wp-content\/uploads\/2020\/02\/86193169_175771717057951_3337759389418258432_n-300x300.jpg 300w, https:\/\/smwroclaw.pl\/wp-content\/uploads\/2020\/02\/86193169_175771717057951_3337759389418258432_n-768x768.jpg 768w, https:\/\/smwroclaw.pl\/wp-content\/uploads\/2020\/02\/86193169_175771717057951_3337759389418258432_n.jpg 909w\" sizes=\"(max-width: 322px) 100vw, 322px\" \/><\/p>\n<p style=\"text-align: center;\" align=\"justify\"><span style=\"font-family: georgia, palatino, serif; font-size: 12pt;\">Praca patroli konnych &#8211; insp. Beata Dopiera\u0142a oraz apl. Anna Andryszczyk i Lotnik, str. Micha\u0142 Zastawny i Tankred<\/span><\/p>\n<p style=\"text-align: center;\" align=\"justify\"><span style=\"font-family: georgia, palatino, serif; font-size: 12pt;\"><img loading=\"lazy\" decoding=\"async\" class=\"alignnone wp-image-10226\" src=\"https:\/\/smwroclaw.pl\/wp-content\/uploads\/2020\/02\/86729308_479533339408219_6770349938745278464_n-300x169.jpg\" alt=\"\" width=\"385\" height=\"217\" srcset=\"https:\/\/smwroclaw.pl\/wp-content\/uploads\/2020\/02\/86729308_479533339408219_6770349938745278464_n-300x169.jpg 300w, https:\/\/smwroclaw.pl\/wp-content\/uploads\/2020\/02\/86729308_479533339408219_6770349938745278464_n-768x432.jpg 768w, https:\/\/smwroclaw.pl\/wp-content\/uploads\/2020\/02\/86729308_479533339408219_6770349938745278464_n-1536x864.jpg 1536w, https:\/\/smwroclaw.pl\/wp-content\/uploads\/2020\/02\/86729308_479533339408219_6770349938745278464_n.jpg 1734w\" sizes=\"(max-width: 385px) 100vw, 385px\" \/><img loading=\"lazy\" decoding=\"async\" class=\"alignnone size-medium wp-image-10225\" src=\"https:\/\/smwroclaw.pl\/wp-content\/uploads\/2020\/02\/86290919_204469990742027_588370378787651584_n-166x300.jpg\" alt=\"\" width=\"166\" height=\"300\" srcset=\"https:\/\/smwroclaw.pl\/wp-content\/uploads\/2020\/02\/86290919_204469990742027_588370378787651584_n-166x300.jpg 166w, https:\/\/smwroclaw.pl\/wp-content\/uploads\/2020\/02\/86290919_204469990742027_588370378787651584_n.jpg 480w\" sizes=\"(max-width: 166px) 100vw, 166px\" \/><\/span><\/p>\n<p style=\"text-align: center;\" align=\"justify\"><span style=\"font-family: georgia, palatino, serif; font-size: 12pt;\">MiniRatownik &#8211; insp. Beata Dopiera\u0142a<\/span><\/p>\n<p align=\"justify\">BD<\/p>\n<p style=\"text-align: center;\" align=\"justify\">\u00a0<\/p>\n","protected":false},"excerpt":{"rendered":"<p>Wieloletni\u0105 tradycj\u0105 sta\u0142y si\u0119 spotkania stra\u017cnik\u00f3w miejskich z dzie\u0107mi sp\u0119dzaj\u0105cymi ferie na p\u00f3\u0142koloniach je\u017adzieckich na Partynicach. W tym roku r\u00f3wnie\u017c nas nie zabrak\u0142o. St. str. Iwanna Kurzawa z Oddzia\u0142u Ochrony \u015arodowiska wprowadzi\u0142a dzieci w \u015bwiat ekologii i recyklingu, prowadz\u0105c zaj\u0119cia Eko stra\u017cnik. Insp. Beata Dopiera\u0142a opowiedzia\u0142a o pracy stra\u017cnik\u00f3w, patrolach konnych, umundurowaniu, wyposa\u017ceniu, a tak\u017ce [&hellip;]<\/p>\n","protected":false},"author":7,"featured_media":10221,"comment_status":"closed","ping_status":"closed","sticky":false,"template":"","format":"standard","meta":{"footnotes":""},"categories":[16,90],"tags":[],"class_list":["post-10216","post","type-post","status-publish","format-standard","has-post-thumbnail","hentry","category-aktual","category-fstr"],"_links":{"self":[{"href":"https:\/\/smwroclaw.pl\/index.php?rest_route=\/wp\/v2\/posts\/10216","targetHints":{"allow":["GET"]}}],"collection":[{"href":"https:\/\/smwroclaw.pl\/index.php?rest_route=\/wp\/v2\/posts"}],"about":[{"href":"https:\/\/smwroclaw.pl\/index.php?rest_route=\/wp\/v2\/types\/post"}],"author":[{"embeddable":true,"href":"https:\/\/smwroclaw.pl\/index.php?rest_route=\/wp\/v2\/users\/7"}],"replies":[{"embeddable":true,"href":"https:\/\/smwroclaw.pl\/index.php?rest_route=%2Fwp%2Fv2%2Fcomments&post=10216"}],"version-history":[{"count":5,"href":"https:\/\/smwroclaw.pl\/index.php?rest_route=\/wp\/v2\/posts\/10216\/revisions"}],"predecessor-version":[{"id":10251,"href":"https:\/\/smwroclaw.pl\/index.php?rest_route=\/wp\/v2\/posts\/10216\/revisions\/10251"}],"wp:featuredmedia":[{"embeddable":true,"href":"https:\/\/smwroclaw.pl\/index.php?rest_route=\/wp\/v2\/media\/10221"}],"wp:attachment":[{"href":"https:\/\/smwroclaw.pl\/index.php?rest_route=%2Fwp%2Fv2%2Fmedia&parent=10216"}],"wp:term":[{"taxonomy":"category","embeddable":true,"href":"https:\/\/smwroclaw.pl\/index.php?rest_route=%2Fwp%2Fv2%2Fcategories&post=10216"},{"taxonomy":"post_tag","embeddable":true,"href":"https:\/\/smwroclaw.pl\/index.php?rest_route=%2Fwp%2Fv2%2Ftags&post=10216"}],"curies":[{"name":"wp","href":"https:\/\/api.w.org\/{rel}","templated":true}]}}