{"id":10322,"date":"2020-02-18T07:57:48","date_gmt":"2020-02-18T06:57:48","guid":{"rendered":"http:\/\/smwroclaw.pl\/?p=10322"},"modified":"2020-02-18T07:57:48","modified_gmt":"2020-02-18T06:57:48","slug":"bezpieczne-ferie-w-przedszkolu-149-teczowa-polanka","status":"publish","type":"post","link":"https:\/\/smwroclaw.pl\/?p=10322","title":{"rendered":"BEZPIECZNE FERIE W PRZEDSZKOLU 149 \u201eT\u0118CZOWA POLANKA\u201d"},"content":{"rendered":"<p align=\"justify\"><span style=\"font-family: georgia, palatino, serif; font-size: 12pt;\">W Przedszkolu 149 \u201eT\u0119czowa Polanka\u201d przy ul. Obornickiej 160 dzieci wzi\u0119\u0142o udzia\u0142 w zaj\u0119ciach edukacyjnych: \u201eBezpieczne ferie\u201d, prowadzonych przez funkcjonariuszy z Zespo\u0142u ds. koordynacji program\u00f3w prewencyjnych \u2013 st. insp. Krystyn\u0119 Chmur\u0119 i st. insp. Bogdana Dobosza. Dzieci uczy\u0142y si\u0119 o bezpiecze\u0144stwie w domu i poza nim, kontaktach z osobami obcymi (na co uwa\u017ca\u0107) oraz o kontaktach z psem i jak zachowa\u0107 si\u0119 gdy atakuje.<\/span><!--more--><\/p>\n<p style=\"text-align: center;\" align=\"justify\"><img fetchpriority=\"high\" decoding=\"async\" class=\"alignnone  wp-image-10324\" src=\"https:\/\/smwroclaw.pl\/wp-content\/uploads\/2020\/02\/86494304_504296263587836_3437057246595383296_n-300x225.jpg\" alt=\"\" width=\"325\" height=\"244\" srcset=\"https:\/\/smwroclaw.pl\/wp-content\/uploads\/2020\/02\/86494304_504296263587836_3437057246595383296_n-300x225.jpg 300w, https:\/\/smwroclaw.pl\/wp-content\/uploads\/2020\/02\/86494304_504296263587836_3437057246595383296_n-768x576.jpg 768w, https:\/\/smwroclaw.pl\/wp-content\/uploads\/2020\/02\/86494304_504296263587836_3437057246595383296_n-1536x1152.jpg 1536w, https:\/\/smwroclaw.pl\/wp-content\/uploads\/2020\/02\/86494304_504296263587836_3437057246595383296_n.jpg 1600w\" sizes=\"(max-width: 325px) 100vw, 325px\" \/><img decoding=\"async\" class=\"alignnone  wp-image-10323\" src=\"https:\/\/smwroclaw.pl\/wp-content\/uploads\/2020\/02\/86327091_192143881889160_12035494795804672_n-300x225.jpg\" alt=\"\" width=\"325\" height=\"244\" srcset=\"https:\/\/smwroclaw.pl\/wp-content\/uploads\/2020\/02\/86327091_192143881889160_12035494795804672_n-300x225.jpg 300w, https:\/\/smwroclaw.pl\/wp-content\/uploads\/2020\/02\/86327091_192143881889160_12035494795804672_n-768x576.jpg 768w, https:\/\/smwroclaw.pl\/wp-content\/uploads\/2020\/02\/86327091_192143881889160_12035494795804672_n-1536x1152.jpg 1536w, https:\/\/smwroclaw.pl\/wp-content\/uploads\/2020\/02\/86327091_192143881889160_12035494795804672_n.jpg 1600w\" sizes=\"(max-width: 325px) 100vw, 325px\" \/><\/p>\n<p align=\"justify\">BD<\/p>\n<p align=\"justify\">\u00a0<\/p>\n","protected":false},"excerpt":{"rendered":"<p>W Przedszkolu 149 \u201eT\u0119czowa Polanka\u201d przy ul. Obornickiej 160 dzieci wzi\u0119\u0142o udzia\u0142 w zaj\u0119ciach edukacyjnych: \u201eBezpieczne ferie\u201d, prowadzonych przez funkcjonariuszy z Zespo\u0142u ds. koordynacji program\u00f3w prewencyjnych \u2013 st. insp. Krystyn\u0119 Chmur\u0119 i st. insp. Bogdana Dobosza. Dzieci uczy\u0142y si\u0119 o bezpiecze\u0144stwie w domu i poza nim, kontaktach z osobami obcymi (na co uwa\u017ca\u0107) oraz o [&hellip;]<\/p>\n","protected":false},"author":7,"featured_media":10323,"comment_status":"closed","ping_status":"closed","sticky":false,"template":"","format":"standard","meta":{"footnotes":""},"categories":[16,90],"tags":[],"class_list":["post-10322","post","type-post","status-publish","format-standard","has-post-thumbnail","hentry","category-aktual","category-fstr"],"_links":{"self":[{"href":"https:\/\/smwroclaw.pl\/index.php?rest_route=\/wp\/v2\/posts\/10322","targetHints":{"allow":["GET"]}}],"collection":[{"href":"https:\/\/smwroclaw.pl\/index.php?rest_route=\/wp\/v2\/posts"}],"about":[{"href":"https:\/\/smwroclaw.pl\/index.php?rest_route=\/wp\/v2\/types\/post"}],"author":[{"embeddable":true,"href":"https:\/\/smwroclaw.pl\/index.php?rest_route=\/wp\/v2\/users\/7"}],"replies":[{"embeddable":true,"href":"https:\/\/smwroclaw.pl\/index.php?rest_route=%2Fwp%2Fv2%2Fcomments&post=10322"}],"version-history":[{"count":1,"href":"https:\/\/smwroclaw.pl\/index.php?rest_route=\/wp\/v2\/posts\/10322\/revisions"}],"predecessor-version":[{"id":10325,"href":"https:\/\/smwroclaw.pl\/index.php?rest_route=\/wp\/v2\/posts\/10322\/revisions\/10325"}],"wp:featuredmedia":[{"embeddable":true,"href":"https:\/\/smwroclaw.pl\/index.php?rest_route=\/wp\/v2\/media\/10323"}],"wp:attachment":[{"href":"https:\/\/smwroclaw.pl\/index.php?rest_route=%2Fwp%2Fv2%2Fmedia&parent=10322"}],"wp:term":[{"taxonomy":"category","embeddable":true,"href":"https:\/\/smwroclaw.pl\/index.php?rest_route=%2Fwp%2Fv2%2Fcategories&post=10322"},{"taxonomy":"post_tag","embeddable":true,"href":"https:\/\/smwroclaw.pl\/index.php?rest_route=%2Fwp%2Fv2%2Ftags&post=10322"}],"curies":[{"name":"wp","href":"https:\/\/api.w.org\/{rel}","templated":true}]}}