{"id":10442,"date":"2020-02-20T08:14:07","date_gmt":"2020-02-20T07:14:07","guid":{"rendered":"http:\/\/smwroclaw.pl\/?p=10442"},"modified":"2020-02-20T08:14:38","modified_gmt":"2020-02-20T07:14:38","slug":"park-kulturowy-pod-stala-kontrola","status":"publish","type":"post","link":"https:\/\/smwroclaw.pl\/?p=10442","title":{"rendered":"PARK KULTUROWY &#8211; pod sta\u0142\u0105 kontrol\u0105"},"content":{"rendered":"<p style=\"line-height: 150%; margin: 9.05pt 0cm 0.0001pt; text-align: justify;\"><span style=\"font-size: 12pt; line-height: 150%; font-family: 'Verdana', 'sans-serif';\"><span style=\"font-family: georgia, palatino, serif;\">Stra\u017cnicy miejscy z <strong>Oddzia\u0142u Patrolowo \u2013 Prewencyjnego<\/strong>\u00a0 stwierdzili: <strong>&#8222;prowadzenie dzia\u0142a\u0144 reklamowych polegaj\u0105ce na przyklejaniu reklam do witryn&#8221;<\/strong> w jednym ze sklep\u00f3w na <strong>ulicy Szewskiej<\/strong>. Osoby odpowiedzialne poinformowano o przepisach uchwa\u0142y o parku kulturowym \u201eStare Miasto\u201d, oraz zobowi\u0105zano do dostosowania si\u0119 do przepis\u00f3w wspomnianej uchwa\u0142y. Ponowna kontrola przeprowadzona w dniu 17 lutego 2020 r. wykaza\u0142a, \u017ce <strong>nieprawid\u0142owo\u015bci zosta\u0142y usuni\u0119te.<\/strong><\/span> <\/span><\/p>\n<p>&nbsp;<\/p>\n<p><img fetchpriority=\"high\" decoding=\"async\" class=\"wp-image-10443 aligncenter\" src=\"https:\/\/smwroclaw.pl\/wp-content\/uploads\/2020\/02\/PARK-KULTUROWY-FENIKS-PRZED-scaled.jpg\" alt=\"\" width=\"317\" height=\"319\" srcset=\"https:\/\/smwroclaw.pl\/wp-content\/uploads\/2020\/02\/PARK-KULTUROWY-FENIKS-PRZED-scaled.jpg 2540w, https:\/\/smwroclaw.pl\/wp-content\/uploads\/2020\/02\/PARK-KULTUROWY-FENIKS-PRZED-298x300.jpg 298w, https:\/\/smwroclaw.pl\/wp-content\/uploads\/2020\/02\/PARK-KULTUROWY-FENIKS-PRZED-768x774.jpg 768w, https:\/\/smwroclaw.pl\/wp-content\/uploads\/2020\/02\/PARK-KULTUROWY-FENIKS-PRZED-1524x1536.jpg 1524w, https:\/\/smwroclaw.pl\/wp-content\/uploads\/2020\/02\/PARK-KULTUROWY-FENIKS-PRZED-2032x2048.jpg 2032w\" sizes=\"(max-width: 317px) 100vw, 317px\" \/><\/p>\n<p><!--more--><\/p>\n<p>wf<\/p>\n","protected":false},"excerpt":{"rendered":"<p>Stra\u017cnicy miejscy z Oddzia\u0142u Patrolowo \u2013 Prewencyjnego\u00a0 stwierdzili: &#8222;prowadzenie dzia\u0142a\u0144 reklamowych polegaj\u0105ce na przyklejaniu reklam do witryn&#8221; w jednym ze sklep\u00f3w na ulicy Szewskiej. Osoby odpowiedzialne poinformowano o przepisach uchwa\u0142y o parku kulturowym \u201eStare Miasto\u201d, oraz zobowi\u0105zano do dostosowania si\u0119 do przepis\u00f3w wspomnianej uchwa\u0142y. Ponowna kontrola przeprowadzona w dniu 17 lutego 2020 r. wykaza\u0142a, \u017ce [&hellip;]<\/p>\n","protected":false},"author":4,"featured_media":10438,"comment_status":"closed","ping_status":"closed","sticky":false,"template":"","format":"standard","meta":{"footnotes":""},"categories":[16],"tags":[],"class_list":["post-10442","post","type-post","status-publish","format-standard","has-post-thumbnail","hentry","category-aktual"],"_links":{"self":[{"href":"https:\/\/smwroclaw.pl\/index.php?rest_route=\/wp\/v2\/posts\/10442","targetHints":{"allow":["GET"]}}],"collection":[{"href":"https:\/\/smwroclaw.pl\/index.php?rest_route=\/wp\/v2\/posts"}],"about":[{"href":"https:\/\/smwroclaw.pl\/index.php?rest_route=\/wp\/v2\/types\/post"}],"author":[{"embeddable":true,"href":"https:\/\/smwroclaw.pl\/index.php?rest_route=\/wp\/v2\/users\/4"}],"replies":[{"embeddable":true,"href":"https:\/\/smwroclaw.pl\/index.php?rest_route=%2Fwp%2Fv2%2Fcomments&post=10442"}],"version-history":[{"count":3,"href":"https:\/\/smwroclaw.pl\/index.php?rest_route=\/wp\/v2\/posts\/10442\/revisions"}],"predecessor-version":[{"id":10446,"href":"https:\/\/smwroclaw.pl\/index.php?rest_route=\/wp\/v2\/posts\/10442\/revisions\/10446"}],"wp:featuredmedia":[{"embeddable":true,"href":"https:\/\/smwroclaw.pl\/index.php?rest_route=\/wp\/v2\/media\/10438"}],"wp:attachment":[{"href":"https:\/\/smwroclaw.pl\/index.php?rest_route=%2Fwp%2Fv2%2Fmedia&parent=10442"}],"wp:term":[{"taxonomy":"category","embeddable":true,"href":"https:\/\/smwroclaw.pl\/index.php?rest_route=%2Fwp%2Fv2%2Fcategories&post=10442"},{"taxonomy":"post_tag","embeddable":true,"href":"https:\/\/smwroclaw.pl\/index.php?rest_route=%2Fwp%2Fv2%2Ftags&post=10442"}],"curies":[{"name":"wp","href":"https:\/\/api.w.org\/{rel}","templated":true}]}}