{"id":10500,"date":"2020-02-24T07:56:48","date_gmt":"2020-02-24T06:56:48","guid":{"rendered":"http:\/\/smwroclaw.pl\/?p=10500"},"modified":"2020-02-24T07:56:48","modified_gmt":"2020-02-24T06:56:48","slug":"mini-ratownik-i-eko-straznik-z-wizyta-na-partynicach-zajecia-edukacyjne-na-ii-turnusie-polkolonii-jezdzieckich","status":"publish","type":"post","link":"https:\/\/smwroclaw.pl\/?p=10500","title":{"rendered":"MINI RATOWNIK I EKO STRA\u017bNIK Z WIZYT\u0104 NA PARTYNICACH \u2013 zaj\u0119cia edukacyjne na II turnusie p\u00f3\u0142kolonii je\u017adzieckich"},"content":{"rendered":"<p style=\"text-align: justify;\" align=\"justify\"><span style=\"font-family: georgia, palatino, serif; font-size: 12pt;\">Dzieci z II turnusu p\u00f3\u0142kolonii je\u017adzieckich wzi\u0119\u0142y udzia\u0142 w zaj\u0119ciach MiniRatownik, prowadzonych przez nasz\u0105 funkcjonariuszk\u0119 Beat\u0119 Dopiera\u0142\u0119 i w praktyce mog\u0142y sprawdzi\u0107 umiej\u0119tno\u015bci z zakresu pierwszej pomocy. Dowiedzia\u0142y si\u0119 r\u00f3wnie\u017c jak zachowywa\u0107 si\u0119 bezpiecznie, nie tylko podczas ferii, ale r\u00f3wnie\u017c w domu i poza nim. Iwanna Kurzawa i Karolina Krawcewicz z Oddzia\u0142u Ochrony \u015arodowiska wprowadzi\u0142y dzieci w \u015bwiat ekologii i recyklingu, prowadz\u0105c zaj\u0119cia Eko stra\u017cnik. W spotkaniach bra\u0142o udzia\u0142 30 os\u00f3b.<\/span><!--more--><\/p>\n<p align=\"justify\">\u00a0<\/p>\n<p style=\"text-align: center;\" align=\"justify\"><img fetchpriority=\"high\" decoding=\"async\" class=\"alignnone  wp-image-10502\" src=\"https:\/\/smwroclaw.pl\/wp-content\/uploads\/2020\/02\/87382003_185313986138467_8817693074164547584_n-166x300.jpg\" alt=\"\" width=\"188\" height=\"340\" srcset=\"https:\/\/smwroclaw.pl\/wp-content\/uploads\/2020\/02\/87382003_185313986138467_8817693074164547584_n-166x300.jpg 166w, https:\/\/smwroclaw.pl\/wp-content\/uploads\/2020\/02\/87382003_185313986138467_8817693074164547584_n.jpg 240w\" sizes=\"(max-width: 188px) 100vw, 188px\" \/><img decoding=\"async\" class=\"alignnone  wp-image-10504\" src=\"https:\/\/smwroclaw.pl\/wp-content\/uploads\/2020\/02\/87451056_129679288375189_5910640843504484352_n-300x169.jpg\" alt=\"\" width=\"367\" height=\"207\" srcset=\"https:\/\/smwroclaw.pl\/wp-content\/uploads\/2020\/02\/87451056_129679288375189_5910640843504484352_n-300x169.jpg 300w, https:\/\/smwroclaw.pl\/wp-content\/uploads\/2020\/02\/87451056_129679288375189_5910640843504484352_n-768x432.jpg 768w, https:\/\/smwroclaw.pl\/wp-content\/uploads\/2020\/02\/87451056_129679288375189_5910640843504484352_n-1536x863.jpg 1536w, https:\/\/smwroclaw.pl\/wp-content\/uploads\/2020\/02\/87451056_129679288375189_5910640843504484352_n.jpg 1740w\" sizes=\"(max-width: 367px) 100vw, 367px\" \/><img decoding=\"async\" class=\"alignnone  wp-image-10503\" src=\"https:\/\/smwroclaw.pl\/wp-content\/uploads\/2020\/02\/87392219_175787110523550_8309569026816737280_n-300x169.jpg\" alt=\"\" width=\"369\" height=\"208\" srcset=\"https:\/\/smwroclaw.pl\/wp-content\/uploads\/2020\/02\/87392219_175787110523550_8309569026816737280_n-300x169.jpg 300w, https:\/\/smwroclaw.pl\/wp-content\/uploads\/2020\/02\/87392219_175787110523550_8309569026816737280_n-768x432.jpg 768w, https:\/\/smwroclaw.pl\/wp-content\/uploads\/2020\/02\/87392219_175787110523550_8309569026816737280_n-1536x863.jpg 1536w, https:\/\/smwroclaw.pl\/wp-content\/uploads\/2020\/02\/87392219_175787110523550_8309569026816737280_n.jpg 1740w\" sizes=\"(max-width: 369px) 100vw, 369px\" \/><img loading=\"lazy\" decoding=\"async\" class=\"alignnone  wp-image-10501\" src=\"https:\/\/smwroclaw.pl\/wp-content\/uploads\/2020\/02\/87256356_497950500913150_492727633268703232_n-300x169.jpg\" alt=\"\" width=\"367\" height=\"207\" srcset=\"https:\/\/smwroclaw.pl\/wp-content\/uploads\/2020\/02\/87256356_497950500913150_492727633268703232_n-300x169.jpg 300w, https:\/\/smwroclaw.pl\/wp-content\/uploads\/2020\/02\/87256356_497950500913150_492727633268703232_n-768x432.jpg 768w, https:\/\/smwroclaw.pl\/wp-content\/uploads\/2020\/02\/87256356_497950500913150_492727633268703232_n-1536x863.jpg 1536w, https:\/\/smwroclaw.pl\/wp-content\/uploads\/2020\/02\/87256356_497950500913150_492727633268703232_n.jpg 1740w\" sizes=\"(max-width: 367px) 100vw, 367px\" \/><\/p>\n<div style=\"width: 368px;\" class=\"wp-video\"><!--[if lt IE 9]><script>document.createElement('video');<\/script><![endif]-->\n<video class=\"wp-video-shortcode\" id=\"video-10500-1\" width=\"368\" height=\"656\" preload=\"metadata\" controls=\"controls\"><source type=\"video\/mp4\" src=\"https:\/\/smwroclaw.pl\/wp-content\/uploads\/2020\/02\/video-1582526753.mp4?_=1\" \/><a href=\"https:\/\/smwroclaw.pl\/wp-content\/uploads\/2020\/02\/video-1582526753.mp4\">https:\/\/smwroclaw.pl\/wp-content\/uploads\/2020\/02\/video-1582526753.mp4<\/a><\/video><\/div>\n<p>BD<\/p>\n","protected":false},"excerpt":{"rendered":"<p>Dzieci z II turnusu p\u00f3\u0142kolonii je\u017adzieckich wzi\u0119\u0142y udzia\u0142 w zaj\u0119ciach MiniRatownik, prowadzonych przez nasz\u0105 funkcjonariuszk\u0119 Beat\u0119 Dopiera\u0142\u0119 i w praktyce mog\u0142y sprawdzi\u0107 umiej\u0119tno\u015bci z zakresu pierwszej pomocy. Dowiedzia\u0142y si\u0119 r\u00f3wnie\u017c jak zachowywa\u0107 si\u0119 bezpiecznie, nie tylko podczas ferii, ale r\u00f3wnie\u017c w domu i poza nim. Iwanna Kurzawa i Karolina Krawcewicz z Oddzia\u0142u Ochrony \u015arodowiska wprowadzi\u0142y [&hellip;]<\/p>\n","protected":false},"author":7,"featured_media":10505,"comment_status":"closed","ping_status":"closed","sticky":false,"template":"","format":"standard","meta":{"footnotes":""},"categories":[16,90],"tags":[],"class_list":["post-10500","post","type-post","status-publish","format-standard","has-post-thumbnail","hentry","category-aktual","category-fstr"],"_links":{"self":[{"href":"https:\/\/smwroclaw.pl\/index.php?rest_route=\/wp\/v2\/posts\/10500","targetHints":{"allow":["GET"]}}],"collection":[{"href":"https:\/\/smwroclaw.pl\/index.php?rest_route=\/wp\/v2\/posts"}],"about":[{"href":"https:\/\/smwroclaw.pl\/index.php?rest_route=\/wp\/v2\/types\/post"}],"author":[{"embeddable":true,"href":"https:\/\/smwroclaw.pl\/index.php?rest_route=\/wp\/v2\/users\/7"}],"replies":[{"embeddable":true,"href":"https:\/\/smwroclaw.pl\/index.php?rest_route=%2Fwp%2Fv2%2Fcomments&post=10500"}],"version-history":[{"count":1,"href":"https:\/\/smwroclaw.pl\/index.php?rest_route=\/wp\/v2\/posts\/10500\/revisions"}],"predecessor-version":[{"id":10507,"href":"https:\/\/smwroclaw.pl\/index.php?rest_route=\/wp\/v2\/posts\/10500\/revisions\/10507"}],"wp:featuredmedia":[{"embeddable":true,"href":"https:\/\/smwroclaw.pl\/index.php?rest_route=\/wp\/v2\/media\/10505"}],"wp:attachment":[{"href":"https:\/\/smwroclaw.pl\/index.php?rest_route=%2Fwp%2Fv2%2Fmedia&parent=10500"}],"wp:term":[{"taxonomy":"category","embeddable":true,"href":"https:\/\/smwroclaw.pl\/index.php?rest_route=%2Fwp%2Fv2%2Fcategories&post=10500"},{"taxonomy":"post_tag","embeddable":true,"href":"https:\/\/smwroclaw.pl\/index.php?rest_route=%2Fwp%2Fv2%2Ftags&post=10500"}],"curies":[{"name":"wp","href":"https:\/\/api.w.org\/{rel}","templated":true}]}}