{"id":10557,"date":"2020-02-25T07:07:44","date_gmt":"2020-02-25T06:07:44","guid":{"rendered":"http:\/\/smwroclaw.pl\/?p=10557"},"modified":"2020-02-25T07:10:08","modified_gmt":"2020-02-25T06:10:08","slug":"ferie-ze-straza-miejska-2020-podsumowanie-fotorelacja","status":"publish","type":"post","link":"https:\/\/smwroclaw.pl\/?p=10557","title":{"rendered":"FERIE ZE STRA\u017b\u0104 MIEJSK\u0104 2020 \u2013 podsumowanie (fotorelacja)"},"content":{"rendered":"<p style=\"text-align: justify;\" align=\"justify\"><span style=\"font-family: georgia, palatino, serif; font-size: 12pt;\">Koniec ferii zimowych to r\u00f3wnie\u017c koniec spotka\u0144 w ramach akcji<strong> \u201eFerie ze Stra\u017c\u0105 Miejsk\u0105 2020\u201d<\/strong>. Stra\u017c Miejska w tym czasie przeprowadzi\u0142a szereg pogadanek z dzie\u0107mi, sp\u0119dzaj\u0105cymi ferie w mie\u015bcie. W Warsztatach wzi\u0119\u0142o udzia\u0142 <strong>1082 osoby<\/strong>. Zaj\u0119cia odbywa\u0142y si\u0119 w plac\u00f3wkach organizuj\u0105cych wypoczynek, a tak\u017ce w siedzibie Stra\u017cy Miejskiej ul. Na Grobli 14\/16. Rozmawiali\u015bmy o tym, jak sp\u0119dzi\u0107 bezpiecznie ferie i jak je wykorzysta\u0107, by po wypoczynku wr\u00f3ci\u0107 bezpiecznie do szko\u0142y. O szeroko rozumianym bezpiecze\u0144stwie zar\u00f3wno na zewn\u0105trz, jak i w domu, o ekologii, jak dba\u0107 o zwierz\u0119ta, o \u015brodowisko i o czysto\u015b\u0107 w mie\u015bcie. Nie zabrak\u0142o te\u017c zaj\u0119\u0107 MiniRatownik, czyli pierwszej pomocy dla najm\u0142odszych, prowadzonych przez Beat\u0119 Dopiera\u0142\u0119. Na wycieczk\u0119 \u201eSzlakiem wroc\u0142awskich krasnali\u201d zabiera\u0142 Pawe\u0142 Gr\u0105bczewski, Angelika Wiwatowska opowiada\u0142a o ratowaniu zwierz\u0105t i Animal Patrolu.<\/span><!--more--><\/p>\n<p style=\"text-align: justify;\" align=\"justify\"><span style=\"font-family: georgia, palatino, serif; font-size: 12pt;\"> Zaj\u0119cia ekologiczne prowadzi\u0142y Panie Kornelia, Nikola i Paulina (Ekolandia.edu. Ekosysyem). Niew\u0105tpliw\u0105 atrakcj\u0105 by\u0142y spotkania z Maciejem Zeganem wielokrotnym Mistrzem bokserskim, aktualnie funkcjonariuszem SM. Dzieci mia\u0142y okazj\u0119 wzi\u0105\u0107 udzia\u0142 w treningu bokserskim, obejrze\u0107 pasy mistrzowskie. Patrol konny \u2013 Krzysztof Jakubczyk i Solaris, Jacek G\u00f3ral i Buczyn prezentowali swoje mo\u017cliwo\u015bci, mo\u017cna by\u0142o zrobi\u0107 sobie zdj\u0119cie, pog\u0142aska\u0107 s\u0142u\u017cbowego rumaka, zada\u0107 pytania. Katarzyna Bandziak przygotowa\u0142a gry i zabawy. Jak bezpiecznie porusza\u0107 si\u0119 po mie\u015bcie i o \u201eObcym niebezpiecznym\u201d opowiedzieli Krystyna Chmura i Bogdan Dobosz. <\/span><\/p>\n<p style=\"text-align: center;\" align=\"justify\"><strong><span style=\"font-family: georgia, palatino, serif; font-size: 12pt;\">Dzi\u0119kujemy za wsp\u00f3lnie sp\u0119dzony czas i zapraszamy ponownie!!!<\/span><\/strong><\/p>\n<p align=\"justify\"><span style=\"font-family: georgia, palatino, serif; font-size: 12pt;\">Dzie\u0144 1:<\/span><\/p>\n<blockquote class=\"wp-embedded-content\" data-secret=\"w1H1e6Sy09\"><p><a href=\"https:\/\/smwroclaw.pl\/?p=10055\">FERIE ZE STRA\u017b\u0104 MIEJSK\u0104 2020 \u2013 DZIE\u0143 1 (10 lutego)<\/a><\/p><\/blockquote>\n<p><iframe class=\"wp-embedded-content\" sandbox=\"allow-scripts\" security=\"restricted\" style=\"position: absolute; visibility: hidden;\" title=\"&#8222;FERIE ZE STRA\u017b\u0104 MIEJSK\u0104 2020 \u2013 DZIE\u0143 1 (10 lutego)&#8221; &#8212; Stra\u017c Miejska Wroc\u0142awia \" src=\"https:\/\/smwroclaw.pl\/?p=10055&#038;embed=true#?secret=3MiepaxoqL#?secret=w1H1e6Sy09\" data-secret=\"w1H1e6Sy09\" width=\"500\" height=\"282\" frameborder=\"0\" marginwidth=\"0\" marginheight=\"0\" scrolling=\"no\"><\/iframe><\/p>\n<p align=\"justify\"><span style=\"font-family: georgia, palatino, serif; font-size: 12pt;\">Dzie\u0144 2:<\/span><\/p>\n<blockquote class=\"wp-embedded-content\" data-secret=\"5tkG0MEUYZ\"><p><a href=\"https:\/\/smwroclaw.pl\/?p=10084\">FERIE ZE STRA\u017b\u0104 MIEJSK\u0104 2020 \u2013 DZIE\u0143 2 (11 lutego)<\/a><\/p><\/blockquote>\n<p><iframe class=\"wp-embedded-content\" sandbox=\"allow-scripts\" security=\"restricted\" style=\"position: absolute; visibility: hidden;\" title=\"&#8222;FERIE ZE STRA\u017b\u0104 MIEJSK\u0104 2020 \u2013 DZIE\u0143 2 (11 lutego)&#8221; &#8212; Stra\u017c Miejska Wroc\u0142awia \" src=\"https:\/\/smwroclaw.pl\/?p=10084&#038;embed=true#?secret=P2aNHhi9Sg#?secret=5tkG0MEUYZ\" data-secret=\"5tkG0MEUYZ\" width=\"500\" height=\"282\" frameborder=\"0\" marginwidth=\"0\" marginheight=\"0\" scrolling=\"no\"><\/iframe><\/p>\n<p align=\"justify\"><span style=\"font-family: georgia, palatino, serif; font-size: 12pt;\">Dzie\u0144 3:<\/span><\/p>\n<blockquote class=\"wp-embedded-content\" data-secret=\"XkU8JVBKk2\"><p><a href=\"https:\/\/smwroclaw.pl\/?p=10133\">FERIE ZE STRA\u017b\u0104 MIEJSK\u0104 2020 \u2013 DZIE\u0143 3 (12 lutego)<\/a><\/p><\/blockquote>\n<p><iframe class=\"wp-embedded-content\" sandbox=\"allow-scripts\" security=\"restricted\" style=\"position: absolute; visibility: hidden;\" title=\"&#8222;FERIE ZE STRA\u017b\u0104 MIEJSK\u0104 2020 \u2013 DZIE\u0143 3 (12 lutego)&#8221; &#8212; Stra\u017c Miejska Wroc\u0142awia \" src=\"https:\/\/smwroclaw.pl\/?p=10133&#038;embed=true#?secret=PMO3acU4ST#?secret=XkU8JVBKk2\" data-secret=\"XkU8JVBKk2\" width=\"500\" height=\"282\" frameborder=\"0\" marginwidth=\"0\" marginheight=\"0\" scrolling=\"no\"><\/iframe><\/p>\n<p align=\"justify\"><span style=\"font-family: georgia, palatino, serif; font-size: 12pt;\">Dzie\u0144 4:<\/span><\/p>\n<blockquote class=\"wp-embedded-content\" data-secret=\"4pgEnE9YPr\"><p><a href=\"https:\/\/smwroclaw.pl\/?p=10187\">FERIE ZE STRA\u017b\u0104 MIEJSK\u0104 2020 \u2013 DZIE\u0143 4 (13 lutego)<\/a><\/p><\/blockquote>\n<p><iframe class=\"wp-embedded-content\" sandbox=\"allow-scripts\" security=\"restricted\" style=\"position: absolute; visibility: hidden;\" title=\"&#8222;FERIE ZE STRA\u017b\u0104 MIEJSK\u0104 2020 \u2013 DZIE\u0143 4 (13 lutego)&#8221; &#8212; Stra\u017c Miejska Wroc\u0142awia \" src=\"https:\/\/smwroclaw.pl\/?p=10187&#038;embed=true#?secret=5qTV0olqOt#?secret=4pgEnE9YPr\" data-secret=\"4pgEnE9YPr\" width=\"500\" height=\"282\" frameborder=\"0\" marginwidth=\"0\" marginheight=\"0\" scrolling=\"no\"><\/iframe><\/p>\n<blockquote class=\"wp-embedded-content\" data-secret=\"DOhvHS3UyH\"><p><a href=\"https:\/\/smwroclaw.pl\/?p=10216\">MINI RATOWNIK I EKO STRA\u017bNIK Z WIZYT\u0104 NA PARTYNICACH \u2013 zaj\u0119cia edukacyjne na p\u00f3\u0142koloniach je\u017adzieckich (fotorelacja)<\/a><\/p><\/blockquote>\n<p><iframe class=\"wp-embedded-content\" sandbox=\"allow-scripts\" security=\"restricted\" style=\"position: absolute; visibility: hidden;\" title=\"&#8222;MINI RATOWNIK I EKO STRA\u017bNIK Z WIZYT\u0104 NA PARTYNICACH \u2013 zaj\u0119cia edukacyjne na p\u00f3\u0142koloniach je\u017adzieckich (fotorelacja)&#8221; &#8212; Stra\u017c Miejska Wroc\u0142awia \" src=\"https:\/\/smwroclaw.pl\/?p=10216&#038;embed=true#?secret=jTdpZi2aU0#?secret=DOhvHS3UyH\" data-secret=\"DOhvHS3UyH\" width=\"500\" height=\"282\" frameborder=\"0\" marginwidth=\"0\" marginheight=\"0\" scrolling=\"no\"><\/iframe><\/p>\n<p align=\"justify\"><span style=\"font-family: georgia, palatino, serif; font-size: 12pt;\">Dzie\u0144 5:<\/span><\/p>\n<blockquote class=\"wp-embedded-content\" data-secret=\"gSbamsfb9K\"><p><a href=\"https:\/\/smwroclaw.pl\/?p=10322\">BEZPIECZNE FERIE W PRZEDSZKOLU 149 \u201eT\u0118CZOWA POLANKA\u201d<\/a><\/p><\/blockquote>\n<p><iframe class=\"wp-embedded-content\" sandbox=\"allow-scripts\" security=\"restricted\" style=\"position: absolute; visibility: hidden;\" title=\"&#8222;BEZPIECZNE FERIE W PRZEDSZKOLU 149 \u201eT\u0118CZOWA POLANKA\u201d&#8221; &#8212; Stra\u017c Miejska Wroc\u0142awia \" src=\"https:\/\/smwroclaw.pl\/?p=10322&#038;embed=true#?secret=GgjlEnDYxz#?secret=gSbamsfb9K\" data-secret=\"gSbamsfb9K\" width=\"500\" height=\"282\" frameborder=\"0\" marginwidth=\"0\" marginheight=\"0\" scrolling=\"no\"><\/iframe><\/p>\n<blockquote class=\"wp-embedded-content\" data-secret=\"fhiALHvyV2\"><p><a href=\"https:\/\/smwroclaw.pl\/?p=10356\">FERIE ZE STRA\u017b\u0104 MIEJSK\u0104 2020 \u2013 DZIE\u0143 5 (17 lutego)<\/a><\/p><\/blockquote>\n<p><iframe class=\"wp-embedded-content\" sandbox=\"allow-scripts\" security=\"restricted\" style=\"position: absolute; visibility: hidden;\" title=\"&#8222;FERIE ZE STRA\u017b\u0104 MIEJSK\u0104 2020 \u2013 DZIE\u0143 5 (17 lutego)&#8221; &#8212; Stra\u017c Miejska Wroc\u0142awia \" src=\"https:\/\/smwroclaw.pl\/?p=10356&#038;embed=true#?secret=uzKquxjTBC#?secret=fhiALHvyV2\" data-secret=\"fhiALHvyV2\" width=\"500\" height=\"282\" frameborder=\"0\" marginwidth=\"0\" marginheight=\"0\" scrolling=\"no\"><\/iframe><\/p>\n<p align=\"justify\"><span style=\"font-family: georgia, palatino, serif; font-size: 12pt;\">Dzie\u0144 6:<\/span><\/p>\n<blockquote class=\"wp-embedded-content\" data-secret=\"d8SVzsQwkR\"><p><a href=\"https:\/\/smwroclaw.pl\/?p=10386\">FERIE ZE STRA\u017b\u0104 MIEJSK\u0104 2020 \u2013 DZIE\u0143 6 (18 lutego)<\/a><\/p><\/blockquote>\n<p><iframe class=\"wp-embedded-content\" sandbox=\"allow-scripts\" security=\"restricted\" style=\"position: absolute; visibility: hidden;\" title=\"&#8222;FERIE ZE STRA\u017b\u0104 MIEJSK\u0104 2020 \u2013 DZIE\u0143 6 (18 lutego)&#8221; &#8212; Stra\u017c Miejska Wroc\u0142awia \" src=\"https:\/\/smwroclaw.pl\/?p=10386&#038;embed=true#?secret=QZa9c5A5eq#?secret=d8SVzsQwkR\" data-secret=\"d8SVzsQwkR\" width=\"500\" height=\"282\" frameborder=\"0\" marginwidth=\"0\" marginheight=\"0\" scrolling=\"no\"><\/iframe><\/p>\n<p align=\"justify\"><span style=\"font-family: georgia, palatino, serif; font-size: 12pt;\">Dzie\u0144 7:<\/span><\/p>\n<blockquote class=\"wp-embedded-content\" data-secret=\"CZntnkqL19\"><p><a href=\"https:\/\/smwroclaw.pl\/?p=10461\">FERIE ZE STRA\u017b\u0104 MIEJSK\u0104 2020 \u2013 DZIE\u0143 7 (19 lutego)<\/a><\/p><\/blockquote>\n<p><iframe class=\"wp-embedded-content\" sandbox=\"allow-scripts\" security=\"restricted\" style=\"position: absolute; visibility: hidden;\" title=\"&#8222;FERIE ZE STRA\u017b\u0104 MIEJSK\u0104 2020 \u2013 DZIE\u0143 7 (19 lutego)&#8221; &#8212; Stra\u017c Miejska Wroc\u0142awia \" src=\"https:\/\/smwroclaw.pl\/?p=10461&#038;embed=true#?secret=Jk5QKstME4#?secret=CZntnkqL19\" data-secret=\"CZntnkqL19\" width=\"500\" height=\"282\" frameborder=\"0\" marginwidth=\"0\" marginheight=\"0\" scrolling=\"no\"><\/iframe><\/p>\n<blockquote class=\"wp-embedded-content\" data-secret=\"3pqAEWwIWb\"><p><a href=\"https:\/\/smwroclaw.pl\/?p=10500\">MINI RATOWNIK I EKO STRA\u017bNIK Z WIZYT\u0104 NA PARTYNICACH \u2013 zaj\u0119cia edukacyjne na II turnusie p\u00f3\u0142kolonii je\u017adzieckich<\/a><\/p><\/blockquote>\n<p><iframe class=\"wp-embedded-content\" sandbox=\"allow-scripts\" security=\"restricted\" style=\"position: absolute; visibility: hidden;\" title=\"&#8222;MINI RATOWNIK I EKO STRA\u017bNIK Z WIZYT\u0104 NA PARTYNICACH \u2013 zaj\u0119cia edukacyjne na II turnusie p\u00f3\u0142kolonii je\u017adzieckich&#8221; &#8212; Stra\u017c Miejska Wroc\u0142awia \" src=\"https:\/\/smwroclaw.pl\/?p=10500&#038;embed=true#?secret=YvTkorH08D#?secret=3pqAEWwIWb\" data-secret=\"3pqAEWwIWb\" width=\"500\" height=\"282\" frameborder=\"0\" marginwidth=\"0\" marginheight=\"0\" scrolling=\"no\"><\/iframe><\/p>\n<p align=\"justify\"><span style=\"font-family: georgia, palatino, serif; font-size: 12pt;\">Dzie\u0144 8:<\/span><\/p>\n<blockquote class=\"wp-embedded-content\" data-secret=\"lNTvObiJYO\"><p><a href=\"https:\/\/smwroclaw.pl\/?p=10508\">FERIE ZE STRA\u017b\u0104 MIEJSK\u0104 2020 \u2013 DZIE\u0143 8 (20 lutego)<\/a><\/p><\/blockquote>\n<p><iframe class=\"wp-embedded-content\" sandbox=\"allow-scripts\" security=\"restricted\" style=\"position: absolute; visibility: hidden;\" title=\"&#8222;FERIE ZE STRA\u017b\u0104 MIEJSK\u0104 2020 \u2013 DZIE\u0143 8 (20 lutego)&#8221; &#8212; Stra\u017c Miejska Wroc\u0142awia \" src=\"https:\/\/smwroclaw.pl\/?p=10508&#038;embed=true#?secret=eSg5e1LgD9#?secret=lNTvObiJYO\" data-secret=\"lNTvObiJYO\" width=\"500\" height=\"282\" frameborder=\"0\" marginwidth=\"0\" marginheight=\"0\" scrolling=\"no\"><\/iframe><\/p>\n<p>BD<\/p>\n","protected":false},"excerpt":{"rendered":"<p>Koniec ferii zimowych to r\u00f3wnie\u017c koniec spotka\u0144 w ramach akcji \u201eFerie ze Stra\u017c\u0105 Miejsk\u0105 2020\u201d. Stra\u017c Miejska w tym czasie przeprowadzi\u0142a szereg pogadanek z dzie\u0107mi, sp\u0119dzaj\u0105cymi ferie w mie\u015bcie. W Warsztatach wzi\u0119\u0142o udzia\u0142 1082 osoby. Zaj\u0119cia odbywa\u0142y si\u0119 w plac\u00f3wkach organizuj\u0105cych wypoczynek, a tak\u017ce w siedzibie Stra\u017cy Miejskiej ul. Na Grobli 14\/16. Rozmawiali\u015bmy o tym, [&hellip;]<\/p>\n","protected":false},"author":7,"featured_media":10145,"comment_status":"closed","ping_status":"closed","sticky":false,"template":"","format":"standard","meta":{"footnotes":""},"categories":[16,90],"tags":[],"class_list":["post-10557","post","type-post","status-publish","format-standard","has-post-thumbnail","hentry","category-aktual","category-fstr"],"_links":{"self":[{"href":"https:\/\/smwroclaw.pl\/index.php?rest_route=\/wp\/v2\/posts\/10557","targetHints":{"allow":["GET"]}}],"collection":[{"href":"https:\/\/smwroclaw.pl\/index.php?rest_route=\/wp\/v2\/posts"}],"about":[{"href":"https:\/\/smwroclaw.pl\/index.php?rest_route=\/wp\/v2\/types\/post"}],"author":[{"embeddable":true,"href":"https:\/\/smwroclaw.pl\/index.php?rest_route=\/wp\/v2\/users\/7"}],"replies":[{"embeddable":true,"href":"https:\/\/smwroclaw.pl\/index.php?rest_route=%2Fwp%2Fv2%2Fcomments&post=10557"}],"version-history":[{"count":3,"href":"https:\/\/smwroclaw.pl\/index.php?rest_route=\/wp\/v2\/posts\/10557\/revisions"}],"predecessor-version":[{"id":10560,"href":"https:\/\/smwroclaw.pl\/index.php?rest_route=\/wp\/v2\/posts\/10557\/revisions\/10560"}],"wp:featuredmedia":[{"embeddable":true,"href":"https:\/\/smwroclaw.pl\/index.php?rest_route=\/wp\/v2\/media\/10145"}],"wp:attachment":[{"href":"https:\/\/smwroclaw.pl\/index.php?rest_route=%2Fwp%2Fv2%2Fmedia&parent=10557"}],"wp:term":[{"taxonomy":"category","embeddable":true,"href":"https:\/\/smwroclaw.pl\/index.php?rest_route=%2Fwp%2Fv2%2Fcategories&post=10557"},{"taxonomy":"post_tag","embeddable":true,"href":"https:\/\/smwroclaw.pl\/index.php?rest_route=%2Fwp%2Fv2%2Ftags&post=10557"}],"curies":[{"name":"wp","href":"https:\/\/api.w.org\/{rel}","templated":true}]}}