{"id":10562,"date":"2020-02-25T09:36:06","date_gmt":"2020-02-25T08:36:06","guid":{"rendered":"http:\/\/smwroclaw.pl\/?p=10562"},"modified":"2020-05-12T12:00:54","modified_gmt":"2020-05-12T10:00:54","slug":"slodkie-paczki-dla-przedszkolakow-zdjecia","status":"publish","type":"post","link":"https:\/\/smwroclaw.pl\/?p=10562","title":{"rendered":"S\u0142odkie p\u0105czki dla przedszkolak\u00f3w (zdj\u0119cia)"},"content":{"rendered":"<p style=\"text-align: justify;\"><span style=\"font-family: georgia, palatino, serif; font-size: 12pt;\">Z okazji &#8222;T\u0142ustego czwartku&#8221; <strong>stra\u017cnik osiedla Borek Zbigniew Wester<\/strong> wraz z <strong>dzielnicowym policji Janem Jakubowskim<\/strong> odwiedzili <strong>przedszkole terapeutyczne Subrideo<\/strong> przy ul. Jaworowej. Z okazji \u015bwi\u0119ta funkcjonariusze <strong>rozdali dzieciom z plac\u00f3wki s\u0142odkie p\u0105czki oraz odblaski dla bezpiecze\u0144stwa<\/strong>\u00a0 na drodze. Uda\u0142o si\u0119 dzi\u0119ki temu wywo\u0142a\u0107 u\u015bmiechy na twarzach najm\u0142odszych!<\/span><\/p>\n<p><!--more--><\/p>\n<p>&nbsp;<\/p>\n<p><img fetchpriority=\"high\" decoding=\"async\" class=\"wp-image-10564 aligncenter\" src=\"https:\/\/smwroclaw.pl\/wp-content\/uploads\/2020\/02\/DSCN3393-300x225.jpg\" alt=\"\" width=\"416\" height=\"312\" srcset=\"https:\/\/smwroclaw.pl\/wp-content\/uploads\/2020\/02\/DSCN3393-300x225.jpg 300w, https:\/\/smwroclaw.pl\/wp-content\/uploads\/2020\/02\/DSCN3393-768x576.jpg 768w, https:\/\/smwroclaw.pl\/wp-content\/uploads\/2020\/02\/DSCN3393-1536x1152.jpg 1536w, https:\/\/smwroclaw.pl\/wp-content\/uploads\/2020\/02\/DSCN3393-2048x1536.jpg 2048w\" sizes=\"(max-width: 416px) 100vw, 416px\" \/><\/p>\n<p>&nbsp;<\/p>\n<p><img decoding=\"async\" class=\" wp-image-10565 aligncenter\" src=\"https:\/\/smwroclaw.pl\/wp-content\/uploads\/2020\/02\/DSCN3377-300x225.jpg\" alt=\"\" width=\"419\" height=\"314\" srcset=\"https:\/\/smwroclaw.pl\/wp-content\/uploads\/2020\/02\/DSCN3377-300x225.jpg 300w, https:\/\/smwroclaw.pl\/wp-content\/uploads\/2020\/02\/DSCN3377-768x576.jpg 768w, https:\/\/smwroclaw.pl\/wp-content\/uploads\/2020\/02\/DSCN3377-1536x1152.jpg 1536w, https:\/\/smwroclaw.pl\/wp-content\/uploads\/2020\/02\/DSCN3377-2048x1536.jpg 2048w\" sizes=\"(max-width: 419px) 100vw, 419px\" \/><\/p>\n<p>&nbsp;<\/p>\n<p><img decoding=\"async\" class=\" wp-image-10566 aligncenter\" src=\"https:\/\/smwroclaw.pl\/wp-content\/uploads\/2020\/02\/DSCN3398-225x300.jpg\" alt=\"\" width=\"316\" height=\"422\" srcset=\"https:\/\/smwroclaw.pl\/wp-content\/uploads\/2020\/02\/DSCN3398-225x300.jpg 225w, https:\/\/smwroclaw.pl\/wp-content\/uploads\/2020\/02\/DSCN3398-768x1024.jpg 768w, https:\/\/smwroclaw.pl\/wp-content\/uploads\/2020\/02\/DSCN3398-1152x1536.jpg 1152w, https:\/\/smwroclaw.pl\/wp-content\/uploads\/2020\/02\/DSCN3398-1536x2048.jpg 1536w, https:\/\/smwroclaw.pl\/wp-content\/uploads\/2020\/02\/DSCN3398-scaled.jpg 1920w\" sizes=\"(max-width: 316px) 100vw, 316px\" \/><\/p>\n<p>&nbsp;<\/p>\n<p>MP<\/p>\n","protected":false},"excerpt":{"rendered":"<p>Z okazji &#8222;T\u0142ustego czwartku&#8221; stra\u017cnik osiedla Borek Zbigniew Wester wraz z dzielnicowym policji Janem Jakubowskim odwiedzili przedszkole terapeutyczne Subrideo przy ul. Jaworowej. Z okazji \u015bwi\u0119ta funkcjonariusze rozdali dzieciom z plac\u00f3wki s\u0142odkie p\u0105czki oraz odblaski dla bezpiecze\u0144stwa\u00a0 na drodze. Uda\u0142o si\u0119 dzi\u0119ki temu wywo\u0142a\u0107 u\u015bmiechy na twarzach najm\u0142odszych!<\/p>\n","protected":false},"author":11,"featured_media":10563,"comment_status":"closed","ping_status":"closed","sticky":false,"template":"","format":"standard","meta":{"footnotes":""},"categories":[16,33],"tags":[],"class_list":["post-10562","post","type-post","status-publish","format-standard","has-post-thumbnail","hentry","category-aktual","category-prew"],"_links":{"self":[{"href":"https:\/\/smwroclaw.pl\/index.php?rest_route=\/wp\/v2\/posts\/10562","targetHints":{"allow":["GET"]}}],"collection":[{"href":"https:\/\/smwroclaw.pl\/index.php?rest_route=\/wp\/v2\/posts"}],"about":[{"href":"https:\/\/smwroclaw.pl\/index.php?rest_route=\/wp\/v2\/types\/post"}],"author":[{"embeddable":true,"href":"https:\/\/smwroclaw.pl\/index.php?rest_route=\/wp\/v2\/users\/11"}],"replies":[{"embeddable":true,"href":"https:\/\/smwroclaw.pl\/index.php?rest_route=%2Fwp%2Fv2%2Fcomments&post=10562"}],"version-history":[{"count":6,"href":"https:\/\/smwroclaw.pl\/index.php?rest_route=\/wp\/v2\/posts\/10562\/revisions"}],"predecessor-version":[{"id":10572,"href":"https:\/\/smwroclaw.pl\/index.php?rest_route=\/wp\/v2\/posts\/10562\/revisions\/10572"}],"wp:featuredmedia":[{"embeddable":true,"href":"https:\/\/smwroclaw.pl\/index.php?rest_route=\/wp\/v2\/media\/10563"}],"wp:attachment":[{"href":"https:\/\/smwroclaw.pl\/index.php?rest_route=%2Fwp%2Fv2%2Fmedia&parent=10562"}],"wp:term":[{"taxonomy":"category","embeddable":true,"href":"https:\/\/smwroclaw.pl\/index.php?rest_route=%2Fwp%2Fv2%2Fcategories&post=10562"},{"taxonomy":"post_tag","embeddable":true,"href":"https:\/\/smwroclaw.pl\/index.php?rest_route=%2Fwp%2Fv2%2Ftags&post=10562"}],"curies":[{"name":"wp","href":"https:\/\/api.w.org\/{rel}","templated":true}]}}