{"id":10598,"date":"2020-02-26T09:11:35","date_gmt":"2020-02-26T08:11:35","guid":{"rendered":"http:\/\/smwroclaw.pl\/?p=10598"},"modified":"2020-02-26T09:11:35","modified_gmt":"2020-02-26T08:11:35","slug":"zagubiony-pies-wlascicielka-odnaleziona","status":"publish","type":"post","link":"https:\/\/smwroclaw.pl\/?p=10598","title":{"rendered":"ZAGUBIONY PIES &#8211; w\u0142a\u015bcicielka odnaleziona"},"content":{"rendered":"<p style=\"text-align: justify;\"><span style=\"font-family: georgia, palatino, serif; font-size: 12pt;\">Wczoraj w godzinach popo\u0142udniowych do siedziby stra\u017cy miejskiej przy ulicy Wysokiej trafi\u0142 <strong>zagubiony pies<\/strong> (suczka). Dzi\u0119ki pomocy wielu os\u00f3b zaanga\u017cowanych w przekazanie informacji o piesku (media spo\u0142eczno\u015bciowe) uda\u0142o si\u0119 odnale\u017a\u0107 w\u0142a\u015bcicielk\u0119. Szcz\u0119\u015bliwe zako\u0144czenie mia\u0142o miejsce oko\u0142o godziny 18.00 i zosta\u0142o uwiecznione na za\u0142\u0105czonym zdj\u0119ciu.<\/span><\/p>\n<p>&nbsp;<\/p>\n<p>&nbsp;<\/p>\n<p style=\"text-align: justify;\"><span style=\"font-family: georgia, palatino, serif; font-size: 12pt;\"><img fetchpriority=\"high\" decoding=\"async\" class=\" wp-image-10600 aligncenter\" src=\"https:\/\/smwroclaw.pl\/wp-content\/uploads\/2020\/02\/724.jpg\" alt=\"\" width=\"517\" height=\"251\" srcset=\"https:\/\/smwroclaw.pl\/wp-content\/uploads\/2020\/02\/724.jpg 1600w, https:\/\/smwroclaw.pl\/wp-content\/uploads\/2020\/02\/724-300x146.jpg 300w, https:\/\/smwroclaw.pl\/wp-content\/uploads\/2020\/02\/724-768x372.jpg 768w, https:\/\/smwroclaw.pl\/wp-content\/uploads\/2020\/02\/724-1536x745.jpg 1536w\" sizes=\"(max-width: 517px) 100vw, 517px\" \/><\/span><\/p>\n<p><!--more--><\/p>\n<p>wf<\/p>\n<p>&nbsp;<\/p>\n","protected":false},"excerpt":{"rendered":"<p>Wczoraj w godzinach popo\u0142udniowych do siedziby stra\u017cy miejskiej przy ulicy Wysokiej trafi\u0142 zagubiony pies (suczka). Dzi\u0119ki pomocy wielu os\u00f3b zaanga\u017cowanych w przekazanie informacji o piesku (media spo\u0142eczno\u015bciowe) uda\u0142o si\u0119 odnale\u017a\u0107 w\u0142a\u015bcicielk\u0119. Szcz\u0119\u015bliwe zako\u0144czenie mia\u0142o miejsce oko\u0142o godziny 18.00 i zosta\u0142o uwiecznione na za\u0142\u0105czonym zdj\u0119ciu. &nbsp; &nbsp;<\/p>\n","protected":false},"author":4,"featured_media":10599,"comment_status":"closed","ping_status":"closed","sticky":false,"template":"","format":"standard","meta":{"footnotes":""},"categories":[16],"tags":[],"class_list":["post-10598","post","type-post","status-publish","format-standard","has-post-thumbnail","hentry","category-aktual"],"_links":{"self":[{"href":"https:\/\/smwroclaw.pl\/index.php?rest_route=\/wp\/v2\/posts\/10598","targetHints":{"allow":["GET"]}}],"collection":[{"href":"https:\/\/smwroclaw.pl\/index.php?rest_route=\/wp\/v2\/posts"}],"about":[{"href":"https:\/\/smwroclaw.pl\/index.php?rest_route=\/wp\/v2\/types\/post"}],"author":[{"embeddable":true,"href":"https:\/\/smwroclaw.pl\/index.php?rest_route=\/wp\/v2\/users\/4"}],"replies":[{"embeddable":true,"href":"https:\/\/smwroclaw.pl\/index.php?rest_route=%2Fwp%2Fv2%2Fcomments&post=10598"}],"version-history":[{"count":4,"href":"https:\/\/smwroclaw.pl\/index.php?rest_route=\/wp\/v2\/posts\/10598\/revisions"}],"predecessor-version":[{"id":10604,"href":"https:\/\/smwroclaw.pl\/index.php?rest_route=\/wp\/v2\/posts\/10598\/revisions\/10604"}],"wp:featuredmedia":[{"embeddable":true,"href":"https:\/\/smwroclaw.pl\/index.php?rest_route=\/wp\/v2\/media\/10599"}],"wp:attachment":[{"href":"https:\/\/smwroclaw.pl\/index.php?rest_route=%2Fwp%2Fv2%2Fmedia&parent=10598"}],"wp:term":[{"taxonomy":"category","embeddable":true,"href":"https:\/\/smwroclaw.pl\/index.php?rest_route=%2Fwp%2Fv2%2Fcategories&post=10598"},{"taxonomy":"post_tag","embeddable":true,"href":"https:\/\/smwroclaw.pl\/index.php?rest_route=%2Fwp%2Fv2%2Ftags&post=10598"}],"curies":[{"name":"wp","href":"https:\/\/api.w.org\/{rel}","templated":true}]}}