{"id":10968,"date":"2020-03-11T10:25:05","date_gmt":"2020-03-11T09:25:05","guid":{"rendered":"http:\/\/smwroclaw.pl\/?p=10968"},"modified":"2020-05-12T11:58:39","modified_gmt":"2020-05-12T09:58:39","slug":"uwaga-startuje-bezpieczna-kobieta-w-miescie","status":"publish","type":"post","link":"https:\/\/smwroclaw.pl\/?p=10968","title":{"rendered":"UWAGA!!! STARTUJE BEZPIECZNA KOBIETA W MIE\u015aCIE"},"content":{"rendered":"<p align=\"justify\"><span style=\"font-family: georgia, palatino, serif; font-size: 12pt;\">Dzi\u015b, 11 marca startuje rozszerzona edycja kursu <strong>\u201eBezpieczna Kobieta w Mie\u015bcie\u201d<\/strong>, dla mieszkanek osiedli Ma\u015blice i Pracze Odrza\u0144skie. W ubieg\u0142ym roku na wniosek Rady Osiedla Ma\u015blice odby\u0142y si\u0119 dwie edycje szkolenia dla Pa\u0144, realizowanego przez Stra\u017c Miejsk\u0105 Wroc\u0142awia. By\u0142y to spotkania teoretyczne z elementami praktycznymi. Zaj\u0119cia tegoroczne b\u0119d\u0105 kontynuacj\u0105 dotychczasowych dzia\u0142a\u0144, a do wsp\u00f3lnych zaj\u0119\u0107 dla Ma\u015bliczanek do\u0142\u0105cz\u0105 mieszkanki osiedla Pracze Odrza\u0144skie. Jest to doskona\u0142y przyk\u0142ad wsp\u00f3\u0142pracy mi\u0119dzy Radami Osiedli, a Stra\u017c\u0105 Miejsk\u0105 w ramach poprawy bezpiecze\u0144stwa i integracji mieszka\u0144c\u00f3w. Spotkania odbywa\u0107 si\u0119 b\u0119d\u0105 11, 18 i 25 marca w Szkole Podstawowej przy ul. Lubelskiej.<\/span><\/p>\n<p align=\"justify\"><!--more--><\/p>\n<p align=\"justify\"><span style=\"font-family: georgia, palatino, serif; font-size: 12pt;\"> Zastrzegamy jednak, \u017ce poza dzisiejszym spotkaniem, terminy mog\u0105 ulec zmianie w zwi\u0105zku z istniej\u0105c\u0105 sytuacj\u0105 epidemiologiczn\u0105.<\/span><\/p>\n<p align=\"justify\"><span style=\"font-family: georgia, palatino, serif; font-size: 12pt;\"> Szkolenie poprowadz\u0105 do\u015bwiadczeni stra\u017cnicy &#8211; instruktorzy: <\/span><\/p>\n<p align=\"justify\"><span style=\"font-family: georgia, palatino, serif; font-size: 12pt;\"><strong>Beata Dopiera\u0142a<\/strong> \u2013 koordynacja spotka\u0144 oraz szkolenie z pierwszej pomocy, obejmuj\u0105ce podstawy prawne, wzywanie s\u0142u\u017cb, prowadzenie resuscytacji kr\u0105\u017ceniowo \u2013 oddechowej, korzystanie z defibrylatora oraz reakcj\u0119 w przypadku zakrztuszenia. <\/span><\/p>\n<p align=\"justify\"><span style=\"font-family: georgia, palatino, serif; font-size: 12pt;\"><strong>Maciej Zegan<\/strong> \u2013 instruktor taktyk i technik interwencji (prywatnie mistrz \u015bwiata w boksie), wprowadzi w tajniki zachowania si\u0119 w celu unikni\u0119cia bezpo\u015bredniego ataku, poka\u017ce kilka przydatnych reakcji, kt\u00f3re pozwol\u0105 uwolni\u0107 si\u0119 i jak najszybciej oddali\u0107 z miejsca zdarzenia.<\/span><\/p>\n<p align=\"justify\"><span style=\"font-family: georgia, palatino, serif; font-size: 12pt;\"><strong>Grzegorz Muchorowski<\/strong> \u2013 opowie jak zabezpieczy\u0107 swoje karty, pieni\u0105dze, torebki i inne warto\u015bciowe rzeczy, jakie metody s\u0105 najcz\u0119\u015bciej stosowane przez oszust\u00f3w i naci\u0105gaczy, kt\u00f3rych miejsc i sytuacji nale\u017cy unika\u0107, poruszy temat cyberprzemocy i wy\u0142udze\u0144 internetowych. <\/span><\/p>\n<p align=\"justify\"><span style=\"font-family: georgia, palatino, serif; font-size: 12pt;\"><strong>Marta Pal<\/strong> \u2013 nasza kobieta pozorant, b\u0119dzie przyjmowa\u0107 i odpiera\u0107 \u201eataki\u201d instruktora, opowie tak\u017ce o pracy stra\u017cnik\u00f3w osiedla (Nadiji Czipko i Krzysztofa Z\u0142otowskiego) na terenie Ma\u015blic i Pracz odrza\u0144skich.<\/span><\/p>\n<p align=\"justify\"><span style=\"font-family: georgia, palatino, serif; font-size: 12pt;\">Warsztaty ekologiczne go\u015bcinnie poprowadzi Pani<strong> Kornelia Cypryja\u0144ska<\/strong> \u2013 ekolandia.edu &#8211; Ekosystem <\/span><\/p>\n<p align=\"justify\"><span style=\"font-family: georgia, palatino, serif; font-size: 12pt;\">Panie nie zawiod\u0142y i licznie zg\u0142osi\u0142y ch\u0119\u0107 udzia\u0142u w zaj\u0119ciach. Grupa liczy 30 os\u00f3b, po 15 Pa\u0144 z ka\u017cdego osiedla.<\/span><\/p>\n<p style=\"text-align: center;\" align=\"justify\"><img fetchpriority=\"high\" decoding=\"async\" class=\"alignnone wp-image-10973\" src=\"https:\/\/smwroclaw.pl\/wp-content\/uploads\/2020\/03\/plakat-ro-ma\u015blice-212x300.jpg\" alt=\"\" width=\"299\" height=\"423\" srcset=\"https:\/\/smwroclaw.pl\/wp-content\/uploads\/2020\/03\/plakat-ro-ma\u015blice-212x300.jpg 212w, https:\/\/smwroclaw.pl\/wp-content\/uploads\/2020\/03\/plakat-ro-ma\u015blice.jpg 678w\" sizes=\"(max-width: 299px) 100vw, 299px\" \/><\/p>\n<p style=\"text-align: center;\" align=\"justify\"><strong><span style=\"font-family: georgia, palatino, serif; font-size: 12pt;\">Dzi\u0119kujemy za zaufanie i do zobaczenia!!!<\/span><\/strong><\/p>\n<p align=\"justify\">Zdj. Krzysztof Porawski<\/p>\n<p align=\"justify\">Plakat: Rada Osiedla Ma\u015blice<\/p>\n<p align=\"justify\">BD<\/p>\n<p align=\"justify\">\u00a0<\/p>\n","protected":false},"excerpt":{"rendered":"<p>Dzi\u015b, 11 marca startuje rozszerzona edycja kursu \u201eBezpieczna Kobieta w Mie\u015bcie\u201d, dla mieszkanek osiedli Ma\u015blice i Pracze Odrza\u0144skie. W ubieg\u0142ym roku na wniosek Rady Osiedla Ma\u015blice odby\u0142y si\u0119 dwie edycje szkolenia dla Pa\u0144, realizowanego przez Stra\u017c Miejsk\u0105 Wroc\u0142awia. By\u0142y to spotkania teoretyczne z elementami praktycznymi. Zaj\u0119cia tegoroczne b\u0119d\u0105 kontynuacj\u0105 dotychczasowych dzia\u0142a\u0144, a do wsp\u00f3lnych zaj\u0119\u0107 [&hellip;]<\/p>\n","protected":false},"author":7,"featured_media":10977,"comment_status":"closed","ping_status":"closed","sticky":false,"template":"","format":"standard","meta":{"footnotes":""},"categories":[16,33],"tags":[],"class_list":["post-10968","post","type-post","status-publish","format-standard","has-post-thumbnail","hentry","category-aktual","category-prew"],"_links":{"self":[{"href":"https:\/\/smwroclaw.pl\/index.php?rest_route=\/wp\/v2\/posts\/10968","targetHints":{"allow":["GET"]}}],"collection":[{"href":"https:\/\/smwroclaw.pl\/index.php?rest_route=\/wp\/v2\/posts"}],"about":[{"href":"https:\/\/smwroclaw.pl\/index.php?rest_route=\/wp\/v2\/types\/post"}],"author":[{"embeddable":true,"href":"https:\/\/smwroclaw.pl\/index.php?rest_route=\/wp\/v2\/users\/7"}],"replies":[{"embeddable":true,"href":"https:\/\/smwroclaw.pl\/index.php?rest_route=%2Fwp%2Fv2%2Fcomments&post=10968"}],"version-history":[{"count":3,"href":"https:\/\/smwroclaw.pl\/index.php?rest_route=\/wp\/v2\/posts\/10968\/revisions"}],"predecessor-version":[{"id":10980,"href":"https:\/\/smwroclaw.pl\/index.php?rest_route=\/wp\/v2\/posts\/10968\/revisions\/10980"}],"wp:featuredmedia":[{"embeddable":true,"href":"https:\/\/smwroclaw.pl\/index.php?rest_route=\/wp\/v2\/media\/10977"}],"wp:attachment":[{"href":"https:\/\/smwroclaw.pl\/index.php?rest_route=%2Fwp%2Fv2%2Fmedia&parent=10968"}],"wp:term":[{"taxonomy":"category","embeddable":true,"href":"https:\/\/smwroclaw.pl\/index.php?rest_route=%2Fwp%2Fv2%2Fcategories&post=10968"},{"taxonomy":"post_tag","embeddable":true,"href":"https:\/\/smwroclaw.pl\/index.php?rest_route=%2Fwp%2Fv2%2Ftags&post=10968"}],"curies":[{"name":"wp","href":"https:\/\/api.w.org\/{rel}","templated":true}]}}