{"id":11327,"date":"2020-03-25T04:50:49","date_gmt":"2020-03-25T03:50:49","guid":{"rendered":"http:\/\/smwroclaw.pl\/?p=11327"},"modified":"2020-03-30T08:45:48","modified_gmt":"2020-03-30T06:45:48","slug":"oblicza-wroclawia-historie-warto-znac","status":"publish","type":"post","link":"https:\/\/smwroclaw.pl\/?p=11327","title":{"rendered":"OBLICZA WROC\u0141AWIA \u2013 HISTORI\u0118 WARTO ZNA\u0106"},"content":{"rendered":"<p align=\"JUSTIFY\"><span style=\"font-family: georgia, palatino, serif; font-size: 12pt;\"><span style=\"color: #000000; font-size: medium;\">W dniu <\/span><strong style=\"color: #000000;\">20 marca 2020 r.<\/strong><span style=\"color: #000000; font-size: medium;\"> go\u015bciem Radia Rodzina by\u0142 nasz funkcjonariusz <strong>st. insp. Pawe\u0142 Gr\u0105bczewski.<\/strong> W czasie rozmowy Pan Pawe\u0142 &#8211;\u00a0 <strong>pasjonat i licencjonowany przewodnik miasta Wroc\u0142awia<\/strong> &#8211; zach\u0119ca\u0142 s\u0142uchaczy, aby ten szczeg\u00f3lny czas, w kt\u00f3rym powinni\u015bmy pozostawa\u0107 w domach wykorzysta\u0107 do zapoznania si\u0119 z <strong>histori\u0105 naszego miasta<\/strong>. Podkre\u015bli\u0142, jak wa\u017cne s\u0105 spotkania z lud\u017ami, dzi\u0119ki kt\u00f3rym historie rodzinne\u00a0 z czas\u00f3w wojny mog\u0105 zosta\u0107 przekazane kolejnym pokoleniom.<\/span><\/span><\/p>\n<p align=\"JUSTIFY\"><span style=\"font-family: georgia, palatino, serif;\"><!--more--><\/span><\/p>\n<p style=\"text-align: center;\" align=\"JUSTIFY\"><span style=\"font-family: georgia, palatino, serif; font-size: 12pt;\"><span style=\"color: #000000; font-size: medium;\"><strong>Dzi\u0119kujemy za zaproszenie i zapraszamy do ods\u0142uchania audycji:<\/strong> <\/span><\/span><\/p>\n<p style=\"text-align: justify;\" align=\"JUSTIFY\"><span style=\"font-family: georgia, palatino, serif; font-size: 12pt;\"><span style=\"color: #000000; font-size: medium;\"><strong>link do audycji:<\/strong> <a href=\"https:\/\/www.radiorodzina.pl\/audycje\/poznaj-wroclaw\/\">https:\/\/www.radiorodzina.pl\/audycje\/poznaj-wroclaw\/<\/a> <\/span><\/span><\/p>\n<p style=\"text-align: justify;\" align=\"JUSTIFY\"><span style=\"font-family: georgia, palatino, serif;\">Foto: <strong>Radio Rodzina<\/strong><\/span><\/p>\n<p align=\"JUSTIFY\"><span style=\"font-family: georgia, palatino, serif;\">KB<\/span><\/p>\n<p align=\"JUSTIFY\">\u00a0<\/p>\n","protected":false},"excerpt":{"rendered":"<p>W dniu 20 marca 2020 r. go\u015bciem Radia Rodzina by\u0142 nasz funkcjonariusz st. insp. Pawe\u0142 Gr\u0105bczewski. W czasie rozmowy Pan Pawe\u0142 &#8211;\u00a0 pasjonat i licencjonowany przewodnik miasta Wroc\u0142awia &#8211; zach\u0119ca\u0142 s\u0142uchaczy, aby ten szczeg\u00f3lny czas, w kt\u00f3rym powinni\u015bmy pozostawa\u0107 w domach wykorzysta\u0107 do zapoznania si\u0119 z histori\u0105 naszego miasta. Podkre\u015bli\u0142, jak wa\u017cne s\u0105 spotkania z [&hellip;]<\/p>\n","protected":false},"author":12,"featured_media":11328,"comment_status":"closed","ping_status":"closed","sticky":false,"template":"","format":"standard","meta":{"footnotes":""},"categories":[16],"tags":[],"class_list":["post-11327","post","type-post","status-publish","format-standard","has-post-thumbnail","hentry","category-aktual"],"_links":{"self":[{"href":"https:\/\/smwroclaw.pl\/index.php?rest_route=\/wp\/v2\/posts\/11327","targetHints":{"allow":["GET"]}}],"collection":[{"href":"https:\/\/smwroclaw.pl\/index.php?rest_route=\/wp\/v2\/posts"}],"about":[{"href":"https:\/\/smwroclaw.pl\/index.php?rest_route=\/wp\/v2\/types\/post"}],"author":[{"embeddable":true,"href":"https:\/\/smwroclaw.pl\/index.php?rest_route=\/wp\/v2\/users\/12"}],"replies":[{"embeddable":true,"href":"https:\/\/smwroclaw.pl\/index.php?rest_route=%2Fwp%2Fv2%2Fcomments&post=11327"}],"version-history":[{"count":17,"href":"https:\/\/smwroclaw.pl\/index.php?rest_route=\/wp\/v2\/posts\/11327\/revisions"}],"predecessor-version":[{"id":11443,"href":"https:\/\/smwroclaw.pl\/index.php?rest_route=\/wp\/v2\/posts\/11327\/revisions\/11443"}],"wp:featuredmedia":[{"embeddable":true,"href":"https:\/\/smwroclaw.pl\/index.php?rest_route=\/wp\/v2\/media\/11328"}],"wp:attachment":[{"href":"https:\/\/smwroclaw.pl\/index.php?rest_route=%2Fwp%2Fv2%2Fmedia&parent=11327"}],"wp:term":[{"taxonomy":"category","embeddable":true,"href":"https:\/\/smwroclaw.pl\/index.php?rest_route=%2Fwp%2Fv2%2Fcategories&post=11327"},{"taxonomy":"post_tag","embeddable":true,"href":"https:\/\/smwroclaw.pl\/index.php?rest_route=%2Fwp%2Fv2%2Ftags&post=11327"}],"curies":[{"name":"wp","href":"https:\/\/api.w.org\/{rel}","templated":true}]}}