{"id":11411,"date":"2020-03-27T10:17:20","date_gmt":"2020-03-27T09:17:20","guid":{"rendered":"http:\/\/smwroclaw.pl\/?p=11411"},"modified":"2020-03-27T10:17:20","modified_gmt":"2020-03-27T09:17:20","slug":"straz-miejska-w-dzialaniu-kontrole-jednego-z-patroli-26-03-2020-r-zdjecia","status":"publish","type":"post","link":"https:\/\/smwroclaw.pl\/?p=11411","title":{"rendered":"STRA\u017b MIEJSKA W DZIA\u0141ANIU &#8211; kontrole jednego z patroli 26.03.2020 r. (zdj\u0119cia)"},"content":{"rendered":"<p style=\"text-align: justify;\"><strong><span style=\"font-family: georgia, palatino, serif; font-size: 12pt;\">Stra\u017cnicy miejscy prowadz\u0105 kontrole miejsc gdzie wg. zg\u0142osze\u0144 gromadz\u0105 si\u0119 ludzie (dzieci, m\u0142odzie\u017c, doro\u015bli) bez zachowania \u015brodk\u00f3w ostro\u017cno\u015bci zwi\u0105zanych z epidemi\u0105:<\/span><\/strong><\/p>\n<p>&nbsp;<\/p>\n<p>&nbsp;<\/p>\n<p>&nbsp;<\/p>\n<p>\n<span style=\"font-family: georgia, palatino, serif; font-size: 12pt;\"><span class=\"_5mfr\"><span class=\"_6qdm\">\ud83d\udc49 <\/span><\/span>Plac zabaw ul. Jemio\u0142owa<\/span><br \/>\n<span style=\"font-family: georgia, palatino, serif; font-size: 12pt;\"><span class=\"_5mfr\"><span class=\"_6qdm\">\ud83d\udc49 <\/span><\/span>Przedszkole na ul. \u0141\u0105czno\u015bci<span class=\"text_exposed_show\"><br \/>\n<span class=\"_5mfr\"><span class=\"_6qdm\">\ud83d\udc49 <\/span><\/span>LO nr VIII<br \/>\n<span class=\"_5mfr\"><span class=\"_6qdm\">\ud83d\udc49 <\/span><\/span>Skwer na rondzie Powsta\u0144c\u00f3w \u015al\u0105skich<br \/>\n<span class=\"_5mfr\"><span class=\"_6qdm\">\ud83d\udc49 <\/span><\/span>Arkady Wroc\u0142awskie<br \/>\n<span class=\"_5mfr\"><span class=\"_6qdm\">\ud83d\udc49 <\/span><\/span>Galeria Wroclavia<br \/>\n<span class=\"_5mfr\"><span class=\"_6qdm\">\ud83d\udc49 <\/span><\/span>Okolice Dworca PKP<br \/>\n<span class=\"_5mfr\"><span class=\"_6qdm\">\ud83d\udc49 <\/span><\/span>plac zabaw ul. Dyrekcyjna<br \/>\n<span class=\"_5mfr\"><span class=\"_6qdm\">\ud83d\udc49 <\/span><\/span>Technikum nr 2 ul. Borowska<br \/>\n<span class=\"_5mfr\"><span class=\"_6qdm\">\ud83d\udc49 <\/span><\/span>Wzg\u00f3rze Andersa<br \/>\n<span class=\"_5mfr\"><span class=\"_6qdm\">\ud83d\udc49 <\/span><\/span>plac zabaw ul.Wielka\/ Powsta\u0144c\u00f3w \u015al\u0105skich<br \/>\n<span class=\"_5mfr\"><span class=\"_6qdm\">\ud83d\udc49<\/span><\/span> Przedszkole nr 91 ul.Zaporoska<\/span><\/span><\/p>\n<p><!--more--><\/p>\n<p>&nbsp;<\/p>\n<p><img fetchpriority=\"high\" decoding=\"async\" class=\" wp-image-11416 aligncenter\" src=\"https:\/\/smwroclaw.pl\/wp-content\/uploads\/2020\/03\/90633581_212566739997834_6157819333830508544_n.jpg\" alt=\"\" width=\"597\" height=\"449\" srcset=\"https:\/\/smwroclaw.pl\/wp-content\/uploads\/2020\/03\/90633581_212566739997834_6157819333830508544_n.jpg 960w, https:\/\/smwroclaw.pl\/wp-content\/uploads\/2020\/03\/90633581_212566739997834_6157819333830508544_n-300x225.jpg 300w, https:\/\/smwroclaw.pl\/wp-content\/uploads\/2020\/03\/90633581_212566739997834_6157819333830508544_n-768x577.jpg 768w\" sizes=\"(max-width: 597px) 100vw, 597px\" \/><\/p>\n<p><img decoding=\"async\" class=\" wp-image-11417 aligncenter\" src=\"https:\/\/smwroclaw.pl\/wp-content\/uploads\/2020\/03\/90654557_212566863331155_1128315611198259200_n.jpg\" alt=\"\" width=\"590\" height=\"443\" srcset=\"https:\/\/smwroclaw.pl\/wp-content\/uploads\/2020\/03\/90654557_212566863331155_1128315611198259200_n.jpg 960w, https:\/\/smwroclaw.pl\/wp-content\/uploads\/2020\/03\/90654557_212566863331155_1128315611198259200_n-300x225.jpg 300w, https:\/\/smwroclaw.pl\/wp-content\/uploads\/2020\/03\/90654557_212566863331155_1128315611198259200_n-768x577.jpg 768w\" sizes=\"(max-width: 590px) 100vw, 590px\" \/><\/p>\n<p><img decoding=\"async\" class=\" wp-image-11418 aligncenter\" src=\"https:\/\/smwroclaw.pl\/wp-content\/uploads\/2020\/03\/90750715_212567079997800_3384722275524673536_n.jpg\" alt=\"\" width=\"596\" height=\"448\" srcset=\"https:\/\/smwroclaw.pl\/wp-content\/uploads\/2020\/03\/90750715_212567079997800_3384722275524673536_n.jpg 960w, https:\/\/smwroclaw.pl\/wp-content\/uploads\/2020\/03\/90750715_212567079997800_3384722275524673536_n-300x225.jpg 300w, https:\/\/smwroclaw.pl\/wp-content\/uploads\/2020\/03\/90750715_212567079997800_3384722275524673536_n-768x577.jpg 768w\" sizes=\"(max-width: 596px) 100vw, 596px\" \/><\/p>\n<p><img loading=\"lazy\" decoding=\"async\" class=\" wp-image-11419 aligncenter\" src=\"https:\/\/smwroclaw.pl\/wp-content\/uploads\/2020\/03\/90795624_212566776664497_5260457346932408320_n.jpg\" alt=\"\" width=\"607\" height=\"456\" srcset=\"https:\/\/smwroclaw.pl\/wp-content\/uploads\/2020\/03\/90795624_212566776664497_5260457346932408320_n.jpg 960w, https:\/\/smwroclaw.pl\/wp-content\/uploads\/2020\/03\/90795624_212566776664497_5260457346932408320_n-300x225.jpg 300w, https:\/\/smwroclaw.pl\/wp-content\/uploads\/2020\/03\/90795624_212566776664497_5260457346932408320_n-768x577.jpg 768w\" sizes=\"(max-width: 607px) 100vw, 607px\" \/><\/p>\n<p><img loading=\"lazy\" decoding=\"async\" class=\" wp-image-11420 aligncenter\" src=\"https:\/\/smwroclaw.pl\/wp-content\/uploads\/2020\/03\/91089202_212567139997794_3223349629680615424_n.jpg\" alt=\"\" width=\"608\" height=\"457\" srcset=\"https:\/\/smwroclaw.pl\/wp-content\/uploads\/2020\/03\/91089202_212567139997794_3223349629680615424_n.jpg 960w, https:\/\/smwroclaw.pl\/wp-content\/uploads\/2020\/03\/91089202_212567139997794_3223349629680615424_n-300x225.jpg 300w, https:\/\/smwroclaw.pl\/wp-content\/uploads\/2020\/03\/91089202_212567139997794_3223349629680615424_n-768x577.jpg 768w\" sizes=\"(max-width: 608px) 100vw, 608px\" \/><\/p>\n<p>wf<\/p>\n","protected":false},"excerpt":{"rendered":"<p>Stra\u017cnicy miejscy prowadz\u0105 kontrole miejsc gdzie wg. zg\u0142osze\u0144 gromadz\u0105 si\u0119 ludzie (dzieci, m\u0142odzie\u017c, doro\u015bli) bez zachowania \u015brodk\u00f3w ostro\u017cno\u015bci zwi\u0105zanych z epidemi\u0105: &nbsp; &nbsp; &nbsp; \ud83d\udc49 Plac zabaw ul. Jemio\u0142owa \ud83d\udc49 Przedszkole na ul. \u0141\u0105czno\u015bci \ud83d\udc49 LO nr VIII \ud83d\udc49 Skwer na rondzie Powsta\u0144c\u00f3w \u015al\u0105skich \ud83d\udc49 Arkady Wroc\u0142awskie \ud83d\udc49 Galeria Wroclavia \ud83d\udc49 Okolice Dworca PKP \ud83d\udc49 [&hellip;]<\/p>\n","protected":false},"author":4,"featured_media":11281,"comment_status":"closed","ping_status":"closed","sticky":false,"template":"","format":"standard","meta":{"footnotes":""},"categories":[16],"tags":[],"class_list":["post-11411","post","type-post","status-publish","format-standard","has-post-thumbnail","hentry","category-aktual"],"_links":{"self":[{"href":"https:\/\/smwroclaw.pl\/index.php?rest_route=\/wp\/v2\/posts\/11411","targetHints":{"allow":["GET"]}}],"collection":[{"href":"https:\/\/smwroclaw.pl\/index.php?rest_route=\/wp\/v2\/posts"}],"about":[{"href":"https:\/\/smwroclaw.pl\/index.php?rest_route=\/wp\/v2\/types\/post"}],"author":[{"embeddable":true,"href":"https:\/\/smwroclaw.pl\/index.php?rest_route=\/wp\/v2\/users\/4"}],"replies":[{"embeddable":true,"href":"https:\/\/smwroclaw.pl\/index.php?rest_route=%2Fwp%2Fv2%2Fcomments&post=11411"}],"version-history":[{"count":5,"href":"https:\/\/smwroclaw.pl\/index.php?rest_route=\/wp\/v2\/posts\/11411\/revisions"}],"predecessor-version":[{"id":11421,"href":"https:\/\/smwroclaw.pl\/index.php?rest_route=\/wp\/v2\/posts\/11411\/revisions\/11421"}],"wp:featuredmedia":[{"embeddable":true,"href":"https:\/\/smwroclaw.pl\/index.php?rest_route=\/wp\/v2\/media\/11281"}],"wp:attachment":[{"href":"https:\/\/smwroclaw.pl\/index.php?rest_route=%2Fwp%2Fv2%2Fmedia&parent=11411"}],"wp:term":[{"taxonomy":"category","embeddable":true,"href":"https:\/\/smwroclaw.pl\/index.php?rest_route=%2Fwp%2Fv2%2Fcategories&post=11411"},{"taxonomy":"post_tag","embeddable":true,"href":"https:\/\/smwroclaw.pl\/index.php?rest_route=%2Fwp%2Fv2%2Ftags&post=11411"}],"curies":[{"name":"wp","href":"https:\/\/api.w.org\/{rel}","templated":true}]}}