{"id":11481,"date":"2020-04-01T07:04:21","date_gmt":"2020-04-01T05:04:21","guid":{"rendered":"http:\/\/smwroclaw.pl\/?p=11481"},"modified":"2020-04-01T07:16:10","modified_gmt":"2020-04-01T05:16:10","slug":"rozporzadzenie-rady-ministrow-z-dnia-31-marca-2020-r-w-sprawie-ustanowienia-okreslonych-ograniczen-nakazow-i-zakazow-w-zwiazku-z-wystapieniem-stanu-epidemii-czytaj-dalej","status":"publish","type":"post","link":"https:\/\/smwroclaw.pl\/?p=11481","title":{"rendered":"ROZPORZ\u0104DZENIE RADY MINISTR\u00d3W z dnia 31 marca 2020 r. w sprawie ustanowienia okre\u015blonych ogranicze\u0144, nakaz\u00f3w i zakaz\u00f3w w zwi\u0105zku z wyst\u0105pieniem stanu epidemii (czytaj dalej)"},"content":{"rendered":"<p style=\"text-align: justify;\"><span style=\"font-size: 14pt;\"><strong><span style=\"font-family: georgia, palatino, serif;\">Kolejne kroki w walce z koronawirusem \u2013 w sklepie mniej os\u00f3b, ograniczenia w poruszaniu nieletnich, a parki, pla\u017ce i bulwary zamkni\u0119te<\/span><\/strong><\/span><\/p>\n<p><strong><span style=\"font-family: georgia, palatino, serif; font-size: 12pt;\">TEKST ROZPORZ\u0104DZENIA RADY MINISTR\u00d3W:<\/span><span style=\"font-size: 12pt;\"><a href=\"http:\/\/dziennikustaw.gov.pl\/DU\/2020\/566\"> http:\/\/dziennikustaw.gov.pl\/DU\/2020\/566<\/a><\/span><\/strong><\/p>\n<p>&nbsp;<\/p>\n<p style=\"text-align: justify;\"><span style=\"font-family: georgia, palatino, serif; font-size: 12pt;\"><strong>Ograniczenia w liczbie klient\u00f3w w sklepach, na targach, na poczcie (od 1.04.2020 r.)<\/strong><\/span><\/p>\n<ul style=\"text-align: justify;\">\n<li><span style=\"font-family: georgia, palatino, serif; font-size: 12pt;\"><strong>Sklepy i punkty us\u0142ugowe \u2013 3 osoby na kas\u0119 lub stanowisko do p\u0142acenia<\/strong><\/span><\/li>\n<\/ul>\n<p style=\"text-align: justify;\"><span style=\"font-family: georgia, palatino, serif; font-size: 12pt;\">Do ka\u017cdego sklepu (zar\u00f3wno ma\u0142ego, jak i wielkopowierzchniowego), a tak\u017ce do ka\u017cdego lokalu us\u0142ugowego mo\u017ce wej\u015b\u0107 maksymalnie tyle os\u00f3b, ile wynosi iloczyn liczby wszystkich kas i liczby 3.<\/span><\/p>\n<p style=\"text-align: justify;\"><span style=\"font-family: georgia, palatino, serif; font-size: 12pt;\"><strong>PRZYK\u0141AD<\/strong> To znaczy, \u017ce je\u015bli w sklepie jest 5 kas, to w jednym momencie na terenie sklepu mo\u017ce przebywa\u0107 15 klient\u00f3w.<\/span><\/p>\n<p style=\"text-align: justify;\"><span style=\"font-family: georgia, palatino, serif; font-size: 12pt;\"><strong>PRZYK\u0141AD <\/strong>Je\u015bli w banku s\u0105 3 stanowiska obs\u0142ugi, to w jednym momencie na terenie banku mo\u017ce przebywa\u0107 9 os\u00f3b.<\/span><\/p>\n<p style=\"text-align: justify;\"><span style=\"font-family: georgia, palatino, serif; font-size: 12pt;\">Wa\u017cne! Liczy si\u0119 og\u00f3lna liczba kas, a nie tych, kt\u00f3re s\u0105 czynne.<\/span><\/p>\n<p><!--more--><\/p>\n<ul style=\"text-align: justify;\">\n<li><span style=\"font-family: georgia, palatino, serif; font-size: 12pt;\"><strong>Targowisko \u2013 3 klient\u00f3w na 1 punkt handlowy<\/strong><\/span><\/li>\n<\/ul>\n<p style=\"text-align: justify;\"><span style=\"font-family: georgia, palatino, serif; font-size: 12pt;\">Podobne zaostrzenia dotkn\u0105 tak\u017ce targ\u00f3w, stragan\u00f3w i bazark\u00f3w. Z t\u0105 r\u00f3\u017cnic\u0105, \u017ce liczba os\u00f3b przebywaj\u0105cych na targu nie mo\u017ce by\u0107 wi\u0119ksza ni\u017c trzykrotno\u015b\u0107 liczby punkt\u00f3w handlowych.<\/span><\/p>\n<p style=\"text-align: justify;\"><span style=\"font-family: georgia, palatino, serif; font-size: 12pt;\"><strong>PRZYK\u0141AD<\/strong> Je\u015bli wi\u0119c na osiedlowym bazarze jest 20 takich punkt\u00f3w, to na jego terenie mo\u017ce przebywa\u0107 w jednym momencie maksymalnie 60 klient\u00f3w.<\/span><\/p>\n<ul style=\"text-align: justify;\">\n<li><span style=\"font-family: georgia, palatino, serif; font-size: 12pt;\"><strong>Plac\u00f3wki pocztowe \u2013 2 osoby na 1 okienko pocztowe<\/strong><\/span><\/li>\n<\/ul>\n<p style=\"text-align: justify;\"><span style=\"font-family: georgia, palatino, serif; font-size: 12pt;\">Na terenie poczty mo\u017ce przebywa\u0107 w jednym momencie tyle os\u00f3b, ile wynosi liczba okienek pocztowych pomno\u017cona przez 2.<\/span><\/p>\n<p style=\"text-align: justify;\"><span style=\"font-family: georgia, palatino, serif; font-size: 12pt;\"><strong>PRZYK\u0141AD<\/strong> Je\u015bli w plac\u00f3wce jest 5 okienek, w\u00f3wczas w jednym momencie na jej terenie mo\u017ce przebywa\u0107 10 os\u00f3b.<\/span><\/p>\n<p style=\"text-align: justify;\"><span style=\"font-family: georgia, palatino, serif; font-size: 12pt;\"><strong>Ograniczenie funkcjonowania sklep\u00f3w budowlanych i nowe obowi\u0105zki dla wszystkich sklep\u00f3w<\/strong><\/span><\/p>\n<p style=\"text-align: justify;\"><span style=\"font-family: georgia, palatino, serif; font-size: 12pt;\">W weekendy wielkopowierzchniowe sklepy budowlane b\u0119d\u0105 zamkni\u0119te.<\/span><\/p>\n<p style=\"text-align: justify;\"><span style=\"font-family: georgia, palatino, serif; font-size: 12pt;\">Natomiast wszystkie sklepy b\u0119d\u0105 si\u0119 musia\u0142y dostosowa\u0107 do nowych, ostrzejszych zasad bezpiecze\u0144stwa:<\/span><\/p>\n<ul style=\"text-align: justify;\">\n<li><span style=\"font-family: georgia, palatino, serif; font-size: 12pt;\">od 2 kwietnia (czwartek) wszyscy klienci b\u0119d\u0105 robi\u0107 zakupy w jednorazowych r\u0119kawiczkach,<\/span><\/li>\n<li><span style=\"font-family: georgia, palatino, serif; font-size: 12pt;\">w godzinach od 10:00 do 12:00 sklepy i punkty us\u0142ugowe mog\u0105 przyjmowa\u0107 i obs\u0142ugiwa\u0107 jedynie osoby powy\u017cej 65 roku \u017cycia.\u00a0 W pozosta\u0142ych godzinach sklepy i lokale us\u0142ugowe s\u0105 dost\u0119pne dla wszystkich. W tym dla os\u00f3b powy\u017cej 65. roku \u017cycia.<\/span><\/li>\n<\/ul>\n<p style=\"text-align: justify;\"><span style=\"font-family: georgia, palatino, serif; font-size: 12pt;\"><strong>Zamkni\u0119te hotele i inne miejsca noclegowe<\/strong><\/span><\/p>\n<p style=\"text-align: justify;\"><span style=\"font-family: georgia, palatino, serif; font-size: 12pt;\">Hotele i inne miejsca noclegowe (dzia\u0142aj\u0105ce na zasadzie wynajmu kr\u00f3tkoterminowego) zostaj\u0105 zamkni\u0119te. Mog\u0105 one funkcjonowa\u0107 tylko i wy\u0142\u0105cznie wtedy, gdy przebywaj\u0105 w nich osoby w kwarantannie lub izolacji, a tak\u017ce gdy przebywa w nich personel medyczny.<\/span><\/p>\n<p style=\"text-align: justify;\"><span style=\"font-family: georgia, palatino, serif; font-size: 12pt;\">Wa\u017cne! Go\u015bcie, kt\u00f3rzy przebywaj\u0105 w tych obiektach w momencie wej\u015bcia w \u017cycie nowych przepis\u00f3w, musz\u0105 si\u0119 wykwaterowa\u0107 do czwartku, 2 kwietnia 2020 roku.<\/span><\/p>\n<p style=\"text-align: justify;\"><span style=\"font-family: georgia, palatino, serif; font-size: 12pt;\">Nie dotyczy to jednak os\u00f3b, kt\u00f3re s\u0105 w delegacji i korzystaj\u0105 z us\u0142ug noclegowych w ramach wykonywania obowi\u0105zk\u00f3w s\u0142u\u017cbowych. Dla tych os\u00f3b hotele pozostaj\u0105 otwarte.<\/span><\/p>\n<p style=\"text-align: justify;\"><span style=\"font-family: georgia, palatino, serif; font-size: 12pt;\"><strong>Automatyczna kwarantanna dla bliskich os\u00f3b w kwarantannie (1.04.2020 r.)<\/strong><\/span><\/p>\n<p style=\"text-align: justify;\"><span style=\"font-family: georgia, palatino, serif; font-size: 12pt;\">Rozszerzamy list\u0119 os\u00f3b, kt\u00f3ra b\u0119dzie podlega\u0142a obowi\u0105zkowej kwarantannie domowej. B\u0119d\u0105 ni\u0105 obj\u0119ci wszyscy, kt\u00f3rzy mieszkaj\u0105 z osob\u0105 kierowan\u0105 na kwarantann\u0119. Zasady b\u0119d\u0105 obowi\u0105zywa\u0142y osoby, kt\u00f3re przebywaj\u0105 w jednym mieszkaniu z osobami kierowanymi na kwarantann\u0119 od \u015brody 1 kwietnia 2020.<\/span><\/p>\n<p style=\"text-align: justify;\"><span style=\"font-family: georgia, palatino, serif; font-size: 12pt;\"><strong>PRZYK\u0141AD<\/strong> Je\u015bli wi\u0119c jeden z Twoich domownik\u00f3w (wsp\u00f3\u0142lokator\u00f3w) poddany zostanie kwarantannie od 1 kwietnia 2020 z powodu:<\/span><\/p>\n<ul style=\"text-align: justify;\">\n<li><span style=\"font-family: georgia, palatino, serif; font-size: 12pt;\">powrotu z zagranicy<\/span><\/li>\n<li><span style=\"font-family: georgia, palatino, serif; font-size: 12pt;\">kontaktu z zara\u017conym<\/span><\/li>\n<\/ul>\n<p style=\"text-align: justify;\"><span style=\"font-family: georgia, palatino, serif; font-size: 12pt;\">\u2013 Ty r\u00f3wnie\u017c b\u0119dziesz musia\u0142 j\u0105 odby\u0107.<\/span><\/p>\n<p style=\"text-align: justify;\"><span style=\"font-family: georgia, palatino, serif; font-size: 12pt;\"><strong>Zawieszenie rehabilitacji i zamkni\u0119cie salon\u00f3w kosmetycznych i fryzjerskich <\/strong><\/span><\/p>\n<p style=\"text-align: justify;\"><span style=\"font-family: georgia, palatino, serif; font-size: 12pt;\">Zamkni\u0119te zostaj\u0105 bez wyj\u0105tk\u00f3w wszystkie zak\u0142ady fryzjerskie, kosmetyczne, salony tatua\u017cu i piercingu. Tych us\u0142ug nie b\u0119dzie mo\u017cna realizowa\u0107 r\u00f3wnie\u017c poza salonami \u2013 np. wizyty w domach nie wchodz\u0105 w gr\u0119.<\/span><\/p>\n<p style=\"text-align: justify;\"><span style=\"font-family: georgia, palatino, serif; font-size: 12pt;\">Zawieszamy r\u00f3wnie\u017c wykonywanie zabieg\u00f3w rehabilitacyjnych i masa\u017cy \u2013 zar\u00f3wno w plac\u00f3wkach publicznych, jak i prywatnych. Wyj\u0105tkiem s\u0105 sytuacje, w kt\u00f3rych rehabilitacja jest bezwzgl\u0119dnie wymagana stanem zdrowia pacjenta.<\/span><\/p>\n<p style=\"text-align: justify;\"><span style=\"font-family: georgia, palatino, serif; font-size: 12pt;\"><strong>Zakaz wychodzenia z domu os\u00f3b do 18. roku \u017cycia bez opieki doros\u0142ego<\/strong><\/span><\/p>\n<p style=\"text-align: justify;\"><span style=\"font-family: georgia, palatino, serif; font-size: 12pt;\">Dzieci i m\u0142odzie\u017c, kt\u00f3re nie uko\u0144czy\u0142y 18 roku \u017cycia, nie b\u0119d\u0105 mog\u0142y wyj\u015b\u0107 z domu bez opieki. Tylko obecno\u015b\u0107 rodzica, opiekuna prawnego lub kogo\u015b doros\u0142ego usprawiedliwia ich obecno\u015b\u0107 na ulicy.<\/span><\/p>\n<p style=\"text-align: justify;\"><span style=\"font-family: georgia, palatino, serif; font-size: 12pt;\">W mocy nadal jednak pozostaj\u0105 ograniczenia w przemieszczaniu si\u0119 wszystkich os\u00f3b. W dalszym ci\u0105gu nie mo\u017cna wychodzi\u0107 z domu z wyj\u0105tkiem:<\/span><\/p>\n<ul style=\"text-align: justify;\">\n<li><span style=\"font-family: georgia, palatino, serif; font-size: 12pt;\"><strong>dojazdu do pracy<\/strong>. Je\u015bli jeste\u015b pracownikiem, prowadzisz swoj\u0105 firm\u0119, czy gospodarstwo rolne, masz prawo dojecha\u0107 do swojej pracy. Masz r\u00f3wnie\u017c prawo uda\u0107 si\u0119 po zakup towar\u00f3w i us\u0142ug zwi\u0105zanych ze swoj\u0105 zawodow\u0105 dzia\u0142alno\u015bci\u0105.<\/span><\/li>\n<li><span style=\"font-family: georgia, palatino, serif; font-size: 12pt;\"><strong>wolontariatu na rzecz walki z COVID-19. <\/strong>Je\u015bli dzia\u0142asz na rzecz walki z koronawirusem i pomagasz potrzebuj\u0105cym przebywaj\u0105cym na kwarantannie lub osobom, kt\u00f3re nie powinny wychodzi\u0107 z domu, mo\u017cesz si\u0119 przemieszcza\u0107 w ramach tej dzia\u0142alno\u015bci.<\/span><\/li>\n<li><span style=\"font-family: georgia, palatino, serif; font-size: 12pt;\"><strong>za\u0142atwiania spraw niezb\u0119dnych do \u017cycia codziennego. <\/strong>B\u0119dziesz m\u00f3g\u0142 si\u0119 przemieszcza\u0107, aby zrobi\u0107 niezb\u0119dne zakupy, wykupi\u0107 lekarstwa, uda\u0107 si\u0119 do lekarza, opiekowa\u0107 si\u0119 bliskimi, wyprowadzi\u0107 psa.<\/span><\/li>\n<\/ul>\n<p style=\"text-align: justify;\"><span style=\"font-family: georgia, palatino, serif; font-size: 12pt;\"><strong>Zakaz korzystania z park\u00f3w, pla\u017c, bulwar\u00f3w, promenad i rower\u00f3w miejskich<\/strong><\/span><\/p>\n<p style=\"text-align: justify;\"><span style=\"font-family: georgia, palatino, serif; font-size: 12pt;\">Wprowadzamy tak\u017ce do odwo\u0142ania zakaz przebywania na pla\u017cach i terenach zielonych, pe\u0142ni\u0105cych funkcje publiczne. Zakaz dotyczy wi\u0119c park\u00f3w, ziele\u0144c\u00f3w, promenad, bulwar\u00f3w, ogrod\u00f3w botanicznych i zoologicznych, czy ogr\u00f3dk\u00f3w jordanowskich. Ostatnie do\u015bwiadczenia pokazuj\u0105, \u017ce s\u0105 to miejsca, w kt\u00f3rych dochodzi do gromadzenia si\u0119 ludzi, a tym samym \u2013 do zwi\u0119kszenia szans na zaka\u017cenie.<\/span><\/p>\n<p style=\"text-align: justify;\"><span style=\"font-family: georgia, palatino, serif; font-size: 12pt;\">Z tego te\u017c powodu ograniczamy mo\u017cliwo\u015b\u0107 korzystania z rower\u00f3w miejskich.<\/span><\/p>\n<p style=\"text-align: justify;\"><span style=\"font-family: georgia, palatino, serif; font-size: 12pt;\"><strong>2 metry \u2013 minimalna odleg\u0142o\u015b\u0107 mi\u0119dzy pieszymi<\/strong><\/span><\/p>\n<p style=\"text-align: justify;\"><span style=\"font-family: georgia, palatino, serif; font-size: 12pt;\">Wprowadzamy obowi\u0105zek utrzymania co najmniej 2-metrowej odleg\u0142o\u015bci mi\u0119dzy pieszymi. Dotyczy to tak\u017ce rodzin i bliskich.<\/span><\/p>\n<p style=\"text-align: justify;\"><span style=\"font-family: georgia, palatino, serif; font-size: 12pt;\">Wy\u0142\u0105czeni z tego obowi\u0105zku b\u0119d\u0105:<\/span><\/p>\n<ul style=\"text-align: justify;\">\n<li><span style=\"font-family: georgia, palatino, serif; font-size: 12pt;\">rodzice z dzie\u0107mi wymagaj\u0105cymi opieki (do 13 roku \u017cycia),<\/span><\/li>\n<li><span style=\"font-family: georgia, palatino, serif; font-size: 12pt;\">a tak\u017ce osoby niepe\u0142nosprawne lub niemog\u0105ce si\u0119 samodzielnie porusza\u0107 i ich opiekunowie.\u00a0<\/span><\/li>\n<\/ul>\n<p style=\"text-align: justify;\"><span style=\"font-family: georgia, palatino, serif; font-size: 12pt;\"><strong>Urz\u0119dy na pracy zdalnej<\/strong><\/span><\/p>\n<p style=\"text-align: justify;\"><span style=\"font-family: georgia, palatino, serif; font-size: 12pt;\">Instytucje publiczne swoje obowi\u0105zki b\u0119d\u0105 wykonywa\u0142y zdalnie. Wyj\u0105tek mog\u0105 stanowi\u0107 jedynie czynno\u015bci, w kt\u00f3rych praca zdalna nie gwarantuje mo\u017cliwo\u015bci realizacji ich kluczowych obowi\u0105zk\u00f3w.<\/span><\/p>\n<p style=\"text-align: justify;\"><span style=\"font-family: georgia, palatino, serif; font-size: 12pt;\"><strong>Limit pasa\u017cer\u00f3w r\u00f3wnie\u017c w pojazdach 9+ (od 2.04.2020 r.)<\/strong><\/span><\/p>\n<p style=\"text-align: justify;\"><span style=\"font-family: georgia, palatino, serif; font-size: 12pt;\">W zbiorowym transporcie publicznym obowi\u0105zuje ju\u017c zasada \u201etyle pasa\u017cer\u00f3w, ile po\u0142owa miejsc siedz\u0105cych w poje\u017adzie\u201d. Rozszerzamy ten wym\u00f3g tak\u017ce na pojazdy, kt\u00f3re maj\u0105 wi\u0119cej ni\u017c 9 miejsc siedz\u0105cych, w tym transport niepubliczny \u2013 np. dowo\u017c\u0105cych do pracy w zorganizowany spos\u00f3b, czy prywatnych przewo\u017anik\u00f3w.<\/span><\/p>\n<p style=\"text-align: justify;\"><span style=\"font-family: georgia, palatino, serif; font-size: 12pt;\"><strong>PRZYK\u0141AD <\/strong>Je\u015bli w busie jest 20 miejsc, to na pok\u0142ad pojazdu mo\u017ce jednorazowo wej\u015b\u0107 maksymalnie 10 os\u00f3b.<\/span><\/p>\n<p style=\"text-align: justify;\"><span style=\"font-family: georgia, palatino, serif; font-size: 12pt;\">Wa\u017cne! Ograniczenie wejdzie w \u017cycie w czwartek, 2 kwietnia 2020 roku i nie dotyczy samochod\u00f3w osobowych.<\/span><\/p>\n<p style=\"text-align: justify;\"><span style=\"font-family: georgia, palatino, serif; font-size: 12pt;\"><strong>Miejsca pracy \u2013 dodatkowe zabezpieczenia dla pracownik\u00f3w (od 2.04.2020 r.)<\/strong><\/span><\/p>\n<p style=\"text-align: justify;\"><span style=\"font-family: georgia, palatino, serif; font-size: 12pt;\">Pracodawcy b\u0119d\u0105 musieli zapewni\u0107 dodatkowe \u015brodki bezpiecze\u0144stwa swoim pracownikom. I tak:<\/span><\/p>\n<ul style=\"text-align: justify;\">\n<li><span style=\"font-family: georgia, palatino, serif; font-size: 12pt;\">stanowiska pracy poszczeg\u00f3lnych os\u00f3b musz\u0105 by\u0107 oddalone od siebie o co najmniej 1,5 metra.<\/span><\/li>\n<li><span style=\"font-family: georgia, palatino, serif; font-size: 12pt;\">pracownicy maj\u0105 obowi\u0105zek u\u017cywania r\u0119kawiczek lub musz\u0105 mie\u0107 dost\u0119p do p\u0142yn\u00f3w dezynfekuj\u0105cych.<\/span><\/li>\n<\/ul>\n<p style=\"text-align: justify;\"><span style=\"font-family: georgia, palatino, serif; font-size: 12pt;\">Wa\u017cne! Pracodawca musi zapewni\u0107 te \u015brodki bezpiecze\u0144stwa od czwartku, 2 kwietnia 2020 roku.<\/span><\/p>\n<p><span style=\"font-family: georgia, palatino, serif; font-size: 12pt;\"><strong>\u017ar\u00f3d\u0142o informacji<\/strong>:<\/span><strong><a href=\"https:\/\/www.gov.pl\/web\/koronawirus\/kolejne-kroki?fbclid=IwAR3hTQsJiGpNwvivbsQyd5ezHXlc9I6TRWuUkWwVY97mkLK5RTllzWE5mMM\"> https:\/\/www.gov.pl\/web\/koronawirus\/kolejne-kroki?fbclid=IwAR3hTQsJiGpNwvivbsQyd5ezHXlc9I6TRWuUkWwVY97mkLK5RTllzWE5mMM<\/a><\/strong><\/p>\n<p><span style=\"font-family: georgia, palatino, serif; font-size: 12pt;\"><strong>tekst Rozporz\u0105dzenia:<a href=\"http:\/\/dziennikustaw.gov.pl\/DU\/2020\/566\"> http:\/\/dziennikustaw.gov.pl\/DU\/2020\/566<\/a><\/strong> <\/span><\/p>\n","protected":false},"excerpt":{"rendered":"<p>Kolejne kroki w walce z koronawirusem \u2013 w sklepie mniej os\u00f3b, ograniczenia w poruszaniu nieletnich, a parki, pla\u017ce i bulwary zamkni\u0119te TEKST ROZPORZ\u0104DZENIA RADY MINISTR\u00d3W: http:\/\/dziennikustaw.gov.pl\/DU\/2020\/566 &nbsp; Ograniczenia w liczbie klient\u00f3w w sklepach, na targach, na poczcie (od 1.04.2020 r.) Sklepy i punkty us\u0142ugowe \u2013 3 osoby na kas\u0119 lub stanowisko do p\u0142acenia Do ka\u017cdego [&hellip;]<\/p>\n","protected":false},"author":4,"featured_media":11080,"comment_status":"closed","ping_status":"closed","sticky":false,"template":"","format":"standard","meta":{"footnotes":""},"categories":[16],"tags":[],"class_list":["post-11481","post","type-post","status-publish","format-standard","has-post-thumbnail","hentry","category-aktual"],"_links":{"self":[{"href":"https:\/\/smwroclaw.pl\/index.php?rest_route=\/wp\/v2\/posts\/11481","targetHints":{"allow":["GET"]}}],"collection":[{"href":"https:\/\/smwroclaw.pl\/index.php?rest_route=\/wp\/v2\/posts"}],"about":[{"href":"https:\/\/smwroclaw.pl\/index.php?rest_route=\/wp\/v2\/types\/post"}],"author":[{"embeddable":true,"href":"https:\/\/smwroclaw.pl\/index.php?rest_route=\/wp\/v2\/users\/4"}],"replies":[{"embeddable":true,"href":"https:\/\/smwroclaw.pl\/index.php?rest_route=%2Fwp%2Fv2%2Fcomments&post=11481"}],"version-history":[{"count":10,"href":"https:\/\/smwroclaw.pl\/index.php?rest_route=\/wp\/v2\/posts\/11481\/revisions"}],"predecessor-version":[{"id":11491,"href":"https:\/\/smwroclaw.pl\/index.php?rest_route=\/wp\/v2\/posts\/11481\/revisions\/11491"}],"wp:featuredmedia":[{"embeddable":true,"href":"https:\/\/smwroclaw.pl\/index.php?rest_route=\/wp\/v2\/media\/11080"}],"wp:attachment":[{"href":"https:\/\/smwroclaw.pl\/index.php?rest_route=%2Fwp%2Fv2%2Fmedia&parent=11481"}],"wp:term":[{"taxonomy":"category","embeddable":true,"href":"https:\/\/smwroclaw.pl\/index.php?rest_route=%2Fwp%2Fv2%2Fcategories&post=11481"},{"taxonomy":"post_tag","embeddable":true,"href":"https:\/\/smwroclaw.pl\/index.php?rest_route=%2Fwp%2Fv2%2Ftags&post=11481"}],"curies":[{"name":"wp","href":"https:\/\/api.w.org\/{rel}","templated":true}]}}