{"id":11493,"date":"2020-04-01T14:22:00","date_gmt":"2020-04-01T12:22:00","guid":{"rendered":"http:\/\/smwroclaw.pl\/?p=11493"},"modified":"2020-04-01T14:22:00","modified_gmt":"2020-04-01T12:22:00","slug":"straz-miejska-wroclawia-wspoldziala-z-policja-na-zasadach-okreslonych-w-poleceniu-wojewody-dolnoslaskiego","status":"publish","type":"post","link":"https:\/\/smwroclaw.pl\/?p=11493","title":{"rendered":"STRA\u017b MIEJSKA WROC\u0141AWIA WSP\u00d3\u0141DZIA\u0141A Z POLICJ\u0104 NA ZASADACH OKRE\u015aLONYCH W POLECENIU WOJEWODY DOLNO\u015aL\u0104SKIEGO"},"content":{"rendered":"<div class=\"head\">\n<h2>POLECENIE WOJEWODY DOLNO\u015aL\u0104SKIEGO z dnia 31 marca 2020 r.<\/h2>\n<h3 style=\"text-align: justify;\"><strong>Na podstawie art. 11 ust. 1 ustawy z dnia 2 marca 2020 r. o szczeg\u00f3lnych rozwi\u0105zaniach zwi\u0105zanych z zapobieganiem, przeciwdzia\u0142aniem i zwalczaniem COVID-19, innych chor\u00f3b zaka\u017anych oraz wywo\u0142anych nimi sytuacji kryzysowych (Dz. U. poz. 374), w celu zapobiegania rozprzestrzenianiu si\u0119 choroby zaka\u017anej COVID-19 wywo\u0142anej wirusem SARS-CoV-2 polecam:<\/strong><\/h3>\n<p>&nbsp;<\/p>\n<\/div>\n<div class=\"txt\">\n<p style=\"text-align: justify;\"><span style=\"font-family: georgia, palatino, serif; font-size: 12pt;\"><strong>w\u00f3jtom, burmistrzom, prezydentom miast zleci\u0107 z dniem 2 kwietnia 2020 r. podleg\u0142ym stra\u017com gminnym (miejskim):<\/strong><\/span><\/p>\n<p style=\"text-align: justify;\"><span style=\"font-family: georgia, palatino, serif; font-size: 12pt;\">&#8211; dokonywanie dyslokacji patroli stra\u017cy gminnych (miejskich) zgodnie ze wskazaniami komendant\u00f3w w\u0142a\u015bciwych terytorialnie jednostek Policji;<\/span><\/p>\n<p style=\"text-align: justify;\"><span style=\"font-family: georgia, palatino, serif; font-size: 12pt;\">&#8211; organizacji wsp\u00f3lnych patroli z Policj\u0105 zgodnie ze wskazaniami komendant\u00f3w w\u0142a\u015bciwych terytorialnie jednostek Policji;<\/span><\/p>\n<p style=\"text-align: justify;\"><span style=\"font-family: georgia, palatino, serif; font-size: 12pt;\">&#8211; prowadzenie innych form wsp\u00f3\u0142pracy stra\u017cy gminnych (miejskich) z w\u0142a\u015bciwymi terytorialnie jednostkami Policji, w tym w szczeg\u00f3lno\u015bci odno\u015bnie weryfikacji realizacji nakaz\u00f3w, zakaz\u00f3w i obowi\u0105zk\u00f3w wynikaj\u0105cych z przepis\u00f3w prawa powszechnie obowi\u0105zuj\u0105cego, w zakresie zapobiegania rozprzestrzeniania si\u0119 wirusa SARS-CoV-2, zgodnie ze wskazaniami komendant\u00f3w w\u0142a\u015bciwych terytorialnie jednostek Policji.<\/span><\/p>\n<p style=\"text-align: justify;\"><span style=\"font-family: georgia, palatino, serif; font-size: 12pt;\">Polecam r\u00f3wnie\u017c, aby pozosta\u0142e zadania stra\u017cy gminnych (miejskich) by\u0142y realizowane wy\u0142\u0105cznie w zakresie, w jakim s\u0142u\u017c\u0105 prowadzeniu dzia\u0142a\u0144 zwi\u0105zanych z weryfikacj\u0105 wykonywania ww. nakaz\u00f3w, zakaz\u00f3w i obowi\u0105zk\u00f3w wynikaj\u0105cych z przepis\u00f3w prawa powszechnie obowi\u0105zuj\u0105cego, zwi\u0105zanych z zapobieganiem rozprzestrzeniania si\u0119 choroby zaka\u017anej COVID-19.<\/span><\/p>\n<p style=\"text-align: justify;\"><span style=\"font-family: georgia, palatino, serif; font-size: 12pt;\">Zgodnie z ww. art. 11 ust. 1 ustawy o szczeg\u00f3lnych rozwi\u0105zaniach zwi\u0105zanych z zapobieganiem, przeciwdzia\u0142aniem i zwalczaniem COVID-19, innych chor\u00f3b zaka\u017anych oraz wywo\u0142anych nimi sytuacji kryzysowych &#8211; wojewoda mo\u017ce wydawa\u0107 polecenia obowi\u0105zuj\u0105ce wszystkie organy administracji rz\u0105dowej dzia\u0142aj\u0105ce w wojew\u00f3dztwie i pa\u0144stwowe osoby prawne, organy samorz\u0105du terytorialnego, samorz\u0105dowe osoby prawne oraz samorz\u0105dowe jednostki organizacyjne nieposiadaj\u0105ce osobowo\u015bci prawnej w zwi\u0105zku z przeciwdzia\u0142aniem COVID-19. Polecenie podlega natychmiastowemu wykonaniu.<\/span><\/p>\n<\/div>\n<p>&nbsp;<\/p>\n","protected":false},"excerpt":{"rendered":"<p>POLECENIE WOJEWODY DOLNO\u015aL\u0104SKIEGO z dnia 31 marca 2020 r. Na podstawie art. 11 ust. 1 ustawy z dnia 2 marca 2020 r. o szczeg\u00f3lnych rozwi\u0105zaniach zwi\u0105zanych z zapobieganiem, przeciwdzia\u0142aniem i zwalczaniem COVID-19, innych chor\u00f3b zaka\u017anych oraz wywo\u0142anych nimi sytuacji kryzysowych (Dz. U. poz. 374), w celu zapobiegania rozprzestrzenianiu si\u0119 choroby zaka\u017anej COVID-19 wywo\u0142anej wirusem SARS-CoV-2 [&hellip;]<\/p>\n","protected":false},"author":4,"featured_media":10724,"comment_status":"closed","ping_status":"closed","sticky":false,"template":"","format":"standard","meta":{"footnotes":""},"categories":[16],"tags":[],"class_list":["post-11493","post","type-post","status-publish","format-standard","has-post-thumbnail","hentry","category-aktual"],"_links":{"self":[{"href":"https:\/\/smwroclaw.pl\/index.php?rest_route=\/wp\/v2\/posts\/11493","targetHints":{"allow":["GET"]}}],"collection":[{"href":"https:\/\/smwroclaw.pl\/index.php?rest_route=\/wp\/v2\/posts"}],"about":[{"href":"https:\/\/smwroclaw.pl\/index.php?rest_route=\/wp\/v2\/types\/post"}],"author":[{"embeddable":true,"href":"https:\/\/smwroclaw.pl\/index.php?rest_route=\/wp\/v2\/users\/4"}],"replies":[{"embeddable":true,"href":"https:\/\/smwroclaw.pl\/index.php?rest_route=%2Fwp%2Fv2%2Fcomments&post=11493"}],"version-history":[{"count":3,"href":"https:\/\/smwroclaw.pl\/index.php?rest_route=\/wp\/v2\/posts\/11493\/revisions"}],"predecessor-version":[{"id":11496,"href":"https:\/\/smwroclaw.pl\/index.php?rest_route=\/wp\/v2\/posts\/11493\/revisions\/11496"}],"wp:featuredmedia":[{"embeddable":true,"href":"https:\/\/smwroclaw.pl\/index.php?rest_route=\/wp\/v2\/media\/10724"}],"wp:attachment":[{"href":"https:\/\/smwroclaw.pl\/index.php?rest_route=%2Fwp%2Fv2%2Fmedia&parent=11493"}],"wp:term":[{"taxonomy":"category","embeddable":true,"href":"https:\/\/smwroclaw.pl\/index.php?rest_route=%2Fwp%2Fv2%2Fcategories&post=11493"},{"taxonomy":"post_tag","embeddable":true,"href":"https:\/\/smwroclaw.pl\/index.php?rest_route=%2Fwp%2Fv2%2Ftags&post=11493"}],"curies":[{"name":"wp","href":"https:\/\/api.w.org\/{rel}","templated":true}]}}