{"id":11590,"date":"2020-04-06T11:10:47","date_gmt":"2020-04-06T09:10:47","guid":{"rendered":"http:\/\/smwroclaw.pl\/?p=11590"},"modified":"2020-04-06T11:20:46","modified_gmt":"2020-04-06T09:20:46","slug":"straz-miejska-w-dzialaniu-kontrolujemy-apelujemy-informujemy","status":"publish","type":"post","link":"https:\/\/smwroclaw.pl\/?p=11590","title":{"rendered":"STRA\u017b MIEJSKA W DZIA\u0141ANIU &#8211; kontrolujemy, apelujemy, informujemy (zdj\u0119cia)"},"content":{"rendered":"<div id=\"js_ag8\" class=\"_5pbx userContent _3576\" data-testid=\"post_message\" data-ft=\"{&quot;tn&quot;:&quot;K&quot;}\">\n<p style=\"text-align: justify;\"><span style=\"font-family: georgia, palatino, serif; font-size: 12pt;\">Wroc\u0142awscy stra\u017cnicy miejscy kontroluj\u0105 przy pomocy <strong>dron\u00f3w i mobilnego monitoringu<\/strong> miejsca obj\u0119te czasowym ograniczeniem korzystania. Na filmie kontrola przeprowadzona w ostatni\u0105 niedziel\u0119 <strong>5 kwietnia 2020 r. bulwary nad Odr\u0105 okolice Mostu Trzebnickiego.<\/strong><\/span><\/p>\n<\/div>\n<p>&nbsp;<\/p>\n<p>&nbsp;<\/p>\n<div id=\"js_ag8\" class=\"_5pbx userContent _3576\" data-testid=\"post_message\" data-ft=\"{&quot;tn&quot;:&quot;K&quot;}\">\n<p style=\"text-align: justify;\"><span class=\"_5mfr\"><span class=\"_6qdm\">\ud83d\udc49 <\/span><\/span><span style=\"font-family: georgia, palatino, serif; font-size: 12pt;\"><strong>Zakazuje si\u0119 korzystania z pe\u0142ni\u0105cych funkcje publiczne i pokrytych ro\u015blinno\u015bci\u0105 teren\u00f3w zieleni, w szczeg\u00f3lno\u015bci park\u00f3w, ziele\u0144c\u00f3w, promenad, bulwar\u00f3w, ogrod\u00f3w botanicznych, zoologicznych, jordanowskich i zabytkowych a tak\u017ce pla\u017c\u201d!<\/strong><\/span><\/p>\n<div style=\"width: 1920px;\" class=\"wp-video\"><!--[if lt IE 9]><script>document.createElement('video');<\/script><![endif]-->\n<video class=\"wp-video-shortcode\" id=\"video-11590-1\" width=\"1920\" height=\"1080\" preload=\"metadata\" controls=\"controls\"><source type=\"video\/mp4\" src=\"https:\/\/smwroclaw.pl\/wp-content\/uploads\/2020\/04\/VID_20200405_122749.mp4?_=1\" \/><a href=\"https:\/\/smwroclaw.pl\/wp-content\/uploads\/2020\/04\/VID_20200405_122749.mp4\">https:\/\/smwroclaw.pl\/wp-content\/uploads\/2020\/04\/VID_20200405_122749.mp4<\/a><\/video><\/div>\n<p>&nbsp;<\/p>\n<\/div>\n<p><!--more--><\/p>\n<p><img fetchpriority=\"high\" decoding=\"async\" class=\" wp-image-11595 aligncenter\" src=\"https:\/\/smwroclaw.pl\/wp-content\/uploads\/2020\/04\/92304601_218751102712731_4806734630961020928_n.jpg\" alt=\"\" width=\"653\" height=\"490\" srcset=\"https:\/\/smwroclaw.pl\/wp-content\/uploads\/2020\/04\/92304601_218751102712731_4806734630961020928_n.jpg 960w, https:\/\/smwroclaw.pl\/wp-content\/uploads\/2020\/04\/92304601_218751102712731_4806734630961020928_n-300x225.jpg 300w, https:\/\/smwroclaw.pl\/wp-content\/uploads\/2020\/04\/92304601_218751102712731_4806734630961020928_n-768x576.jpg 768w\" sizes=\"(max-width: 653px) 100vw, 653px\" \/><\/p>\n<p><img decoding=\"async\" class=\" wp-image-11596 aligncenter\" src=\"https:\/\/smwroclaw.pl\/wp-content\/uploads\/2020\/04\/92264079_218751142712727_6950880359227588608_n.jpg\" alt=\"\" width=\"650\" height=\"488\" srcset=\"https:\/\/smwroclaw.pl\/wp-content\/uploads\/2020\/04\/92264079_218751142712727_6950880359227588608_n.jpg 960w, https:\/\/smwroclaw.pl\/wp-content\/uploads\/2020\/04\/92264079_218751142712727_6950880359227588608_n-300x225.jpg 300w, https:\/\/smwroclaw.pl\/wp-content\/uploads\/2020\/04\/92264079_218751142712727_6950880359227588608_n-768x576.jpg 768w\" sizes=\"(max-width: 650px) 100vw, 650px\" \/><\/p>\n<p>wf<\/p>\n","protected":false},"excerpt":{"rendered":"<p>Wroc\u0142awscy stra\u017cnicy miejscy kontroluj\u0105 przy pomocy dron\u00f3w i mobilnego monitoringu miejsca obj\u0119te czasowym ograniczeniem korzystania. Na filmie kontrola przeprowadzona w ostatni\u0105 niedziel\u0119 5 kwietnia 2020 r. bulwary nad Odr\u0105 okolice Mostu Trzebnickiego. &nbsp; &nbsp; \ud83d\udc49 Zakazuje si\u0119 korzystania z pe\u0142ni\u0105cych funkcje publiczne i pokrytych ro\u015blinno\u015bci\u0105 teren\u00f3w zieleni, w szczeg\u00f3lno\u015bci park\u00f3w, ziele\u0144c\u00f3w, promenad, bulwar\u00f3w, ogrod\u00f3w botanicznych, [&hellip;]<\/p>\n","protected":false},"author":4,"featured_media":10495,"comment_status":"closed","ping_status":"closed","sticky":false,"template":"","format":"standard","meta":{"footnotes":""},"categories":[16],"tags":[],"class_list":["post-11590","post","type-post","status-publish","format-standard","has-post-thumbnail","hentry","category-aktual"],"_links":{"self":[{"href":"https:\/\/smwroclaw.pl\/index.php?rest_route=\/wp\/v2\/posts\/11590","targetHints":{"allow":["GET"]}}],"collection":[{"href":"https:\/\/smwroclaw.pl\/index.php?rest_route=\/wp\/v2\/posts"}],"about":[{"href":"https:\/\/smwroclaw.pl\/index.php?rest_route=\/wp\/v2\/types\/post"}],"author":[{"embeddable":true,"href":"https:\/\/smwroclaw.pl\/index.php?rest_route=\/wp\/v2\/users\/4"}],"replies":[{"embeddable":true,"href":"https:\/\/smwroclaw.pl\/index.php?rest_route=%2Fwp%2Fv2%2Fcomments&post=11590"}],"version-history":[{"count":6,"href":"https:\/\/smwroclaw.pl\/index.php?rest_route=\/wp\/v2\/posts\/11590\/revisions"}],"predecessor-version":[{"id":11606,"href":"https:\/\/smwroclaw.pl\/index.php?rest_route=\/wp\/v2\/posts\/11590\/revisions\/11606"}],"wp:featuredmedia":[{"embeddable":true,"href":"https:\/\/smwroclaw.pl\/index.php?rest_route=\/wp\/v2\/media\/10495"}],"wp:attachment":[{"href":"https:\/\/smwroclaw.pl\/index.php?rest_route=%2Fwp%2Fv2%2Fmedia&parent=11590"}],"wp:term":[{"taxonomy":"category","embeddable":true,"href":"https:\/\/smwroclaw.pl\/index.php?rest_route=%2Fwp%2Fv2%2Fcategories&post=11590"},{"taxonomy":"post_tag","embeddable":true,"href":"https:\/\/smwroclaw.pl\/index.php?rest_route=%2Fwp%2Fv2%2Ftags&post=11590"}],"curies":[{"name":"wp","href":"https:\/\/api.w.org\/{rel}","templated":true}]}}