{"id":11768,"date":"2020-04-15T07:14:53","date_gmt":"2020-04-15T05:14:53","guid":{"rendered":"http:\/\/smwroclaw.pl\/?p=11768"},"modified":"2020-04-16T10:52:54","modified_gmt":"2020-04-16T08:52:54","slug":"straz-miejska-wroclawia-informuje-obowiazek-zaslaniania-ust-i-nosa-w-miejscach-publicznych","status":"publish","type":"post","link":"https:\/\/smwroclaw.pl\/?p=11768","title":{"rendered":"STRA\u017b MIEJSKA WROC\u0141AWIA INFORMUJE &#8211;  OBOWI\u0104ZEK ZAS\u0141ANIANIA UST I NOSA W MIEJSCACH PUBLICZNYCH (czytaj dalej)"},"content":{"rendered":"<p style=\"text-align: justify;\"><span style=\"font-family: georgia, palatino, serif; font-size: 12pt;\">Obowi\u0105zuj\u0105ce Rozporz\u0105dzenie Rady Ministr\u00f3w z 15 kwietnia 2020 r. w sprawie ustanowienia okre\u015blonych ogranicze\u0144, nakaz\u00f3w i zakaz\u00f3w w zwi\u0105zku z wyst\u0105pieniem stanu epidemii, wprowadza:<br \/>\n<\/span><\/p>\n<p>&nbsp;<\/p>\n<h3>\u00a0<\/h3>\n<p>&nbsp;<\/p>\n<h3><span style=\"font-family: georgia, palatino, serif; font-size: 14pt;\"><strong>OBOWI\u0104ZEK ZAS\u0141ANIANIA UST I NOSA W MIEJSCACH PUBLICZNYCH<\/strong><\/span><\/h3>\n<p><span style=\"font-family: georgia, palatino, serif; font-size: 14pt;\"><strong>Obowi\u0105zek dotyczy: <\/strong>noszenia maseczek lub innego rodzaju zas\u0142aniania ust i nosa.<\/span><\/p>\n<p><span style=\"font-family: georgia, palatino, serif; font-size: 14pt;\"><strong>Na czym polega? <\/strong>Wszyscy maj\u0105 obowi\u0105zek zas\u0142aniania ust i nosa na ulicy, podczas ruchu pieszego, w urz\u0119dach, sklepach, miejscach \u015bwiadczenia us\u0142ug, zak\u0142adach pracy.<\/span><\/p>\n<p>&nbsp;<\/p>\n<p><span style=\"font-family: georgia, palatino, serif; font-size: 14pt;\"><strong>Obowi\u0105zuje od<\/strong>: czwartku 16 kwietnia 2020 r.<\/span><\/p>\n<p><span style=\"font-family: georgia, palatino, serif; font-size: 14pt;\"><strong>Obowi\u0105zuje do<\/strong>: odwo\u0142ania.<\/span><\/p>\n<p><strong><span style=\"font-family: georgia, palatino, serif; font-size: 12pt;\">Wi\u0119cej informacji: <a href=\"https:\/\/www.gov.pl\/web\/koronawirus\/aktualne-zasady-i-ograniczenia\">https:\/\/www.gov.pl\/web\/koronawirus\/aktualne-zasady-i-ograniczenia <\/a><\/span><\/strong><\/p>\n<p><!--more--><\/p>\n<p>&nbsp;<\/p>\n<p style=\"text-align: justify;\"><span style=\"font-family: georgia, palatino, serif; font-size: 12pt;\">\u201e\u00a718.1. Od dnia 16 kwietnia 2020r. do odwo\u0142ania <strong>nak\u0142ada si\u0119 obowi\u0105zek zakrywania<\/strong>, przy pomocy odzie\u017cy lub jej cz\u0119\u015bci, maski albo maseczki, ust i nosa:<\/span><\/p>\n<p style=\"text-align: justify;\"><span style=\"font-family: georgia, palatino, serif; font-size: 12pt;\">1)w <strong>\u015brodkach publicznego transportu zbiorowego<\/strong> w rozumieniu art.4ust.1pkt14 ustawy z dnia 16grudnia 2010r. o publicznym transporcie zbiorowym oraz w pojazdach samochodowych, kt\u00f3rymi poruszaj\u0105 si\u0119 osoby niezamieszkuj\u0105ce lub niegospodaruj\u0105ce wsp\u00f3lnie;<\/span><\/p>\n<p style=\"text-align: justify;\"><span style=\"font-family: georgia, palatino, serif; font-size: 12pt;\">2)w <strong>miejscach og\u00f3lnodost\u0119pnych<\/strong>, w tym:<\/span><\/p>\n<p style=\"text-align: justify;\"><span style=\"font-family: georgia, palatino, serif; font-size: 12pt;\">\u00a0a)na drogach i placach,<\/span><\/p>\n<p style=\"text-align: justify;\"><span style=\"font-family: georgia, palatino, serif; font-size: 12pt;\">b)w zak\u0142adach pracy oraz w budynkach u\u017cyteczno\u015bci publicznej przeznaczonych na potrzeby: administracji publicznej, wymiaru sprawiedliwo\u015bci, kultury, kultu religijnego, o\u015bwiaty, szkolnictwa wy\u017cszego, nauki, wychowania, opieki zdrowotnej, spo\u0142ecznej lub socjalnej, obs\u0142ugi bankowej, handlu, gastronomii, us\u0142ug, w tym us\u0142ug pocztowych lub telekomunikacyjnych, turystyki, sportu, obs\u0142ugi pasa\u017cer\u00f3w w transporcie kolejowym, drogowym, lotniczym, morskim lub wodnym \u015br\u00f3dl\u0105dowym; za budynek u\u017cyteczno\u015bci publicznej uznaje si\u0119 tak\u017ce budynek biurowy lub socjalny,<\/span><\/p>\n<p style=\"text-align: justify;\"><span style=\"font-family: georgia, palatino, serif; font-size: 12pt;\">\u00a0c)w obiektach handlowych lub us\u0142ugowych, plac\u00f3wkach handlowych lub us\u0142ugowych i na targowiskach (straganach),<\/span><\/p>\n<p style=\"text-align: justify;\"><span style=\"font-family: georgia, palatino, serif; font-size: 12pt;\">d)na terenie nieruchomo\u015bci wsp\u00f3lnych w rozumieniu art.3ust.2 ustawy z dnia 24 czerwca 1994r. o w\u0142asno\u015bci lokali (Dz.U. z2020r. poz.532 i 568).<\/span><\/p>\n<p style=\"text-align: justify;\"><span style=\"font-family: georgia, palatino, serif; font-size: 12pt;\">2.<strong>Obowi\u0105zku<\/strong> okre\u015blonego w <\/span><span style=\"font-family: georgia, palatino, serif; font-size: 12pt;\">ust.1 <strong>nie stosuj<\/strong>e si\u0119 w przypadku:<\/span><\/p>\n<p style=\"text-align: justify;\"><span style=\"font-family: georgia, palatino, serif; font-size: 12pt;\">1)<strong>pojazdu samochodowego, w kt\u00f3rym przebywa lub porusza si\u0119 1 osoba<\/strong> albo <strong>1 <\/strong><\/span><span style=\"font-family: georgia, palatino, serif; font-size: 12pt;\">osoba z dzieckiem, o kt\u00f3rym mowa w pkt 2;<\/span><\/p>\n<p style=\"text-align: justify;\"><span style=\"font-family: georgia, palatino, serif; font-size: 12pt;\">2)<strong>dziecka do uko\u0144czenia 4. roku \u017cycia;<\/strong><\/span><\/p>\n<p style=\"text-align: justify;\"><span style=\"font-family: georgia, palatino, serif; font-size: 12pt;\">3)<strong>osoby, kt\u00f3ra nie mo\u017ce zakrywa\u0107 ust lub nosa z powodu stanu zdrowia, ca\u0142o\u015bciowych zaburze\u0144 rozwoju, niepe\u0142nosprawno\u015bci intelektualnej w stopniu umiarkowanym albo g\u0142\u0119bokim lub niesamodzielno\u015bci;<\/strong> okazanie <\/span><span style=\"font-family: georgia, palatino, serif; font-size: 12pt;\">orzeczenia lub za\u015bwiadczenia w tym zakresie nie jest wymagane;<\/span><\/p>\n<p style=\"text-align: justify;\"><span style=\"font-family: georgia, palatino, serif; font-size: 12pt;\">4)<strong>osoby wykonuj\u0105cej czynno\u015bci zawodowe, s\u0142u\u017cbowe lub zarobkowe w budynkach, zak\u0142adach, obiektach, plac\u00f3wkach i targowiskach (straganach)<\/strong>, o <\/span><span style=\"font-family: georgia, palatino, serif; font-size: 12pt;\">kt\u00f3rych mowa w ust.1pkt2lit.b i c, <u>z<\/u> wyj\u0105tkiem osoby wykonuj\u0105cej bezpo\u015bredni\u0105 obs\u0142ug\u0119 interesant\u00f3w lub klient\u00f3w;<\/span><\/p>\n<p style=\"text-align: justify;\"><span style=\"font-family: georgia, palatino, serif; font-size: 12pt;\">5)<strong>kieruj\u0105cego \u015brodkiem publicznego transportu zbiorowego w rozumieniu<\/strong> art.4ust.1pkt14 ustawy z dnia 16 grudnia 2010r. o publicznym transporcie zbiorowym, lub pojazdem samochodowym wykonuj\u0105cym zarobkowy przew\u00f3z os\u00f3b, je\u017celi operator publicznego transportu zbiorowego albo organizator tego transportu w rozumieniu art.4ust.1pkt8 i 9 tej ustawy albo przedsi\u0119biorca wykonuj\u0105cy dzia\u0142alno\u015b\u0107 w zakresie zarobkowego przewozu os\u00f3b, zapewnia oddzielenie kieruj\u0105cego od przewo\u017conych os\u00f3b w spos\u00f3b uniemo\u017cliwiaj\u0105cy styczno\u015b\u0107 w rozumieniu art.2 pkt 25 ustawy z dnia 5grudnia 2008r. o zapobieganiu oraz zwalczaniu zaka\u017ce\u0144 i chor\u00f3b zaka\u017anych u ludzi;<\/span><\/p>\n<p style=\"text-align: justify;\"><span style=\"font-family: georgia, palatino, serif; font-size: 12pt;\">6)<strong>duchownego sprawuj\u0105cego kult religijny<\/strong>, w <\/span><span style=\"font-family: georgia, palatino, serif; font-size: 12pt;\">tym czynno\u015bci lub obrz\u0119dy religijne, podczas jego sprawowania;<\/span><\/p>\n<p style=\"text-align: justify;\"><span style=\"font-family: georgia, palatino, serif; font-size: 12pt;\">7)<strong>\u017co\u0142nierza Si\u0142 Zbrojnych Rzeczypospolitej Polskiej i wojsk sojuszniczych, a tak\u017ce funkcjonariusza S\u0142u\u017cby Kontrwywiadu Wojskowego i S\u0142u\u017cby Wywiadu Wojskowego<\/strong>, wykonuj\u0105cych zadania s\u0142u\u017cbowe, stosuj\u0105cych <\/span><span style=\"font-family: georgia, palatino, serif; font-size: 12pt;\">\u015brodki ochrony osobistej odpowiednie do rodzaju wykonywanych czynno\u015bci.<\/span><\/p>\n<p style=\"text-align: justify;\"><span style=\"font-family: georgia, palatino, serif; font-size: 12pt;\">3.Osoba wykonuj\u0105ca czynno\u015bci zawodowe w obiektach handlowych lub us\u0142ugowych lub w plac\u00f3wkach handlowych lub us\u0142ugowych mo\u017ce w czasie wykonywania tych czynno\u015bci zawodowych realizowa\u0107 obowi\u0105zek, o kt\u00f3rym mowa w ust.1, przez zakrywanie ust i nosa przy pomocy przy\u0142bicy, je\u017celi wszystkie stanowiska kasowe lub miejsca prowadzenia sprzeda\u017cy lub \u015bwiadczenia us\u0142ug wdanym obiekcie lub plac\u00f3wce s\u0105 oddzielone od klient\u00f3w dodatkow\u0105 przes\u0142on\u0105 ochronn\u0105.<\/span><\/p>\n<p style=\"text-align: justify;\"><span style=\"font-family: georgia, palatino, serif; font-size: 12pt;\">4.<strong>Osoba ma obowi\u0105zek odkrycia ust i nosa na \u017c\u0105danie:<\/strong><\/span><\/p>\n<p style=\"text-align: justify;\"><span style=\"font-family: georgia, palatino, serif; font-size: 12pt;\">1)<strong>organ\u00f3w uprawnionych w przypadku legitymowania tej osoby w celu ustalenia jej to\u017csamo\u015bci;<\/strong><\/span><\/p>\n<p style=\"text-align: justify;\"><span style=\"font-family: georgia, palatino, serif; font-size: 12pt;\">2)innej osoby w zwi\u0105zku ze \u015bwiadczeniem przez ni\u0105 us\u0142ug lub wykonywaniem czynno\u015bci zawodowych lub s\u0142u\u017cbowych, w tym w przypadku konieczno\u015bci identyfikacji lub weryfikacji to\u017csamo\u015bci danej osoby.\u201d<\/span><\/p>\n<p><span style=\"font-family: georgia, palatino, serif; font-size: 12pt;\">2.Rozporz\u0105dzenie wchodzi w\u017cycie z dniem og\u0142oszenia<\/span><\/p>\n","protected":false},"excerpt":{"rendered":"<p>Obowi\u0105zuj\u0105ce Rozporz\u0105dzenie Rady Ministr\u00f3w z 15 kwietnia 2020 r. w sprawie ustanowienia okre\u015blonych ogranicze\u0144, nakaz\u00f3w i zakaz\u00f3w w zwi\u0105zku z wyst\u0105pieniem stanu epidemii, wprowadza: &nbsp; \u00a0 &nbsp; OBOWI\u0104ZEK ZAS\u0141ANIANIA UST I NOSA W MIEJSCACH PUBLICZNYCH Obowi\u0105zek dotyczy: noszenia maseczek lub innego rodzaju zas\u0142aniania ust i nosa. Na czym polega? Wszyscy maj\u0105 obowi\u0105zek zas\u0142aniania ust i [&hellip;]<\/p>\n","protected":false},"author":4,"featured_media":10724,"comment_status":"closed","ping_status":"closed","sticky":false,"template":"","format":"standard","meta":{"footnotes":""},"categories":[16],"tags":[],"class_list":["post-11768","post","type-post","status-publish","format-standard","has-post-thumbnail","hentry","category-aktual"],"_links":{"self":[{"href":"https:\/\/smwroclaw.pl\/index.php?rest_route=\/wp\/v2\/posts\/11768","targetHints":{"allow":["GET"]}}],"collection":[{"href":"https:\/\/smwroclaw.pl\/index.php?rest_route=\/wp\/v2\/posts"}],"about":[{"href":"https:\/\/smwroclaw.pl\/index.php?rest_route=\/wp\/v2\/types\/post"}],"author":[{"embeddable":true,"href":"https:\/\/smwroclaw.pl\/index.php?rest_route=\/wp\/v2\/users\/4"}],"replies":[{"embeddable":true,"href":"https:\/\/smwroclaw.pl\/index.php?rest_route=%2Fwp%2Fv2%2Fcomments&post=11768"}],"version-history":[{"count":14,"href":"https:\/\/smwroclaw.pl\/index.php?rest_route=\/wp\/v2\/posts\/11768\/revisions"}],"predecessor-version":[{"id":11786,"href":"https:\/\/smwroclaw.pl\/index.php?rest_route=\/wp\/v2\/posts\/11768\/revisions\/11786"}],"wp:featuredmedia":[{"embeddable":true,"href":"https:\/\/smwroclaw.pl\/index.php?rest_route=\/wp\/v2\/media\/10724"}],"wp:attachment":[{"href":"https:\/\/smwroclaw.pl\/index.php?rest_route=%2Fwp%2Fv2%2Fmedia&parent=11768"}],"wp:term":[{"taxonomy":"category","embeddable":true,"href":"https:\/\/smwroclaw.pl\/index.php?rest_route=%2Fwp%2Fv2%2Fcategories&post=11768"},{"taxonomy":"post_tag","embeddable":true,"href":"https:\/\/smwroclaw.pl\/index.php?rest_route=%2Fwp%2Fv2%2Ftags&post=11768"}],"curies":[{"name":"wp","href":"https:\/\/api.w.org\/{rel}","templated":true}]}}