{"id":11787,"date":"2020-04-17T11:48:00","date_gmt":"2020-04-17T09:48:00","guid":{"rendered":"http:\/\/smwroclaw.pl\/?p=11787"},"modified":"2020-04-17T13:52:17","modified_gmt":"2020-04-17T11:52:17","slug":"straz-miejska-w-dzialaniu-pomagamy-wroclawskim-seniorom","status":"publish","type":"post","link":"https:\/\/smwroclaw.pl\/?p=11787","title":{"rendered":"STRA\u017b MIEJSKA W DZIA\u0141ANIU &#8211; pomagamy wroc\u0142awskim seniorom"},"content":{"rendered":"<p style=\"text-align: justify;\"><span style=\"font-family: georgia, palatino, serif; font-size: 12pt;\">Dzi\u0119ki wsp\u00f3\u0142pracy <strong>Stra\u017cy Miejskiej Wroc\u0142awia z Wroc\u0142awskim Centrum Rozwoju Spo\u0142ecznego<\/strong>, <strong>kilka tysi\u0119cy\u00a0<\/strong> <strong>bezp\u0142atnych &#8222;miejskich&#8221; maseczek<\/strong> trafi do os\u00f3b najbardziej potrzebuj\u0105cych tej ochrony &#8211; <strong>wroc\u0142awskich senior\u00f3w<\/strong>. Stra\u017cnicy trafiaj\u0105 do starszych os\u00f3b,\u00a0 kt\u00f3re mog\u0142y mie\u0107 problem z zakupem \u015brodk\u00f3w ochronnych, ze wzgl\u0119du na ich pocz\u0105tkowo trudn\u0105 dost\u0119pno\u015b\u0107 i cen\u0119. Dodatkowo informujemy o zasadach bezpiecznego przemieszczania si\u0119 po mie\u015bcie, robienia zakup\u00f3w, u\u017cywania \u015brodk\u00f3w ochronnych.<\/span><\/p>\n<p>&nbsp;<\/p>\n<p style=\"text-align: justify;\"><span style=\"font-family: georgia, palatino, serif; font-size: 12pt;\"><strong>Drogi Seniorze, wyjd\u017a z domu tylko wtedy, gdy jest to absolutnie konieczne !<br \/>\n<\/strong><\/span><\/p>\n<p>&nbsp;<\/p>\n<p style=\"text-align: justify;\"><span style=\"font-family: georgia, palatino, serif; font-size: 12pt;\"><span style=\"font-family: georgia, palatino, serif; font-size: 12pt;\"><strong>WCRS informuje o pomocy, jak\u0105 miasto Wroc\u0142aw przygotowa\u0142o dla Senior\u00f3w<\/strong> (w dalszej cz\u0119\u015bci artyku\u0142u)<\/span><strong><br \/>\n<\/strong><\/span><\/p>\n<p><!--more--><\/p>\n<p style=\"text-align: justify;\">\u00a0<\/p>\n<p style=\"text-align: justify;\"><span style=\"font-family: georgia, palatino, serif; font-size: 12pt;\">Jeste\u015bmy do Pa\u0144stwa dyspozycji pod numerami <strong>Telefon\u00f3w Seniora<\/strong>. Udzielamy informacji o bie\u017c\u0105cych zaleceniach, post\u0119powaniu w przypadku wyst\u0105pienia niepokoj\u0105cych symptom\u00f3w, a tak\u017ce mo\u017cliwym wsparciu ze strony wolontariuszy (np.\u00a0w robieniu zakup\u00f3w czy za\u0142atwianiu spraw).<\/span><\/p>\n<ul style=\"text-align: justify;\">\n<li><span style=\"font-family: georgia, palatino, serif; font-size: 12pt;\"><strong>71 344 44 44 <\/strong>\u2013 czynny od poniedzia\u0142ku do pi\u0105tku w godz. 9.00\u201315.00.<\/span><\/li>\n<li><span style=\"font-family: georgia, palatino, serif; font-size: 12pt;\"><strong>888 999 335<\/strong> \u2013 czynny 7 dni w tygodniu w godz. 12.00\u201318.00.<\/span><\/li>\n<\/ul>\n<p style=\"text-align: justify;\">\u00a0<\/p>\n<p style=\"text-align: justify;\"><span style=\"font-family: georgia, palatino, serif; font-size: 12pt;\">Telefon <strong>Nie B\u0105d\u017a Sam<\/strong>, dla tych z Pa\u0144stwa, kt\u00f3rym doskwiera brak kontaktu z\u00a0lud\u017ami i chc\u0105 po prostu porozmawia\u0107<\/span><\/p>\n<p style=\"text-align: justify;\"><span style=\"font-family: georgia, palatino, serif; font-size: 12pt;\"><strong>888 999 372<\/strong> czynny od poniedzia\u0142ku do pi\u0105tku w godz. 12.00\u201318.00<\/span><\/p>\n<p style=\"text-align: justify;\">\u00a0<\/p>\n<p style=\"text-align: justify;\"><span style=\"font-family: georgia, palatino, serif; font-size: 12pt;\">Specjalne linie telefoniczne, pod kt\u00f3rymi <strong>dy\u017curuj\u0105 psychologowie<\/strong>:<\/span><\/p>\n<ul style=\"text-align: justify;\">\n<li><span style=\"font-family: georgia, palatino, serif; font-size: 12pt;\"><strong>538 579 554<\/strong> \u2013 czynny od poniedzia\u0142ku do pi\u0105tku w godz. 8.00-20.00.<\/span><\/li>\n<li><span style=\"font-family: georgia, palatino, serif; font-size: 12pt;\"><strong>538 579 555 <\/strong>\u2013 czynny od poniedzia\u0142ku do pi\u0105tku w godz. 8.00-15.00.<\/span><\/li>\n<li><span style=\"font-family: georgia, palatino, serif; font-size: 12pt;\"><strong>71 799 68 55<\/strong> \u2013 czynny od poniedzia\u0142ku do pi\u0105tku w godz. 16.00-8.00 oraz w\u00a0weekendy przez ca\u0142\u0105 dob\u0119.<\/span><\/li>\n<\/ul>\n<p style=\"text-align: justify;\">\u00a0<\/p>\n<p style=\"text-align: justify;\"><span style=\"font-family: georgia, palatino, serif; font-size: 12pt;\"><strong>Zwi\u0119kszona zosta\u0142a liczba kurs\u00f3w Taxi 75+.<\/strong> W okresie epidemii mo\u017cna skorzysta\u0107 z czterech kurs\u00f3w w miesi\u0105cu, by mogli Pa\u0144stwo dotrze\u0107 spokojnie i najbardziej bezpiecznie na badanie czy leczenie.<\/span><\/p>\n<p style=\"text-align: justify;\">\u00a0<\/p>\n<p style=\"text-align: justify;\"><span style=\"font-family: georgia, palatino, serif; font-size: 12pt;\">Je\u015bli maj\u0105 Pa\u0144stwo dost\u0119p do komputera i internetu zapraszamy na profil Facebooka <strong>www.facebook.com\/centrum.seniora<\/strong> oraz stron\u0119 <strong>www.seniorzy.wroclaw.pl<\/strong>, na\u00a0kt\u00f3rej mo\u017cna znale\u017a\u0107 naj\u015bwie\u017csze informacje. Zamieszczamy je tam z my\u015bl\u0105 o\u00a0wszystkich wroc\u0142awskich Seniorach.<\/span><\/p>\n<p><img fetchpriority=\"high\" decoding=\"async\" class=\" wp-image-11796 aligncenter\" src=\"https:\/\/smwroclaw.pl\/wp-content\/uploads\/2020\/04\/maseczki_jak_nosic-01-scaled.jpg\" alt=\"\" width=\"661\" height=\"934\" srcset=\"https:\/\/smwroclaw.pl\/wp-content\/uploads\/2020\/04\/maseczki_jak_nosic-01-scaled.jpg 1811w, https:\/\/smwroclaw.pl\/wp-content\/uploads\/2020\/04\/maseczki_jak_nosic-01-212x300.jpg 212w, https:\/\/smwroclaw.pl\/wp-content\/uploads\/2020\/04\/maseczki_jak_nosic-01-768x1086.jpg 768w, https:\/\/smwroclaw.pl\/wp-content\/uploads\/2020\/04\/maseczki_jak_nosic-01-1086x1536.jpg 1086w, https:\/\/smwroclaw.pl\/wp-content\/uploads\/2020\/04\/maseczki_jak_nosic-01-1448x2048.jpg 1448w\" sizes=\"(max-width: 661px) 100vw, 661px\" \/><\/p>\n<p>&nbsp;<\/p>\n<p>wf<\/p>\n<p>&nbsp;<\/p>\n","protected":false},"excerpt":{"rendered":"<p>Dzi\u0119ki wsp\u00f3\u0142pracy Stra\u017cy Miejskiej Wroc\u0142awia z Wroc\u0142awskim Centrum Rozwoju Spo\u0142ecznego, kilka tysi\u0119cy\u00a0 bezp\u0142atnych &#8222;miejskich&#8221; maseczek trafi do os\u00f3b najbardziej potrzebuj\u0105cych tej ochrony &#8211; wroc\u0142awskich senior\u00f3w. Stra\u017cnicy trafiaj\u0105 do starszych os\u00f3b,\u00a0 kt\u00f3re mog\u0142y mie\u0107 problem z zakupem \u015brodk\u00f3w ochronnych, ze wzgl\u0119du na ich pocz\u0105tkowo trudn\u0105 dost\u0119pno\u015b\u0107 i cen\u0119. Dodatkowo informujemy o zasadach bezpiecznego przemieszczania si\u0119 po [&hellip;]<\/p>\n","protected":false},"author":4,"featured_media":10214,"comment_status":"closed","ping_status":"closed","sticky":false,"template":"","format":"standard","meta":{"footnotes":""},"categories":[16],"tags":[],"class_list":["post-11787","post","type-post","status-publish","format-standard","has-post-thumbnail","hentry","category-aktual"],"_links":{"self":[{"href":"https:\/\/smwroclaw.pl\/index.php?rest_route=\/wp\/v2\/posts\/11787","targetHints":{"allow":["GET"]}}],"collection":[{"href":"https:\/\/smwroclaw.pl\/index.php?rest_route=\/wp\/v2\/posts"}],"about":[{"href":"https:\/\/smwroclaw.pl\/index.php?rest_route=\/wp\/v2\/types\/post"}],"author":[{"embeddable":true,"href":"https:\/\/smwroclaw.pl\/index.php?rest_route=\/wp\/v2\/users\/4"}],"replies":[{"embeddable":true,"href":"https:\/\/smwroclaw.pl\/index.php?rest_route=%2Fwp%2Fv2%2Fcomments&post=11787"}],"version-history":[{"count":10,"href":"https:\/\/smwroclaw.pl\/index.php?rest_route=\/wp\/v2\/posts\/11787\/revisions"}],"predecessor-version":[{"id":11806,"href":"https:\/\/smwroclaw.pl\/index.php?rest_route=\/wp\/v2\/posts\/11787\/revisions\/11806"}],"wp:featuredmedia":[{"embeddable":true,"href":"https:\/\/smwroclaw.pl\/index.php?rest_route=\/wp\/v2\/media\/10214"}],"wp:attachment":[{"href":"https:\/\/smwroclaw.pl\/index.php?rest_route=%2Fwp%2Fv2%2Fmedia&parent=11787"}],"wp:term":[{"taxonomy":"category","embeddable":true,"href":"https:\/\/smwroclaw.pl\/index.php?rest_route=%2Fwp%2Fv2%2Fcategories&post=11787"},{"taxonomy":"post_tag","embeddable":true,"href":"https:\/\/smwroclaw.pl\/index.php?rest_route=%2Fwp%2Fv2%2Ftags&post=11787"}],"curies":[{"name":"wp","href":"https:\/\/api.w.org\/{rel}","templated":true}]}}