{"id":11807,"date":"2020-04-20T07:29:03","date_gmt":"2020-04-20T05:29:03","guid":{"rendered":"http:\/\/smwroclaw.pl\/?p=11807"},"modified":"2020-04-20T10:29:17","modified_gmt":"2020-04-20T08:29:17","slug":"straz-miejska-wroclawia-informuje-obowiazuja-nowe-przepisy","status":"publish","type":"post","link":"https:\/\/smwroclaw.pl\/?p=11807","title":{"rendered":"STRA\u017b MIEJSKA WROC\u0141AWIA INFORMUJE &#8211; obowi\u0105zuj\u0105 nowe przepisy (czytaj dalej)"},"content":{"rendered":"<p><img fetchpriority=\"high\" decoding=\"async\" class=\" wp-image-11809 aligncenter\" src=\"https:\/\/smwroclaw.pl\/wp-content\/uploads\/2020\/04\/rozp-1.jpg\" alt=\"\" width=\"628\" height=\"401\" srcset=\"https:\/\/smwroclaw.pl\/wp-content\/uploads\/2020\/04\/rozp-1.jpg 776w, https:\/\/smwroclaw.pl\/wp-content\/uploads\/2020\/04\/rozp-1-300x191.jpg 300w, https:\/\/smwroclaw.pl\/wp-content\/uploads\/2020\/04\/rozp-1-768x490.jpg 768w\" sizes=\"(max-width: 628px) 100vw, 628px\" \/><\/p>\n<p style=\"text-align: center;\"><span style=\"font-family: georgia, palatino, serif; font-size: 12pt;\"><strong>OGRANICZENIA W PRZEMIESZCZANIU SI\u0118<\/strong><\/span><\/p>\n<p><span style=\"font-family: georgia, palatino, serif; font-size: 12pt;\"><strong>2 metry \u2013 minimalna odleg\u0142o\u015b\u0107 mi\u0119dzy pieszymi<\/strong><\/span><\/p>\n<p><span style=\"font-family: georgia, palatino, serif; font-size: 12pt;\">Wprowadzamy obowi\u0105zek utrzymania co najmniej 2-metrowej odleg\u0142o\u015bci mi\u0119dzy pieszymi. Dotyczy to tak\u017ce rodzin i bliskich.<\/span><\/p>\n<p><span style=\"font-family: georgia, palatino, serif; font-size: 12pt;\">Wy\u0142\u0105czeni z tego obowi\u0105zku s\u0105:<\/span><\/p>\n<ul>\n<li><span style=\"font-family: georgia, palatino, serif; font-size: 12pt;\">rodzice z dzie\u0107mi wymagaj\u0105cymi opieki (do 13 roku \u017cycia),<\/span><\/li>\n<li><span style=\"font-family: georgia, palatino, serif; font-size: 12pt;\">a tak\u017ce osoby niepe\u0142nosprawne, niemog\u0105ce si\u0119 samodzielnie porusza\u0107, osoby z orzeczeniem o potrzebie kszta\u0142cenia specjalnego i ich opiekunowie.<\/span><\/li>\n<\/ul>\n<p><span style=\"font-family: georgia, palatino, serif; font-size: 12pt;\"><strong>Obowi\u0105zuje do<\/strong>: odwo\u0142ania<\/span><\/p>\n<p><span style=\"font-family: georgia, palatino, serif; font-size: 12pt;\"><!--more--><\/span><\/p>\n<p style=\"text-align: center;\"><span style=\"font-family: georgia, palatino, serif; font-size: 12pt;\"><strong>ZAKAZ WYCHODZENIA NA ULIC\u0118 NIELETNICH BEZ OPIEKI DOROS\u0141EGO<\/strong><\/span><\/p>\n<p style=\"text-align: justify;\"><span style=\"font-family: georgia, palatino, serif; font-size: 12pt;\"><strong>Ograniczenie dotyczy:\u00a0<\/strong>przebywania os\u00f3b nieletnich poza domem bez opieki doros\u0142ego<\/span><\/p>\n<p style=\"text-align: justify;\"><span style=\"font-family: georgia, palatino, serif; font-size: 12pt;\"><strong>Na czym polega?\u00a0<\/strong>Dzieci i m\u0142odzie\u017c nie mog\u0105 wyj\u015b\u0107 z domu bez opieki. Tylko obecno\u015b\u0107 rodzica, opiekuna prawnego lub kogo\u015b doros\u0142ego usprawiedliwia ich obecno\u015b\u0107 na ulicy i tylko w okre\u015blonych przypadkach:<\/span><\/p>\n<ul style=\"text-align: justify;\">\n<li><span style=\"font-family: georgia, palatino, serif; font-size: 12pt;\">dojazdu do i z pracy,<\/span><\/li>\n<li><span style=\"font-family: georgia, palatino, serif; font-size: 12pt;\">wolontariatu na rzecz walki z COVID-19,<\/span><\/li>\n<li><span style=\"font-family: georgia, palatino, serif; font-size: 12pt;\">czy te\u017c za\u0142atwiania\u00a0spraw niezb\u0119dnych do \u017cycia codziennego.<\/span><\/li>\n<\/ul>\n<p style=\"text-align: justify;\"><span style=\"font-family: georgia, palatino, serif; font-size: 12pt;\"><strong>Obowi\u0105zuje dzieci i m\u0142odzie\u017c, kt\u00f3re nie uko\u0144czy\u0142y 13 roku \u017cycia: <\/strong>od 20 kwietnia 2020 do odwo\u0142ania<\/span><\/p>\n<p>&nbsp;<\/p>\n<p style=\"text-align: center;\"><span style=\"font-family: georgia, palatino, serif; font-size: 12pt;\"><strong>ZAKAZ KORZYSTANIA Z PLAC\u00d3W ZABAW, OGROD\u00d3W ZOOLOGICZNYCH<\/strong><\/span><\/p>\n<p style=\"text-align: justify;\"><span style=\"font-family: georgia, palatino, serif; font-size: 12pt;\"><strong>Ograniczenie dotyczy:\u00a0 <\/strong>korzystania z ogrod\u00f3w zoologicznych, plac\u00f3w zabaw, ogrod\u00f3w jordanowskich (w cz\u0119\u015bciach gdzie znajduj\u0105 si\u0119 plac zabaw lub urz\u0105dzenia przeznaczone do zabawy dzieci) . Nie mo\u017cna tak\u017ce korzysta\u0107 na terenach le\u015bnych z miejsc biwakowania, wiat, urz\u0105dze\u0144 przeznaczonych do zabawy dzieci.<\/span><\/p>\n<p style=\"text-align: justify;\"><span style=\"font-family: georgia, palatino, serif; font-size: 12pt;\"><strong>Obowi\u0105zuje: <\/strong>od 20 kwietnia do odwo\u0142ania<\/span><\/p>\n<p style=\"text-align: center;\"><span style=\"font-family: georgia, palatino, serif; font-size: 12pt;\"><strong>LICZBA KLIENT\u00d3W W SKLEPIE, NA TARGU I POCZCIE<\/strong><\/span><\/p>\n<p><span style=\"font-family: georgia, palatino, serif; font-size: 12pt;\"><strong>Ograniczenie dotyczy:\u00a0<\/strong>liczby klient\u00f3w przebywaj\u0105cych w jednym czasie na terenie sklepu, na targu i poczcie<\/span><\/p>\n<p><span style=\"font-family: georgia, palatino, serif; font-size: 12pt;\"><strong>Na czym polega?<\/strong><\/span><\/p>\n<ul style=\"text-align: justify;\">\n<li><span style=\"font-family: georgia, palatino, serif; font-size: 12pt;\"><strong>Sklepy i punkty us\u0142ugowe<\/strong><\/span><\/li>\n<\/ul>\n<div style=\"text-align: justify;\">\n<p style=\"text-align: justify;\"><span style=\"font-family: georgia, palatino, serif; font-size: 12pt;\"><strong>Do sklep\u00f3w, kt\u00f3rych powierzchnia us\u0142ugowa jest mniejsza ni\u017c 100 m2: <\/strong>4 osoby na jedno stanowisko kasowe. Czyli je\u015bli w sklepie s\u0105 2 stanowiska kasowe, to w jednym momencie na terenie sklepu mo\u017ce przebywa\u0107 8 klient\u00f3w.<\/span><br \/>\n<span style=\"font-family: georgia, palatino, serif; font-size: 12pt;\"><strong>Do sklep\u00f3w, kt\u00f3rych powierzchnia us\u0142ugowa jest wi\u0119ksza ni\u017c 100 m2:<\/strong> 1 osoba na 15 m2 tej powierzchni. Czyli w sklepie o powierzchni 300 m2, mo\u017ce przebywa\u0107 w jednym momencie na terenie sklepu 20 klient\u00f3w.<\/span><\/p>\n<\/div>\n<p style=\"text-align: justify;\"><span style=\"font-family: georgia, palatino, serif; font-size: 12pt;\"><strong>Obowi\u0105zuje: <\/strong>od 20 kwietnia do odwo\u0142ania.<\/span><\/p>\n<ul style=\"text-align: justify;\">\n<li><span style=\"font-family: georgia, palatino, serif; font-size: 12pt;\"><strong>Targi<\/strong><\/span><\/li>\n<\/ul>\n<div style=\"text-align: justify;\">\n<p><span style=\"font-family: georgia, palatino, serif; font-size: 12pt;\">Na terenie targowiska czy bazaru mo\u017ce przebywa\u0107 maksymalnie tyle os\u00f3b, ile wynosi liczba punkt\u00f3w handlowych pomno\u017cona przez 4.\u00a0Je\u015bli wi\u0119c na osiedlowym bazarze jest 20 takich punkt\u00f3w, to na jego terenie mo\u017ce przebywa\u0107 w jednym momencie maksymalnie 80 klient\u00f3w. Nie wliczamy w t\u0119 liczb\u0119 obs\u0142ugi stoisk.<\/span><\/p>\n<\/div>\n<p style=\"text-align: justify;\"><span style=\"font-family: georgia, palatino, serif; font-size: 12pt;\"><strong>Obowi\u0105zuje: <\/strong>od 20 kwietnia do odwo\u0142ania.<\/span><\/p>\n<p style=\"text-align: center;\"><span style=\"font-family: georgia, palatino, serif; font-size: 12pt;\"><strong>UROCZYSTO\u015aCI RELIGIJNE<\/strong><\/span><\/p>\n<p style=\"text-align: justify;\"><span style=\"font-family: georgia, palatino, serif; font-size: 12pt;\"><strong>Ograniczenie dotyczy:\u00a0<\/strong>udzia\u0142u w wydarzeniach o charakterze religijnym.<\/span><\/p>\n<p style=\"text-align: justify;\"><span style=\"font-family: georgia, palatino, serif; font-size: 12pt;\"><strong>Na czym polega?\u00a0<\/strong><\/span><\/p>\n<div style=\"text-align: justify;\">\n<p><span style=\"font-family: georgia, palatino, serif; font-size: 12pt;\">W mszy lub innym obrz\u0119dzie religijnym mo\u017ce uczestniczy\u0107 ograniczona liczba os\u00f3b. Jest to 1 uczestnik na 15 m2 powierzchni danego budynku, wy\u0142\u0105czaj\u0105c z tego osoby sprawuj\u0105ce pos\u0142ug\u0119.<\/span><\/p>\n<\/div>\n<p style=\"text-align: justify;\"><span style=\"font-family: georgia, palatino, serif; font-size: 12pt;\">Na cmentarzu mo\u017ce przebywa\u0107 nie wi\u0119cej ni\u017c 50 uczestnik\u00f3w podczas jednego pogrzebu, wy\u0142\u0105czaj\u0105c z tego osoby sprawuj\u0105ce pos\u0142ug\u0119, a tak\u017ce osoby dokonuj\u0105ce pochowania lub osoby zatrudnione przez zak\u0142ad lub dom pogrzebowy.<\/span><\/p>\n<p style=\"text-align: justify;\"><span style=\"font-family: georgia, palatino, serif; font-size: 12pt;\"><strong>Obowi\u0105zuje: <\/strong>od 20 kwietnia do odwo\u0142ania.<\/span><\/p>\n<p><span style=\"font-family: georgia, palatino, serif; font-size: 12pt;\"><strong>czytaj wi\u0119cej :<\/strong> <a href=\"https:\/\/www.gov.pl\/web\/koronawirus\/aktualne-zasady-i-ograniczenia\">https:\/\/www.gov.pl\/web\/koronawirus\/aktualne-zasady-i-ograniczenia<\/a><\/span><\/p>\n<p><strong><span style=\"font-family: georgia, palatino, serif; font-size: 12pt;\">tekst rozporz\u0105dzenia:<\/span><\/strong> <a href=\"http:\/\/dziennikustaw.gov.pl\/DU\/2020\/697\"><span style=\"font-family: georgia, palatino, serif; font-size: 12pt;\">http:\/\/dziennikustaw.gov.pl\/DU\/2020\/697<\/span><\/a><\/p>\n<p>&nbsp;<\/p>\n","protected":false},"excerpt":{"rendered":"<p>OGRANICZENIA W PRZEMIESZCZANIU SI\u0118 2 metry \u2013 minimalna odleg\u0142o\u015b\u0107 mi\u0119dzy pieszymi Wprowadzamy obowi\u0105zek utrzymania co najmniej 2-metrowej odleg\u0142o\u015bci mi\u0119dzy pieszymi. Dotyczy to tak\u017ce rodzin i bliskich. Wy\u0142\u0105czeni z tego obowi\u0105zku s\u0105: rodzice z dzie\u0107mi wymagaj\u0105cymi opieki (do 13 roku \u017cycia), a tak\u017ce osoby niepe\u0142nosprawne, niemog\u0105ce si\u0119 samodzielnie porusza\u0107, osoby z orzeczeniem o potrzebie kszta\u0142cenia specjalnego [&hellip;]<\/p>\n","protected":false},"author":4,"featured_media":10724,"comment_status":"closed","ping_status":"closed","sticky":false,"template":"","format":"standard","meta":{"footnotes":""},"categories":[16],"tags":[],"class_list":["post-11807","post","type-post","status-publish","format-standard","has-post-thumbnail","hentry","category-aktual"],"_links":{"self":[{"href":"https:\/\/smwroclaw.pl\/index.php?rest_route=\/wp\/v2\/posts\/11807","targetHints":{"allow":["GET"]}}],"collection":[{"href":"https:\/\/smwroclaw.pl\/index.php?rest_route=\/wp\/v2\/posts"}],"about":[{"href":"https:\/\/smwroclaw.pl\/index.php?rest_route=\/wp\/v2\/types\/post"}],"author":[{"embeddable":true,"href":"https:\/\/smwroclaw.pl\/index.php?rest_route=\/wp\/v2\/users\/4"}],"replies":[{"embeddable":true,"href":"https:\/\/smwroclaw.pl\/index.php?rest_route=%2Fwp%2Fv2%2Fcomments&post=11807"}],"version-history":[{"count":6,"href":"https:\/\/smwroclaw.pl\/index.php?rest_route=\/wp\/v2\/posts\/11807\/revisions"}],"predecessor-version":[{"id":11816,"href":"https:\/\/smwroclaw.pl\/index.php?rest_route=\/wp\/v2\/posts\/11807\/revisions\/11816"}],"wp:featuredmedia":[{"embeddable":true,"href":"https:\/\/smwroclaw.pl\/index.php?rest_route=\/wp\/v2\/media\/10724"}],"wp:attachment":[{"href":"https:\/\/smwroclaw.pl\/index.php?rest_route=%2Fwp%2Fv2%2Fmedia&parent=11807"}],"wp:term":[{"taxonomy":"category","embeddable":true,"href":"https:\/\/smwroclaw.pl\/index.php?rest_route=%2Fwp%2Fv2%2Fcategories&post=11807"},{"taxonomy":"post_tag","embeddable":true,"href":"https:\/\/smwroclaw.pl\/index.php?rest_route=%2Fwp%2Fv2%2Ftags&post=11807"}],"curies":[{"name":"wp","href":"https:\/\/api.w.org\/{rel}","templated":true}]}}