{"id":12105,"date":"2020-05-15T09:41:53","date_gmt":"2020-05-15T07:41:53","guid":{"rendered":"http:\/\/smwroclaw.pl\/?p=12105"},"modified":"2020-05-15T09:48:06","modified_gmt":"2020-05-15T07:48:06","slug":"zmieniaja-sie-ograniczenia-zwiazane-z-koronawirusem-czytaj-dalej","status":"publish","type":"post","link":"https:\/\/smwroclaw.pl\/?p=12105","title":{"rendered":"ZMIENIAJ\u0104 SI\u0118 OGRANICZENIA ZWI\u0104ZANE Z KORONAWIRUSEM (czytaj dalej)"},"content":{"rendered":"<p style=\"text-align: justify;\"><span style=\"font-family: georgia, palatino, serif; font-size: 12pt;\">Jak informuje <strong>Serwis Rzeczypospolitej Polskiej<\/strong> &#8211; przed nami trzeci, przedostatni etap znoszenia ogranicze\u0144 zwi\u0105zanych z koronawirusem. Od <strong>poniedzia\u0142ku 18 maja<\/strong> b\u0119dziemy mogli skorzysta\u0107 z us\u0142ug fryzjera i kosmetyczki, a tak\u017ce p\u00f3j\u015b\u0107 do restauracji i kawiarni. Do tych miejsc dotrzemy szybciej, poniewa\u017c podwy\u017cszamy limit pasa\u017cer\u00f3w w transporcie publicznym. Opr\u00f3cz tego od <strong>25 maja<\/strong> umo\u017cliwimy bezpo\u015brednie konsultacje z nauczycielami maturzystom i uczniom \u00f3smych klas oraz opiek\u0119 nad uczniami klas 1-3 w szko\u0142ach podstawowych. <\/span><\/p>\n<p style=\"text-align: justify;\"><span style=\"font-family: georgia, palatino, serif; font-size: 12pt;\">\u00a0<\/span><\/p>\n<p><!--more--><\/p>\n<h3 style=\"text-align: justify;\"><span style=\"font-family: georgia, palatino, serif; font-size: 12pt;\">Dzia\u0142alno\u015b\u0107 gospodarcza \u2013 otwieramy salony kosmetyczne i fryzjerskie oraz restauracje<\/span><\/h3>\n<div>\n<p style=\"text-align: justify;\"><span style=\"font-family: georgia, palatino, serif; font-size: 12pt;\">Odmra\u017camy gastronomi\u0119 i salony kosmetyczne. Od 18 maja b\u0119dziemy mogli:<\/span><\/p>\n<ul style=\"text-align: justify;\">\n<li><span style=\"font-family: georgia, palatino, serif; font-size: 12pt;\">skorzysta\u0107 z us\u0142ug kosmetyczek i fryzjer\u00f3w,<\/span><\/li>\n<li><span style=\"font-family: georgia, palatino, serif; font-size: 12pt;\">zje\u015b\u0107 w restauracji, kawiarni, barze, a tak\u017ce w centrum handlowym (w wydzielonej przestrzeni gastronomicznej).<\/span><\/li>\n<\/ul>\n<p style=\"text-align: justify;\"><span style=\"font-family: georgia, palatino, serif; font-size: 12pt;\"><strong>Wa\u017cne!<\/strong> Go\u015b\u0107 b\u0119dzie m\u00f3g\u0142 zje\u015b\u0107 posi\u0142ek zar\u00f3wno na sali, w \u015brodku, jak i w ogr\u00f3dku restauracyjnym.<\/span><\/p>\n<p style=\"text-align: justify;\"><span style=\"font-family: georgia, palatino, serif; font-size: 12pt;\">Pe\u0142ne otwarcie bran\u017cy gastronomicznej musi odby\u0107 si\u0119 pod warunkiem przestrzegania \u015bcis\u0142ych wytycznych sanitarnych, kt\u00f3re zapewni\u0105 bezpiecze\u0144stwo i obs\u0142udze, i klientom. Zasady te zosta\u0142y okre\u015blone podczas konsultacji z przedstawicielami poszczeg\u00f3lnych bran\u017c.<\/span><\/p>\n<p style=\"text-align: justify;\"><span style=\"font-family: georgia, palatino, serif; font-size: 12pt;\"><strong>W\u015br\u00f3d zalece\u0144 dla salon\u00f3w urody znalaz\u0142y si\u0119 m.in.:<\/strong><\/span><\/p>\n<ul style=\"text-align: justify;\">\n<li><span style=\"font-family: georgia, palatino, serif; font-size: 12pt;\">obowi\u0105zek noszenia przez klient\u00f3w i obs\u0142ug\u0119 maseczek, gogli lub przy\u0142bic (u fryzjera, a w salonie kosmetycznym \u2013 je\u015bli zabieg na to pozwala);<\/span><\/li>\n<li><span style=\"font-family: georgia, palatino, serif; font-size: 12pt;\">u\u017cywanie r\u0119cznik\u00f3w jednorazowych, gdy jest to mo\u017cliwe;<\/span><\/li>\n<li><span style=\"font-family: georgia, palatino, serif; font-size: 12pt;\">przyjmowanie klient\u00f3w po wcze\u015bniejszym um\u00f3wieniu si\u0119 na wizyt\u0119 telefonicznie lub online. <strong>Uwaga! <\/strong>Klient nie mo\u017ce oczekiwa\u0107 na us\u0142ug\u0119 w poczekalni.<\/span><\/li>\n<\/ul>\n<p style=\"text-align: justify;\"><span style=\"font-family: georgia, palatino, serif; font-size: 12pt;\"><strong>W\u015br\u00f3d wymog\u00f3w i zalece\u0144 dla gastronomii s\u0105 m.in.:<\/strong><\/span><\/p>\n<ul style=\"text-align: justify;\">\n<li><span style=\"font-family: georgia, palatino, serif; font-size: 12pt;\">limit os\u00f3b w lokalu (na 1 osob\u0119 musi przypada\u0107 co najmniej 4 m2);<\/span><\/li>\n<li><span style=\"font-family: georgia, palatino, serif; font-size: 12pt;\">dezynfekcja stolika po ka\u017cdym kliencie;<\/span><\/li>\n<li><span style=\"font-family: georgia, palatino, serif; font-size: 12pt;\">zachowanie 2 m odleg\u0142o\u015bci mi\u0119dzy stolikami. <strong>Wa\u017cne!<\/strong> Blaty mog\u0105 by\u0107 odsuni\u0119te od siebie o 1 m pod warunkiem, \u017ce stoliki oddzieli si\u0119 dodatkowo przegrodami o wysoko\u015bci minimum 1 m ponad blat stolika;<\/span><\/li>\n<li><span style=\"font-family: georgia, palatino, serif; font-size: 12pt;\">zachowanie dystansu 1,5 m od go\u015bci siedz\u0105cych przy osobnych stolikach;<\/span><\/li>\n<li><span style=\"font-family: georgia, palatino, serif; font-size: 12pt;\">noszenie maseczek oraz r\u0119kawiczek przez kucharzy oraz obs\u0142ug\u0119 lokalu gastronomicznego.<\/span><\/li>\n<\/ul>\n<p style=\"text-align: justify;\"><span style=\"font-family: georgia, palatino, serif; font-size: 12pt;\"><strong>Wa\u017cne!<\/strong> Go\u015bcie restauracji mog\u0105 zdj\u0105\u0107 maseczki, je\u015bli siedz\u0105 ju\u017c przy stolikach.<\/span><\/p>\n<h3 style=\"text-align: justify;\"><span style=\"font-family: georgia, palatino, serif; font-size: 12pt;\">\u017bycie spo\u0142eczne \u2013 opieka w szko\u0142ach dla najm\u0142odszych, konsultacje z nauczycielami i zmiany w komunikacji publicznej<\/span><\/h3>\n<div>\n<p style=\"text-align: justify;\"><span style=\"font-family: georgia, palatino, serif; font-size: 12pt;\"><strong>OPIEKA I EDUKACJA (od 18 maja, od 25 maja i od 1 czerwca)<\/strong><\/span><\/p>\n<p style=\"text-align: justify;\"><span style=\"font-family: georgia, palatino, serif; font-size: 12pt;\">Zmianie ulegnie obszar zwi\u0105zany z opiek\u0105 i edukacj\u0105. Od 18 maja b\u0119dzie mo\u017cna prowadzi\u0107 zaj\u0119cia:<\/span><\/p>\n<ul style=\"text-align: justify;\">\n<li><span style=\"font-family: georgia, palatino, serif; font-size: 12pt;\">praktyczne w szko\u0142ach policealnych,<\/span><\/li>\n<li><span style=\"font-family: georgia, palatino, serif; font-size: 12pt;\">rewalidacyjno-wychowawcze oraz wczesne wspomaganie rozwoju i specjalistyczn\u0105 rewalidacj\u0119.<\/span><\/li>\n<\/ul>\n<p style=\"text-align: justify;\"><span style=\"font-family: georgia, palatino, serif; font-size: 12pt;\">W poniedzia\u0142ek 18 maja otwarte zostan\u0105 tak\u017ce plac\u00f3wki i instytucje z baz\u0105 noclegow\u0105 i dzia\u0142alno\u015bci\u0105 opieku\u0144czo-edukacyjn\u0105. S\u0105 to np. schroniska m\u0142odzie\u017cowe, o\u015brodki sportowe czy \u015bwietlice \u015brodowiskowe.<\/span><\/p>\n<p style=\"text-align: justify;\"><span style=\"font-family: georgia, palatino, serif; font-size: 12pt;\"><strong>Od 25 maja umo\u017cliwimy prowadzenie:<\/strong><\/span><\/p>\n<ul style=\"text-align: justify;\">\n<li><span style=\"font-family: georgia, palatino, serif; font-size: 12pt;\">zaj\u0119\u0107 opieku\u0144czo-wychowawczych w klasach 1-3 szko\u0142y podstawowej<\/span><\/li>\n<\/ul>\n<p style=\"text-align: justify;\"><span style=\"font-family: georgia, palatino, serif; font-size: 12pt;\"><strong>Uwaga! <\/strong>Zaj\u0119cia opieku\u0144czo-wychowawcze b\u0119dzie mo\u017cna \u0142\u0105czy\u0107 z zaj\u0119ciami dydaktycznymi. Utrzymujemy obowi\u0105zek realizowania podstawy programowej. W zale\u017cno\u015bci od sytuacji w danej szkole dyrektor zdecyduje, czy b\u0119dzie to kszta\u0142cenie w formie stacjonarnej czy z wykorzystaniem metod i technik kszta\u0142cenia na odleg\u0142o\u015b\u0107. Niebawem Ministerstwo Edukacji Narodowej poda szczeg\u00f3\u0142y dotycz\u0105ce sanitarnych wytycznych dla szk\u00f3\u0142.<\/span><\/p>\n<ul style=\"text-align: justify;\">\n<li><span style=\"font-family: georgia, palatino, serif; font-size: 12pt;\">konsultacji z nauczycielami w szko\u0142ach dla maturzyst\u00f3w i uczni\u00f3w 8 klas przede wszystkim z przedmiot\u00f3w zdawanych na egzaminach. Konsultacje b\u0119d\u0105 mog\u0142y odbywa\u0107 si\u0119 indywidualnie lub w ma\u0142ych grupach.<\/span><\/li>\n<\/ul>\n<p style=\"text-align: justify;\"><span style=\"font-family: georgia, palatino, serif; font-size: 12pt;\"><strong>Wa\u017cne! <\/strong>Przed\u0142u\u017camy zasi\u0142ek opieku\u0144czy dla rodzic\u00f3w dzieci do lat 8.<\/span><\/p>\n<p style=\"text-align: justify;\"><span style=\"font-family: georgia, palatino, serif; font-size: 12pt;\"><strong>Od 1 czerwca <\/strong>\u2013 konsultacje w szko\u0142ach z nauczycielami dla pozosta\u0142ych uczni\u00f3w ze wszystkich przedmiot\u00f3w.<\/span><\/p>\n<p style=\"text-align: justify;\"><span style=\"font-family: georgia, palatino, serif; font-size: 12pt;\"><strong>Wa\u017cne!<\/strong> Od 17 maja dzieci poni\u017cej 13. roku \u017cycia b\u0119d\u0105 mog\u0142y wychodzi\u0107 z domu bez opieki doros\u0142ego opiekuna!<\/span><\/p>\n<p style=\"text-align: justify;\"><span style=\"font-family: georgia, palatino, serif; font-size: 12pt;\"><strong>TRANSPORT PUBLICZNY (od 18 maja)<\/strong><\/span><\/p>\n<p style=\"text-align: justify;\"><span style=\"font-family: georgia, palatino, serif; font-size: 12pt;\">Podwy\u017cszamy limit pasa\u017cer\u00f3w w \u015brodkach transportu publicznego. Dzi\u0119ki temu ju\u017c 18 maja autobusem, metrem czy tramwajem b\u0119dzie mog\u0142o je\u017adzi\u0107 r\u00f3wnocze\u015bnie wi\u0119cej os\u00f3b. Zarz\u0105dzaj\u0105cy transportem publicznym podejm\u0105 decyzj\u0119, czy skorzysta\u0107 z tej opcji. Ile os\u00f3b wejdzie na pok\u0142ad?<\/span><\/p>\n<ul style=\"text-align: justify;\">\n<li><span style=\"font-family: georgia, palatino, serif; font-size: 12pt;\">Tyle, ile wynosi po\u0142owa miejsc siedz\u0105cych (tak jak obecnie)<\/span><\/li>\n<\/ul>\n<p style=\"text-align: justify;\"><span style=\"font-family: georgia, palatino, serif; font-size: 12pt;\">lub<\/span><\/p>\n<ul style=\"text-align: justify;\">\n<li><span style=\"font-family: georgia, palatino, serif; font-size: 12pt;\">tyle, ile wynosi 30% liczby wszystkich miejsc siedz\u0105cych i stoj\u0105cych (w tym przypadku jednak po\u0142owa miejsc siedz\u0105cych musi pozosta\u0107 wolna).<\/span><\/li>\n<\/ul>\n<p style=\"text-align: justify;\"><span style=\"font-family: georgia, palatino, serif; font-size: 12pt;\"><strong>Przyk\u0142ad<\/strong> Je\u017celi w autobusie jest 30 miejsc siedz\u0105cych i 70 stoj\u0105cych (czyli w sumie 100), to r\u00f3wnocze\u015bnie mo\u017ce nim jecha\u0107 30 os\u00f3b. Przy czym po\u0142owa miejsc siedz\u0105cych musi pozosta\u0107 wolna. Do tej pory do takiego autobusu mog\u0142o wej\u015b\u0107 15 os\u00f3b.<\/span><\/p>\n<p style=\"text-align: justify;\"><span style=\"font-family: georgia, palatino, serif; font-size: 12pt;\"><strong>UROCZYSTO\u015aCI RELIGIJNE (od 17 maja)<\/strong><\/span><\/p>\n<p style=\"text-align: justify;\"><span style=\"font-family: georgia, palatino, serif; font-size: 12pt;\">Zmniejszamy r\u00f3wnie\u017c restrykcje zwi\u0105zane z przebywaniem wiernych w miejscach sprawowania kultu religijnego i na innych uroczysto\u015bciach religijnych. Od niedzieli 17 maja podczas mszy lub innego obrz\u0119du na 1 uczestnika musi przypada\u0107 10 m2. Dotychczas na 1 osob\u0119 przypada\u0142o 15 m2.<\/span><\/p>\n<p style=\"text-align: justify;\"><span style=\"font-family: georgia, palatino, serif; font-size: 12pt;\"><strong>SPORT (od 18 maja)<\/strong><\/span><\/p>\n<p style=\"text-align: justify;\"><span style=\"font-family: georgia, palatino, serif; font-size: 12pt;\">18 maja w poniedzia\u0142ek zwi\u0119kszymy limity os\u00f3b, kt\u00f3re mog\u0105 \u0107wiczy\u0107 na otwartych obiektach sportowych:<\/span><\/p>\n<ul style=\"text-align: justify;\">\n<li><span style=\"font-family: georgia, palatino, serif; font-size: 12pt;\">na stadionach, boiskach, skoczniach, torach, orlikach, skateparkach \u2013 mo\u017ce przebywa\u0107 maksymalnie 14 os\u00f3b (+ 2 trener\u00f3w);<\/span><\/li>\n<li><span style=\"font-family: georgia, palatino, serif; font-size: 12pt;\">na otwartych pe\u0142nowymiarowych boiskach pi\u0142karskich \u2013 mog\u0105 przebywa\u0107 maksymalnie 22 osoby (+ 4 trener\u00f3w).<\/span><\/li>\n<\/ul>\n<p style=\"text-align: justify;\"><span style=\"font-family: georgia, palatino, serif; font-size: 12pt;\"><strong>Uwaga!<\/strong> Wprowadzamy tak\u017ce mo\u017cliwo\u015b\u0107 dzielenia boiska pi\u0142karskiego na dwie po\u0142owy oddzielone od siebie buforem bezpiecze\u0144stwa. Je\u015bli wydzielimy 5-metrow\u0105 stref\u0119 buforow\u0105, wtedy na jednej po\u0142owie mo\u017ce przebywa\u0107 r\u00f3wnocze\u015bnie 16 os\u00f3b + 3 trener\u00f3w. W sumie na pe\u0142nowymiarowym boisku pi\u0142karskim mog\u0105 przebywa\u0107 w takim wariancie 32 osoby (+ 6 trener\u00f3w).<\/span><\/p>\n<p style=\"text-align: justify;\"><span style=\"font-family: georgia, palatino, serif; font-size: 12pt;\">18 maja umo\u017cliwimy tak\u017ce organizacj\u0119 <strong>zaj\u0119\u0107 w obiektach zamkni\u0119tych<\/strong>. W salach i halach sportowych r\u00f3wnocze\u015bnie b\u0119dzie mog\u0142o \u0107wiczy\u0107:<\/span><\/p>\n<ul>\n<li><span style=\"font-family: georgia, palatino, serif; font-size: 12pt;\">\u00a0\u00a0\u00a0\u00a0\u00a0\u00a0\u00a0\u00a0\u00a0\u00a0 12 os\u00f3b + trener (w obiektach do 300 m2),<\/span><\/li>\n<li><span style=\"font-family: georgia, palatino, serif; font-size: 12pt;\">\u00a0\u00a0\u00a0\u00a0\u00a0\u00a0\u00a0\u00a0\u00a0\u00a0 16 os\u00f3b + 2 trener\u00f3w (w obiektach od 301 do 800 m2),<\/span><\/li>\n<li><span style=\"font-family: georgia, palatino, serif; font-size: 12pt;\">\u00a0\u00a0\u00a0\u00a0\u00a0\u00a0\u00a0\u00a0\u00a0\u00a0 24 osoby + 2 trener\u00f3w (w obiektach od 801 do 1000 m2),<\/span><\/li>\n<li><span style=\"font-family: georgia, palatino, serif; font-size: 12pt;\">\u00a0\u00a0\u00a0\u00a0\u00a0\u00a0\u00a0\u00a0\u00a0\u00a0 32 osoby + 3 trener\u00f3w (w obiektach powy\u017cej 1000 m2).<\/span><\/li>\n<li style=\"list-style-type: none;\">\u00a0<\/li>\n<\/ul>\n<p style=\"text-align: justify;\"><span style=\"font-family: georgia, palatino, serif; font-size: 12pt;\"><strong>Wa\u017cne! <\/strong>W obiektach zamkni\u0119tych nie mo\u017cna b\u0119dzie korzysta\u0107 z szatni ani w\u0119z\u0142a sanitarnego (poza WC). Po ka\u017cdych zaj\u0119ciach nale\u017cy przeprowadzi\u0107 dezynfekcj\u0119 urz\u0105dze\u0144.<\/span><\/p>\n<p style=\"text-align: justify;\"><span style=\"font-family: georgia, palatino, serif; font-size: 12pt;\"><strong>KULTURA (od 18 maja)<\/strong><\/span><\/p>\n<p style=\"text-align: justify;\"><span style=\"font-family: georgia, palatino, serif; font-size: 12pt;\">Poluzowanie obostrze\u0144 nast\u0105pi r\u00f3wnie\u017c w \u015bwiecie kultury. I tak od 18 maja mo\u017cliwe b\u0119d\u0105 m.in.:<\/span><\/p>\n<ul style=\"text-align: justify;\">\n<li><span style=\"font-family: georgia, palatino, serif; font-size: 12pt;\">dzia\u0142alno\u015b\u0107 kin plenerowych (w tym samochodowych),<\/span><\/li>\n<li><span style=\"font-family: georgia, palatino, serif; font-size: 12pt;\">wznowienie prac na planach filmowych (z uwzgl\u0119dnieniem rygor\u00f3w sanitarnych),<\/span><\/li>\n<li><span style=\"font-family: georgia, palatino, serif; font-size: 12pt;\">wznowienie nagra\u0144 fonograficznych i audiowizualnych w instytucjach kultury,<\/span><\/li>\n<li><span style=\"font-family: georgia, palatino, serif; font-size: 12pt;\">indywidualne zaj\u0119cia na uczelniach artystycznych,<\/span><\/li>\n<li><span style=\"font-family: georgia, palatino, serif; font-size: 12pt;\">wznowienie pr\u00f3b i \u0107wicze\u0144.<\/span><\/li>\n<\/ul>\n<div style=\"text-align: justify;\">\n<p><span style=\"font-family: georgia, palatino, serif; font-size: 12pt;\"><strong>UCZELNIE (od 25 maja)<\/strong><\/span><\/p>\n<p><span style=\"font-family: georgia, palatino, serif; font-size: 12pt;\">Chcemy przywr\u00f3ci\u0107 r\u00f3wnie\u017c mo\u017cliwo\u015b\u0107 prowadzenia na uczelniach:<\/span><\/p>\n<ul>\n<li><span style=\"font-family: georgia, palatino, serif; font-size: 12pt;\">zaj\u0119\u0107 dydaktycznych (dla student\u00f3w ostatnich lat studi\u00f3w),<\/span><\/li>\n<li><span style=\"font-family: georgia, palatino, serif; font-size: 12pt;\">zaj\u0119\u0107, kt\u00f3re nie mog\u0105 by\u0107 realizowane zdalnie.<\/span><\/li>\n<\/ul>\n<p><span style=\"font-family: georgia, palatino, serif; font-size: 12pt;\">Powr\u00f3t do zaj\u0119\u0107 dotyczy r\u00f3wnie\u017c kszta\u0142cenia doktorant\u00f3w i zaj\u0119\u0107 organizowanych np. w laboratoriach i centrum symulacji medycznej.<\/span><\/p>\n<hr \/>\n<div>\n<p><span style=\"font-family: georgia, palatino, serif; font-size: 12pt;\"><strong>Uwaga! <\/strong>Szczeg\u00f3\u0142owe regulacje oraz dodatkowe wytyczne dotycz\u0105ce nowych zasad okre\u015bli rozporz\u0105dzenie, kt\u00f3re wkr\u00f3tce zostanie przekazane do konsultacji.<\/span><\/p>\n<hr \/>\n<\/div>\n<\/div>\n<h3 style=\"text-align: justify;\"><span style=\"font-family: georgia, palatino, serif; font-size: 12pt;\">Kontrole na granicy przed\u0142u\u017cone do 12 czerwca<\/span><\/h3>\n<div>\n<p style=\"text-align: justify;\"><span style=\"font-family: georgia, palatino, serif; font-size: 12pt;\">Przed\u0142u\u017camy tak\u017ce kontrol\u0119 graniczn\u0105 na granicy wewn\u0119trznej z Niemcami, Litw\u0105, Czechami i S\u0142owacj\u0105 o kolejne 30 dni \u2013 od 14 maja do 12 czerwca 2020 roku. Tak jak dotychczas granic\u0119 b\u0119dzie mo\u017cna przekroczy\u0107 tylko w wyznaczonych miejscach. Kontrole b\u0119d\u0105 te\u017c nadal prowadzone w portach morskich i na lotniskach.<\/span><\/p>\n<p style=\"text-align: justify;\"><span style=\"font-family: georgia, palatino, serif; font-size: 12pt;\"><strong>\u017ar\u00f3d\u0142o informacji:<\/strong> <a href=\"https:\/\/www.gov.pl\/web\/koronawirus\/znosimy-kolejne-ograniczenia--18-maja-pojdziesz-do-fryzjera-kosmetyczki-i-restauracji\">https:\/\/www.gov.pl\/web\/koronawirus\/znosimy-kolejne-ograniczenia&#8211;18-maja-pojdziesz-do-fryzjera-kosmetyczki-i-restauracji<\/a><\/span><\/p>\n<\/div>\n<\/div>\n<\/div>\n","protected":false},"excerpt":{"rendered":"<p>Jak informuje Serwis Rzeczypospolitej Polskiej &#8211; przed nami trzeci, przedostatni etap znoszenia ogranicze\u0144 zwi\u0105zanych z koronawirusem. Od poniedzia\u0142ku 18 maja b\u0119dziemy mogli skorzysta\u0107 z us\u0142ug fryzjera i kosmetyczki, a tak\u017ce p\u00f3j\u015b\u0107 do restauracji i kawiarni. Do tych miejsc dotrzemy szybciej, poniewa\u017c podwy\u017cszamy limit pasa\u017cer\u00f3w w transporcie publicznym. Opr\u00f3cz tego od 25 maja umo\u017cliwimy bezpo\u015brednie konsultacje [&hellip;]<\/p>\n","protected":false},"author":4,"featured_media":12107,"comment_status":"closed","ping_status":"closed","sticky":false,"template":"","format":"standard","meta":{"footnotes":""},"categories":[16],"tags":[],"class_list":["post-12105","post","type-post","status-publish","format-standard","has-post-thumbnail","hentry","category-aktual"],"_links":{"self":[{"href":"https:\/\/smwroclaw.pl\/index.php?rest_route=\/wp\/v2\/posts\/12105","targetHints":{"allow":["GET"]}}],"collection":[{"href":"https:\/\/smwroclaw.pl\/index.php?rest_route=\/wp\/v2\/posts"}],"about":[{"href":"https:\/\/smwroclaw.pl\/index.php?rest_route=\/wp\/v2\/types\/post"}],"author":[{"embeddable":true,"href":"https:\/\/smwroclaw.pl\/index.php?rest_route=\/wp\/v2\/users\/4"}],"replies":[{"embeddable":true,"href":"https:\/\/smwroclaw.pl\/index.php?rest_route=%2Fwp%2Fv2%2Fcomments&post=12105"}],"version-history":[{"count":5,"href":"https:\/\/smwroclaw.pl\/index.php?rest_route=\/wp\/v2\/posts\/12105\/revisions"}],"predecessor-version":[{"id":12111,"href":"https:\/\/smwroclaw.pl\/index.php?rest_route=\/wp\/v2\/posts\/12105\/revisions\/12111"}],"wp:featuredmedia":[{"embeddable":true,"href":"https:\/\/smwroclaw.pl\/index.php?rest_route=\/wp\/v2\/media\/12107"}],"wp:attachment":[{"href":"https:\/\/smwroclaw.pl\/index.php?rest_route=%2Fwp%2Fv2%2Fmedia&parent=12105"}],"wp:term":[{"taxonomy":"category","embeddable":true,"href":"https:\/\/smwroclaw.pl\/index.php?rest_route=%2Fwp%2Fv2%2Fcategories&post=12105"},{"taxonomy":"post_tag","embeddable":true,"href":"https:\/\/smwroclaw.pl\/index.php?rest_route=%2Fwp%2Fv2%2Ftags&post=12105"}],"curies":[{"name":"wp","href":"https:\/\/api.w.org\/{rel}","templated":true}]}}