{"id":12207,"date":"2020-05-26T12:33:58","date_gmt":"2020-05-26T10:33:58","guid":{"rendered":"http:\/\/smwroclaw.pl\/?p=12207"},"modified":"2020-05-26T21:39:09","modified_gmt":"2020-05-26T19:39:09","slug":"podziekowania-dla-straznikow-miejskich-za-dzialania-prewencyjne-w-zwiazku-z-covid-19","status":"publish","type":"post","link":"https:\/\/smwroclaw.pl\/?p=12207","title":{"rendered":"PODZI\u0118KOWANIA DLA STRA\u017bNIK\u00d3W MIEJSKICH ZA DZIA\u0141ANIA PREWENCYJNE W ZWI\u0104ZKU Z COVID-19"},"content":{"rendered":"<p style=\"text-align: justify;\"><span style=\"font-size: 12pt; font-family: georgia, palatino, serif;\">W dniu <strong>25 maja 2020 r.<\/strong> na r\u0119ce Komendanta Stra\u017cy Miejskiej Wroc\u0142awia wp\u0142yn\u0119\u0142y podzi\u0119kowania dla naszych funkcjonariuszy: <strong>m\u0142. spec. Marcina Marcinowskiego i aplikanta Patryka M\u0105czy\u0144skiego<\/strong>, za pe\u0142nion\u0105 s\u0142u\u017cb\u0119 w Powiatowym Urz\u0119dzie Pracy we Wroc\u0142awiu. Jest nam niezwykle mi\u0142o, \u017ce docenione zosta\u0142o zaanga\u017cowanie naszych stra\u017cnik\u00f3w w zwi\u0105zku z prowadzonymi przez nich dzia\u0142aniami maj\u0105cymi na celu przeciwdzia\u0142anie rozprzestrzenianiu si\u0119 koronawirusa. Takie s\u0142owa s\u0105 dla nas wsparciem i ka\u017cdorazowo motywacj\u0105 do dalszej pracy na rzecz mieszka\u0144c\u00f3w Wroc\u0142awia.<\/span><\/p>\n<p><!--more--><\/p>\n<p><img fetchpriority=\"high\" decoding=\"async\" class=\"alignnone  wp-image-12210 aligncenter\" src=\"https:\/\/smwroclaw.pl\/wp-content\/uploads\/2020\/05\/Podziekowania-Up-212x300.png\" alt=\"\" width=\"568\" height=\"802\" srcset=\"https:\/\/smwroclaw.pl\/wp-content\/uploads\/2020\/05\/Podziekowania-Up-212x300.png 212w, https:\/\/smwroclaw.pl\/wp-content\/uploads\/2020\/05\/Podziekowania-Up-768x1086.png 768w, https:\/\/smwroclaw.pl\/wp-content\/uploads\/2020\/05\/Podziekowania-Up-1086x1536.png 1086w, https:\/\/smwroclaw.pl\/wp-content\/uploads\/2020\/05\/Podziekowania-Up.png 1414w\" sizes=\"(max-width: 568px) 100vw, 568px\" \/><\/p>\n<p>KB<\/p>\n","protected":false},"excerpt":{"rendered":"<p>W dniu 25 maja 2020 r. na r\u0119ce Komendanta Stra\u017cy Miejskiej Wroc\u0142awia wp\u0142yn\u0119\u0142y podzi\u0119kowania dla naszych funkcjonariuszy: m\u0142. spec. Marcina Marcinowskiego i aplikanta Patryka M\u0105czy\u0144skiego, za pe\u0142nion\u0105 s\u0142u\u017cb\u0119 w Powiatowym Urz\u0119dzie Pracy we Wroc\u0142awiu. Jest nam niezwykle mi\u0142o, \u017ce docenione zosta\u0142o zaanga\u017cowanie naszych stra\u017cnik\u00f3w w zwi\u0105zku z prowadzonymi przez nich dzia\u0142aniami maj\u0105cymi na celu przeciwdzia\u0142anie [&hellip;]<\/p>\n","protected":false},"author":12,"featured_media":12214,"comment_status":"closed","ping_status":"closed","sticky":false,"template":"","format":"standard","meta":{"footnotes":""},"categories":[16],"tags":[],"class_list":["post-12207","post","type-post","status-publish","format-standard","has-post-thumbnail","hentry","category-aktual"],"_links":{"self":[{"href":"https:\/\/smwroclaw.pl\/index.php?rest_route=\/wp\/v2\/posts\/12207","targetHints":{"allow":["GET"]}}],"collection":[{"href":"https:\/\/smwroclaw.pl\/index.php?rest_route=\/wp\/v2\/posts"}],"about":[{"href":"https:\/\/smwroclaw.pl\/index.php?rest_route=\/wp\/v2\/types\/post"}],"author":[{"embeddable":true,"href":"https:\/\/smwroclaw.pl\/index.php?rest_route=\/wp\/v2\/users\/12"}],"replies":[{"embeddable":true,"href":"https:\/\/smwroclaw.pl\/index.php?rest_route=%2Fwp%2Fv2%2Fcomments&post=12207"}],"version-history":[{"count":11,"href":"https:\/\/smwroclaw.pl\/index.php?rest_route=\/wp\/v2\/posts\/12207\/revisions"}],"predecessor-version":[{"id":12220,"href":"https:\/\/smwroclaw.pl\/index.php?rest_route=\/wp\/v2\/posts\/12207\/revisions\/12220"}],"wp:featuredmedia":[{"embeddable":true,"href":"https:\/\/smwroclaw.pl\/index.php?rest_route=\/wp\/v2\/media\/12214"}],"wp:attachment":[{"href":"https:\/\/smwroclaw.pl\/index.php?rest_route=%2Fwp%2Fv2%2Fmedia&parent=12207"}],"wp:term":[{"taxonomy":"category","embeddable":true,"href":"https:\/\/smwroclaw.pl\/index.php?rest_route=%2Fwp%2Fv2%2Fcategories&post=12207"},{"taxonomy":"post_tag","embeddable":true,"href":"https:\/\/smwroclaw.pl\/index.php?rest_route=%2Fwp%2Fv2%2Ftags&post=12207"}],"curies":[{"name":"wp","href":"https:\/\/api.w.org\/{rel}","templated":true}]}}