{"id":12232,"date":"2020-05-29T07:21:06","date_gmt":"2020-05-29T05:21:06","guid":{"rendered":"http:\/\/smwroclaw.pl\/?p=12232"},"modified":"2020-05-29T07:22:20","modified_gmt":"2020-05-29T05:22:20","slug":"nowe-zasady-zaslaniania-nosa-i-ust-otwarte-kina-i-silownie-wchodzimy-w-kolejny-etap-odmrazania-informuje-serwis-rzeczypospolitej-polskiej","status":"publish","type":"post","link":"https:\/\/smwroclaw.pl\/?p=12232","title":{"rendered":"Nowe zasady zas\u0142aniania nosa i ust, otwarte kina i si\u0142ownie \u2013 wchodzimy w kolejny etap odmra\u017cania &#8211; informuje Serwis Rzeczypospolitej Polskiej (czytaj dalej)"},"content":{"rendered":"<h3>W PRZESTRZENI OTWARTEJ: ALBO DYSTANS SPO\u0141ECZNY ALBO MASECZKA (od 30 maja)<\/h3>\n<div>\n<p style=\"text-align: justify;\"><span style=\"font-family: georgia, palatino, serif; font-size: 12pt;\">Je\u015bli w przestrzeni otwartej masz mo\u017cliwo\u015b\u0107 zachowania 2 metr\u00f3w odleg\u0142o\u015bci od innych, nie musisz zas\u0142ania\u0107 ust i nosa. Mo\u017cesz wi\u0119c spacerowa\u0107, je\u017adzi\u0107 rowerem, chodzi\u0107 po ulicy, parku, pla\u017cy czy parkingu bez maseczki \u2013 ale tylko wtedy, gdy zachowasz odpowiedni dystans spo\u0142eczny.<\/span><\/p>\n<p>&nbsp;<\/p>\n<p style=\"text-align: justify;\"><span style=\"font-family: georgia, palatino, serif; font-size: 12pt;\"><strong>Uwaga! <\/strong>Je\u015bli nie jeste\u015b w stanie na \u015bwie\u017cym powietrzu utrzyma\u0107 2-metrowego dystansu od innych \u2013 na przyk\u0142ad na zat\u0142oczonym chodniku \u2013 w\u00f3wczas musisz zas\u0142oni\u0107 usta i nos. Chodzi o nasze wsp\u00f3lne bezpiecze\u0144stwo.<\/span><\/p>\n<p style=\"text-align: justify;\"><span style=\"font-family: georgia, palatino, serif; font-size: 12pt;\">Pami\u0119tajmy! Z obowi\u0105zku utrzymania 2-metrowego dystansu spo\u0142ecznego wy\u0142\u0105czeni s\u0105 rodzice z dzie\u0107mi wymagaj\u0105cymi opieki (do 13. roku \u017cycia), osoby wsp\u00f3lnie mieszkaj\u0105ce, osoby niepe\u0142nosprawne, osoby, kt\u00f3re zas\u0142aniaj\u0105 usta i nos.<\/span><\/p>\n<p style=\"text-align: justify;\"><span style=\"font-family: georgia, palatino, serif; font-size: 12pt;\"><strong>Tutaj musisz zas\u0142ania\u0107 usta i nos!<\/strong><\/span><\/p>\n<p style=\"text-align: justify;\"><span style=\"font-family: georgia, palatino, serif; font-size: 12pt;\">Istniej\u0105 miejsca, w kt\u00f3rych trzeba obowi\u0105zkowo zas\u0142ania\u0107 usta i nos. S\u0105 to:<\/span><\/p>\n<ul style=\"text-align: justify;\">\n<li><span style=\"font-family: georgia, palatino, serif; font-size: 12pt;\">autobusy i tramwaje,<\/span><\/li>\n<li><span style=\"font-family: georgia, palatino, serif; font-size: 12pt;\">sklepy,<\/span><\/li>\n<li><span style=\"font-family: georgia, palatino, serif; font-size: 12pt;\">kina i teatry,<\/span><\/li>\n<li><span style=\"font-family: georgia, palatino, serif; font-size: 12pt;\">salony masa\u017cu i tatua\u017cu,<\/span><\/li>\n<li><span style=\"font-family: georgia, palatino, serif; font-size: 12pt;\">ko\u015bcio\u0142y,<\/span><\/li>\n<li><span style=\"font-family: georgia, palatino, serif; font-size: 12pt;\">urz\u0119dy (je\u015bli idziesz za\u0142atwi\u0107 jak\u0105\u015b spraw\u0119 do urz\u0119du).<\/span><\/li>\n<\/ul>\n<p style=\"text-align: justify;\"><span style=\"font-family: georgia, palatino, serif; font-size: 12pt;\">Dodatkowe miejsca, w kt\u00f3rych b\u0119dzie trzeba zas\u0142ania\u0107 usta i nos, okre\u015bli G\u0142\u00f3wny Inspektorat Sanitarny.<\/span><\/p>\n<p style=\"text-align: justify;\"><span style=\"font-family: georgia, palatino, serif; font-size: 12pt;\"><strong>Wyj\u0105tki. Gdzie nie trzeba zakrywa\u0107 ust i nosa?<\/strong><\/span><\/p>\n<ul style=\"text-align: justify;\">\n<li><span style=\"font-family: georgia, palatino, serif; font-size: 12pt;\">W pracy \u2013 je\u017celi pracodawca zapewni odpowiednie odleg\u0142o\u015bci mi\u0119dzy stanowiskami i spe\u0142ni wymogi sanitarne.<\/span><\/li>\n<li><span style=\"font-family: georgia, palatino, serif; font-size: 12pt;\">W restauracji lub barze \u2013 gdy zajmiesz miejsce przy stole.<\/span><\/li>\n<\/ul>\n<p style=\"text-align: justify;\">\u00a0<\/p>\n<\/div>\n<p><!--more--><\/p>\n<h3 style=\"text-align: justify;\"><span style=\"font-family: georgia, palatino, serif; font-size: 12pt;\">ZNOSIMY LIMITY OS\u00d3B \u2013 W SKLEPACH, NA TARGU, POCZCIE, W RESTAURACJACH (od 30 maja)<\/span><\/h3>\n<div style=\"text-align: justify;\">\n<p><span style=\"font-family: georgia, palatino, serif; font-size: 12pt;\">Znosimy limity os\u00f3b w bran\u017cy handlowej i gastronomicznej. Do tej pory w sklepie, restauracji, na targu, w punkcie us\u0142ugowym czy na poczcie na 1 osob\u0119 musia\u0142a przypada\u0107 okre\u015blona powierzchnia lub liczba okienek. Od 30 maja ta zasada przestaje obowi\u0105zywa\u0107.<\/span><\/p>\n<p><span style=\"font-family: georgia, palatino, serif; font-size: 12pt;\">Obecnie trwaj\u0105 r\u00f3wnie\u017c rozmowy ze zwi\u0105zkami sportowymi na temat limitu os\u00f3b na stadionach.<\/span><\/p>\n<p><span style=\"font-family: georgia, palatino, serif; font-size: 12pt;\"><strong>Uwaga!<\/strong> W punktach gastronomicznych nadal musi by\u0107 zachowana odpowiednia odleg\u0142o\u015b\u0107 mi\u0119dzy stolikami. A klienci zanim usi\u0105d\u0105 do stolika, musz\u0105 mie\u0107 za\u0142o\u017cone maseczki. Obowi\u0105zuj\u0105 r\u00f3wnie\u017c nadal wszystkie wytyczne sanitarne &#8211; m.in. dezynfekcja r\u0105k i stolik\u00f3w.<\/span><\/p>\n<p><span style=\"font-family: georgia, palatino, serif; font-size: 12pt;\"><strong>Wa\u017cne!<\/strong> Pami\u0119taj o tym, \u017ce w sklepie, na targu i na poczcie nadal jest obowi\u0105zek zas\u0142aniania nosa i ust. A w sklepie tak\u017ce obowi\u0105zkowa dezynfekcja r\u0105k lub noszenie r\u0119kawiczek.<\/span><\/p>\n<p><span style=\"font-family: georgia, palatino, serif; font-size: 12pt;\"><strong>Uroczysto\u015bci religijne i pogrzeby <\/strong><\/span><\/p>\n<p><span style=\"font-family: georgia, palatino, serif; font-size: 12pt;\">Zniesienie obostrze\u0144 obejmie r\u00f3wnie\u017c ko\u015bcio\u0142y i inne miejsca sprawowania kultu religijnego. Tutaj limit os\u00f3b r\u00f3wnie\u017c przestaje obowi\u0105zywa\u0107 od soboty 30 maja. Podobnie z uroczysto\u015bciami pogrzebowymi \u2013 nie b\u0119dzie obowi\u0105zywa\u0142 dotychczasowy limit 50 os\u00f3b.<\/span><\/p>\n<p><span style=\"font-family: georgia, palatino, serif; font-size: 12pt;\"><strong>Wa\u017cne! <\/strong>W ko\u015bcio\u0142ach i \u015bwi\u0105tyniach wierni musz\u0105 zas\u0142ania\u0107 usta i nos.<\/span><\/p>\n<\/div>\n<h3 style=\"text-align: justify;\"><span style=\"font-family: georgia, palatino, serif; font-size: 12pt;\">ZGROMADZENIA I WESELA DO 150 OS\u00d3B<\/span><\/h3>\n<div style=\"text-align: justify;\">\n<p><span style=\"font-family: georgia, palatino, serif; font-size: 12pt;\"><strong>Zgromadzenia na powietrzu i koncerty plenerowe do 150 os\u00f3b (od 30 maja)<\/strong><\/span><\/p>\n<p><span style=\"font-family: georgia, palatino, serif; font-size: 12pt;\">Od soboty 30 maja w przestrzeniach otwartych dozwolona jest organizacja zgromadze\u0144, a tak\u017ce koncert\u00f3w plenerowych, w kt\u00f3rych bierze udzia\u0142 do 150 os\u00f3b. Uczestnicy musz\u0105 jednak zas\u0142ania\u0107 usta i nos lub zachowa\u0107 2-metrowy dystans spo\u0142eczny.<\/span><\/p>\n<p><span style=\"font-family: georgia, palatino, serif; font-size: 12pt;\"><strong>Wa\u017cne!<\/strong> Sanepid b\u0119dzie przedstawia\u0142 rekomendacje, gdzie ze wzgl\u0119du na sytuacj\u0119 epidemiologiczn\u0105 zgromadzenia lub koncerty plenerowe nie powinny si\u0119 odbywa\u0107. Ostateczna decyzja nale\u017cy jednak do w\u0142a\u015bciwej jednostki samorz\u0105du terytorialnego.<\/span><\/p>\n<p><span style=\"font-family: georgia, palatino, serif; font-size: 12pt;\"><strong>Wesela i inne uroczysto\u015bci rodzinne (od 6 czerwca)<\/strong><\/span><\/p>\n<p><span style=\"font-family: georgia, palatino, serif; font-size: 12pt;\">Umo\u017cliwiamy r\u00f3wnie\u017c organizacj\u0119 wesel i uroczysto\u015bci rodzinnych, w kt\u00f3rych bierze udzia\u0142 do 150 os\u00f3b.<\/span><\/p>\n<p><span style=\"font-family: georgia, palatino, serif; font-size: 12pt;\"><strong>Uwaga!<\/strong> Weselnicy nie musz\u0105 nosi\u0107 maseczek.<\/span><\/p>\n<\/div>\n<h3 style=\"text-align: justify;\"><span style=\"font-family: georgia, palatino, serif; font-size: 12pt;\">HOTELE OTWARTE W PE\u0141NI<\/span><\/h3>\n<div style=\"text-align: justify;\">\n<p><span style=\"font-family: georgia, palatino, serif; font-size: 12pt;\">Od 30 maja restauracje i bary hotelowe mog\u0105 by\u0107 otwarte i serwowa\u0107 na sali posi\u0142ki go\u015bciom. Od 6 czerwca natomiast w hotelach mog\u0105 zacz\u0105\u0107 dzia\u0142a\u0107 baseny, si\u0142ownie, kluby fitness.<\/span><\/p>\n<p><span style=\"font-family: georgia, palatino, serif; font-size: 12pt;\">W\u0142a\u015bciciele hoteli musz\u0105 jednak zachowywa\u0107 okre\u015blone zasady sanitarne.<\/span><\/p>\n<\/div>\n<h3 style=\"text-align: justify;\"><span style=\"font-family: georgia, palatino, serif; font-size: 12pt;\">KULTURA, SPORT, SALONY MASA\u017bU, TARGI (od 6 czerwca)<\/span><\/h3>\n<div>\n<p style=\"text-align: justify;\"><span style=\"font-family: georgia, palatino, serif; font-size: 12pt;\">Od 6 czerwca dzia\u0142alno\u015b\u0107 mog\u0105 wznowi\u0107 w okre\u015blonych warunkach sanitarnych:<\/span><\/p>\n<ul style=\"text-align: justify;\">\n<li><span style=\"font-family: georgia, palatino, serif; font-size: 12pt;\">kina, teatry, opery, balet,<\/span><\/li>\n<li><span style=\"font-family: georgia, palatino, serif; font-size: 12pt;\">baseny, si\u0142ownie, kluby fitness, sale zabaw i parki rozrywki<\/span><\/li>\n<\/ul>\n<p style=\"text-align: justify;\"><span style=\"font-family: georgia, palatino, serif; font-size: 12pt;\"><strong>Wa\u017cne!<\/strong> Ju\u017c od 30 maja b\u0119dziemy mogli korzysta\u0107 z si\u0142owni na \u015bwie\u017cym powietrzu, plac\u00f3w zabaw, a tak\u017ce z ma\u0142ej infrastruktury le\u015bnej.<\/span><\/p>\n<ul>\n<li style=\"text-align: justify;\"><span style=\"font-family: georgia, palatino, serif; font-size: 12pt;\">sauny, solaria, salony masa\u017cu i tatua\u017cu.<\/span><\/li>\n<\/ul>\n<p>wf<\/p>\n<\/div>\n","protected":false},"excerpt":{"rendered":"<p>W PRZESTRZENI OTWARTEJ: ALBO DYSTANS SPO\u0141ECZNY ALBO MASECZKA (od 30 maja) Je\u015bli w przestrzeni otwartej masz mo\u017cliwo\u015b\u0107 zachowania 2 metr\u00f3w odleg\u0142o\u015bci od innych, nie musisz zas\u0142ania\u0107 ust i nosa. Mo\u017cesz wi\u0119c spacerowa\u0107, je\u017adzi\u0107 rowerem, chodzi\u0107 po ulicy, parku, pla\u017cy czy parkingu bez maseczki \u2013 ale tylko wtedy, gdy zachowasz odpowiedni dystans spo\u0142eczny. &nbsp; Uwaga! Je\u015bli [&hellip;]<\/p>\n","protected":false},"author":4,"featured_media":12107,"comment_status":"closed","ping_status":"closed","sticky":false,"template":"","format":"standard","meta":{"footnotes":""},"categories":[16],"tags":[],"class_list":["post-12232","post","type-post","status-publish","format-standard","has-post-thumbnail","hentry","category-aktual"],"_links":{"self":[{"href":"https:\/\/smwroclaw.pl\/index.php?rest_route=\/wp\/v2\/posts\/12232","targetHints":{"allow":["GET"]}}],"collection":[{"href":"https:\/\/smwroclaw.pl\/index.php?rest_route=\/wp\/v2\/posts"}],"about":[{"href":"https:\/\/smwroclaw.pl\/index.php?rest_route=\/wp\/v2\/types\/post"}],"author":[{"embeddable":true,"href":"https:\/\/smwroclaw.pl\/index.php?rest_route=\/wp\/v2\/users\/4"}],"replies":[{"embeddable":true,"href":"https:\/\/smwroclaw.pl\/index.php?rest_route=%2Fwp%2Fv2%2Fcomments&post=12232"}],"version-history":[{"count":4,"href":"https:\/\/smwroclaw.pl\/index.php?rest_route=\/wp\/v2\/posts\/12232\/revisions"}],"predecessor-version":[{"id":12236,"href":"https:\/\/smwroclaw.pl\/index.php?rest_route=\/wp\/v2\/posts\/12232\/revisions\/12236"}],"wp:featuredmedia":[{"embeddable":true,"href":"https:\/\/smwroclaw.pl\/index.php?rest_route=\/wp\/v2\/media\/12107"}],"wp:attachment":[{"href":"https:\/\/smwroclaw.pl\/index.php?rest_route=%2Fwp%2Fv2%2Fmedia&parent=12232"}],"wp:term":[{"taxonomy":"category","embeddable":true,"href":"https:\/\/smwroclaw.pl\/index.php?rest_route=%2Fwp%2Fv2%2Fcategories&post=12232"},{"taxonomy":"post_tag","embeddable":true,"href":"https:\/\/smwroclaw.pl\/index.php?rest_route=%2Fwp%2Fv2%2Ftags&post=12232"}],"curies":[{"name":"wp","href":"https:\/\/api.w.org\/{rel}","templated":true}]}}