{"id":12296,"date":"2020-06-09T09:11:56","date_gmt":"2020-06-09T07:11:56","guid":{"rendered":"http:\/\/smwroclaw.pl\/?p=12296"},"modified":"2020-06-09T09:42:21","modified_gmt":"2020-06-09T07:42:21","slug":"wojewoda-dolnoslaski-wydal-decyzje-dotyczaca-strazy-miejskiej-wroclawia-czytaj-dalej","status":"publish","type":"post","link":"https:\/\/smwroclaw.pl\/?p=12296","title":{"rendered":"WOJEWODA DOLNO\u015aL\u0104SKI WYDA\u0141 DECYZJ\u0118 DOTYCZ\u0104C\u0104 STRA\u017bY MIEJSKIEJ WROC\u0141AWIA (czytaj dalej)"},"content":{"rendered":"<p><span style=\"font-family: georgia, palatino, serif; font-size: 12pt;\"><strong>W zwi\u0105zku z Decyzj\u0105 Wojewody Dolno\u015bl\u0105skiego z dnia 4 czerwca 2020 r.<\/strong><\/span><\/p>\n<p>&nbsp;<\/p>\n<ul>\n<li style=\"text-align: justify;\"><span style=\"font-family: georgia, palatino, serif; font-size: 12pt;\">Stra\u017c Miejska Wroc\u0142awia dyslokuje patrole oraz organizuje wsp\u00f3lne patrole z Policj\u0105 zgodnie ze wskazaniami komendant\u00f3w w\u0142a\u015bciwych terytorialnie jednostek Policji.<\/span><\/li>\n<\/ul>\n<p>&nbsp;<\/p>\n<p>&nbsp;<\/p>\n<ul>\n<li style=\"text-align: justify;\"><span style=\"font-family: georgia, palatino, serif; font-size: 12pt;\">Stra\u017c miejska Wroc\u0142awia prowadzi wsp\u00f3\u0142prac\u0119 z Policj\u0105 w zakresie weryfikacji realizacji nakaz\u00f3w, zakaz\u00f3w i obowi\u0105zk\u00f3w wynikaj\u0105cych z przepis\u00f3w prawa powszechnie obowi\u0105zuj\u0105cego, zwi\u0105zanych z zapobieganiem rozprzestrzeniania si\u0119 wirusa SARS-CoV-2.<\/span><\/li>\n<\/ul>\n<p>&nbsp;<\/p>\n<ul>\n<li style=\"text-align: justify;\"><span style=\"font-family: georgia, palatino, serif; font-size: 12pt;\">Pozosta\u0142e zadania s\u0105 realizowane wy\u0142\u0105cznie w zakresie, w jakim s\u0142u\u017c\u0105 prowadzeniu dzia\u0142a\u0144 zwi\u0105zanych z weryfikacj\u0105 wykonywania ww. nakaz\u00f3w i obowi\u0105zk\u00f3w wynikaj\u0105cych z przepis\u00f3w prawa powszechnie obowi\u0105zuj\u0105cego, zwi\u0105zanych z zapobieganiem rozprzestrzeniania si\u0119 choroby zaka\u017anej COVID-19\u00a0 <strong>a w przypadku gdy zadania zwi\u0105zane z COVID-19 nie zajmuj\u0105 100 procent czasu dzia\u0142a\u0144 Stra\u017cy Miejskiej Wroc\u0142awia, stra\u017c miejska mo\u017ce wykonywa\u0107 r\u00f3wnie\u017c swoje bie\u017c\u0105ce zadania \u2013 niezwi\u0105zane z COVID-19.<\/strong><\/span><\/li>\n<\/ul>\n<p><!--more--><\/p>\n<p>&nbsp;<\/p>\n<p><img fetchpriority=\"high\" decoding=\"async\" class=\" wp-image-12299 aligncenter\" src=\"https:\/\/smwroclaw.pl\/wp-content\/uploads\/2020\/06\/IMG_20200609_090028_resized_20200609_090700186.jpg\" alt=\"\" width=\"703\" height=\"937\" srcset=\"https:\/\/smwroclaw.pl\/wp-content\/uploads\/2020\/06\/IMG_20200609_090028_resized_20200609_090700186.jpg 1368w, https:\/\/smwroclaw.pl\/wp-content\/uploads\/2020\/06\/IMG_20200609_090028_resized_20200609_090700186-225x300.jpg 225w, https:\/\/smwroclaw.pl\/wp-content\/uploads\/2020\/06\/IMG_20200609_090028_resized_20200609_090700186-768x1024.jpg 768w, https:\/\/smwroclaw.pl\/wp-content\/uploads\/2020\/06\/IMG_20200609_090028_resized_20200609_090700186-1152x1536.jpg 1152w\" sizes=\"(max-width: 703px) 100vw, 703px\" \/><\/p>\n<p><img decoding=\"async\" class=\"wp-image-12300 aligncenter\" src=\"https:\/\/smwroclaw.pl\/wp-content\/uploads\/2020\/06\/IMG_20200609_090058_resized_20200609_090659875.jpg\" alt=\"\" width=\"712\" height=\"950\" srcset=\"https:\/\/smwroclaw.pl\/wp-content\/uploads\/2020\/06\/IMG_20200609_090058_resized_20200609_090659875.jpg 1368w, https:\/\/smwroclaw.pl\/wp-content\/uploads\/2020\/06\/IMG_20200609_090058_resized_20200609_090659875-225x300.jpg 225w, https:\/\/smwroclaw.pl\/wp-content\/uploads\/2020\/06\/IMG_20200609_090058_resized_20200609_090659875-768x1024.jpg 768w, https:\/\/smwroclaw.pl\/wp-content\/uploads\/2020\/06\/IMG_20200609_090058_resized_20200609_090659875-1152x1536.jpg 1152w\" sizes=\"(max-width: 712px) 100vw, 712px\" \/><\/p>\n<p>wf<\/p>\n","protected":false},"excerpt":{"rendered":"<p>W zwi\u0105zku z Decyzj\u0105 Wojewody Dolno\u015bl\u0105skiego z dnia 4 czerwca 2020 r. &nbsp; Stra\u017c Miejska Wroc\u0142awia dyslokuje patrole oraz organizuje wsp\u00f3lne patrole z Policj\u0105 zgodnie ze wskazaniami komendant\u00f3w w\u0142a\u015bciwych terytorialnie jednostek Policji. &nbsp; &nbsp; Stra\u017c miejska Wroc\u0142awia prowadzi wsp\u00f3\u0142prac\u0119 z Policj\u0105 w zakresie weryfikacji realizacji nakaz\u00f3w, zakaz\u00f3w i obowi\u0105zk\u00f3w wynikaj\u0105cych z przepis\u00f3w prawa powszechnie obowi\u0105zuj\u0105cego, [&hellip;]<\/p>\n","protected":false},"author":4,"featured_media":12107,"comment_status":"closed","ping_status":"closed","sticky":false,"template":"","format":"standard","meta":{"footnotes":""},"categories":[16],"tags":[],"class_list":["post-12296","post","type-post","status-publish","format-standard","has-post-thumbnail","hentry","category-aktual"],"_links":{"self":[{"href":"https:\/\/smwroclaw.pl\/index.php?rest_route=\/wp\/v2\/posts\/12296","targetHints":{"allow":["GET"]}}],"collection":[{"href":"https:\/\/smwroclaw.pl\/index.php?rest_route=\/wp\/v2\/posts"}],"about":[{"href":"https:\/\/smwroclaw.pl\/index.php?rest_route=\/wp\/v2\/types\/post"}],"author":[{"embeddable":true,"href":"https:\/\/smwroclaw.pl\/index.php?rest_route=\/wp\/v2\/users\/4"}],"replies":[{"embeddable":true,"href":"https:\/\/smwroclaw.pl\/index.php?rest_route=%2Fwp%2Fv2%2Fcomments&post=12296"}],"version-history":[{"count":8,"href":"https:\/\/smwroclaw.pl\/index.php?rest_route=\/wp\/v2\/posts\/12296\/revisions"}],"predecessor-version":[{"id":12306,"href":"https:\/\/smwroclaw.pl\/index.php?rest_route=\/wp\/v2\/posts\/12296\/revisions\/12306"}],"wp:featuredmedia":[{"embeddable":true,"href":"https:\/\/smwroclaw.pl\/index.php?rest_route=\/wp\/v2\/media\/12107"}],"wp:attachment":[{"href":"https:\/\/smwroclaw.pl\/index.php?rest_route=%2Fwp%2Fv2%2Fmedia&parent=12296"}],"wp:term":[{"taxonomy":"category","embeddable":true,"href":"https:\/\/smwroclaw.pl\/index.php?rest_route=%2Fwp%2Fv2%2Fcategories&post=12296"},{"taxonomy":"post_tag","embeddable":true,"href":"https:\/\/smwroclaw.pl\/index.php?rest_route=%2Fwp%2Fv2%2Ftags&post=12296"}],"curies":[{"name":"wp","href":"https:\/\/api.w.org\/{rel}","templated":true}]}}