{"id":12341,"date":"2020-06-10T12:10:22","date_gmt":"2020-06-10T10:10:22","guid":{"rendered":"http:\/\/smwroclaw.pl\/?p=12341"},"modified":"2020-06-17T09:06:19","modified_gmt":"2020-06-17T07:06:19","slug":"zatrzymany-nietrzezwy-kierowca-straznik-miejski-ujal-sprawce-przestepstwa-drogowego","status":"publish","type":"post","link":"https:\/\/smwroclaw.pl\/?p=12341","title":{"rendered":"ZATRZYMANY NIETRZE\u0179WY KIEROWCA \u2013 STRA\u017bNIK MIEJSKI UJ\u0104\u0141 SPRAWC\u0118 PRZEST\u0118PSTWA DROGOWEGO (czytaj dalej)"},"content":{"rendered":"<p style=\"text-align: justify;\"><span style=\"font-family: georgia, palatino, serif; font-size: 12pt;\">W dniu <strong>1 czerwca 2020 r.<\/strong> <strong>m\u0142. stra\u017cnik Krzysztof Walczak<\/strong> w czasie wolnym od pracy uj\u0105\u0142 sprawc\u0119 przest\u0119pstwa drogowego. Do niecodziennej sytuacji <strong>dosz\u0142o w Su\u0142owie,<\/strong> kiedy podczas robienia zakup\u00f3w nasz funkcjonariusz zauwa\u017cy\u0142 przy kasie m\u0119\u017cczyzn\u0119, <strong>kt\u00f3rego zachowanie i wyczuwalna charakterystyczna wo\u0144, sugerowa\u0142y, i\u017c jest pod wyra\u017anym wp\u0142ywem alkoholu.<\/strong> <\/span><\/p>\n<p>&nbsp;<\/p>\n<p>&nbsp;<\/p>\n<p style=\"text-align: justify;\"><span style=\"font-family: georgia, palatino, serif; font-size: 12pt;\">Chwil\u0119 p\u00f3\u017aniej nasz stra\u017cnik spostrzeg\u0142, <strong>\u017ce m\u0119\u017cczyzna wsiada do samochodu osobowego marki Ford Focus i odje\u017cd\u017ca.<\/strong> Nie zastanawiaj\u0105c si\u0119 ani chwili, <strong>natychmiast uniemo\u017cliwi\u0142 kierowcy dalsz\u0105 jazd\u0119, otwieraj\u0105c drzwi od strony kierowcy i wyci\u0105gaj\u0105c kluczyki ze stacyjki.<\/strong> <\/span><\/p>\n<p style=\"text-align: justify;\"><span style=\"font-family: georgia, palatino, serif; font-size: 12pt;\">Niezw\u0142ocznie <strong>powiadomi\u0142 o ca\u0142ym zdarzeniu Policj\u0119<\/strong>. Po przybyciu policjant\u00f3w na miejsce zdarzenia kierowc\u0119 poddano badaniu na zawarto\u015b\u0107 alkoholu, kt\u00f3re wykaza\u0142o, \u017ce m\u0119\u017cczyzna by\u0142 nietrze\u017awy \u2013 <strong>w wydychanym powietrzu stwierdzono 1,8 promila alkoholu.<\/strong><\/span><!--more--><\/p>\n<p style=\"text-align: justify;\"><span style=\"font-family: georgia, palatino, serif; font-size: 12pt;\">Do czasu wyja\u015bnienia sprawy nietrze\u017awy kierowca <strong>zosta\u0142 zatrzymany w policyjnym areszcie<\/strong>, natomiast pojazd, kt\u00f3rym jecha\u0142, odholowano na parking strze\u017cony. <strong>Sprawa sko\u0144czy si\u0119 w milickim s\u0105dzie<\/strong>, kt\u00f3ry rozstrzygnie, jakie m\u0119\u017cczyzna poniesie konsekwencje prawne zwi\u0105zane z kierowaniem samochodem osobowym, b\u0119d\u0105c w stanie nietrze\u017awo\u015bci i bez stosownych uprawnie\u0144. Spraw\u0119 prowadzi Policja.<\/span><\/p>\n<p style=\"text-align: justify;\"><span style=\"font-family: georgia, palatino, serif; font-size: 12pt;\"><br \/>\nW dniu <strong>8 czerwca 2020 r.<\/strong> na r\u0119ce <strong>Komendanta Stra\u017cy Miejskiej Wroc\u0142awia Zbigniewa S\u0142ysza<\/strong> wp\u0142yn\u0119\u0142y <strong>podzi\u0119kowania dla m\u0142. stra\u017cnika Krzysztofa Walczaka od Komendanta Powiatowego Policji w Miliczu<\/strong> za uj\u0119cie sprawcy na tzw. \u201cgor\u0105cym uczynku\u201d.<\/span><\/p>\n<p style=\"text-align: justify;\">\n<span style=\"font-family: georgia, palatino, serif; font-size: 12pt;\">Niew\u0105tpliwie zaw\u00f3d stra\u017cnika przegotowuje do w\u0142a\u015bciwego zachowania si\u0119, oceny sytuacji, w kt\u00f3rej niezb\u0119dnym elementem jest szybka reakcja i w\u0142a\u015bciwe podj\u0119ta decyzja. M\u0142. stra\u017cnik Krzysztof Walczak jest zatrudniony od 2017 r. w Stra\u017cy Miejskiej Wroc\u0142awia, gdzie w Oddziale Ochrony \u015arodowiska na co dzie\u0144 zajmuje si\u0119 m.in. kontrol\u0105 spalania odpad\u00f3w, dzia\u0142aniami zwi\u0105zanymi z lokalizacj\u0105 miejsc tzw. \u201edzikich wysypisk \u015bmieci\u201d, czyli szeroko rozumian\u0105 ekologi\u0105 w mie\u015bcie. Wsp\u00f3lnie z \u017con\u0105 Edyt\u0105 wychowuj\u0105 c\u00f3rk\u0119 Nikole i syna Macieja.<\/span><\/p>\n<p style=\"text-align: justify;\">\n<strong><span style=\"font-family: georgia, palatino, serif; font-size: 12pt;\">Gratulujemy stra\u017cnikowi Krzysztofowi Walczakowi wykazania si\u0119 wzorow\u0105 postaw\u0105 i cieszymy si\u0119, \u017ce pracuje w naszych szeregach. Zaanga\u017cowanie i postawa, jak\u0105 wykaza\u0142 si\u0119 tego dnia, jest godn\u0105 do na\u015bladowania dla innych.<\/span><\/strong><\/p>\n<p style=\"text-align: justify;\">\n<span style=\"font-family: georgia, palatino, serif; font-size: 12pt;\">Jednocze\u015bnie apelujemy do wszystkich uczestnik\u00f3w ruchu drogowego o rozwag\u0119 &#8211;\u00a0 <strong>\u201cPi\u0142e\u015b nie jed\u017a, jedziesz nie pij\u201d!<\/strong><\/span><br \/>\n<span style=\"font-family: georgia, palatino, serif; font-size: 12pt;\"><strong>Przypominamy,<\/strong> \u017ce <strong>za kierowanie pojazdem mechanicznym w stanie nietrze\u017awo\u015bci, grozi kara nawet do 2 lat pozbawienia wolno\u015bci<\/strong>. <\/span><\/p>\n<p style=\"text-align: justify;\"><span style=\"font-family: georgia, palatino, serif; font-size: 12pt;\">Dodatkowo s\u0105d obligatoryjnie orzeka zakaz prowadzenia wszelkich pojazd\u00f3w albo pojazd\u00f3w okre\u015blonego rodzaju na okres nie kr\u00f3tszy ni\u017c 3 lata oraz orzeka \u015bwiadczenie pieni\u0119\u017cne na rzecz Funduszu Pomocy Pokrzywdzonym, oraz Pomocy Postpenitencjarnej w wysoko\u015bci co najmniej 5 tys. z\u0142otych. \u015awiadczenie pieni\u0119\u017cne mo\u017ce by\u0107 orzeczone przez s\u0105d nawet do kwoty 60 tys. z\u0142otych.<\/span><\/p>\n<p>&nbsp;<\/p>\n<div style=\"width: 720px;\" class=\"wp-video\"><!--[if lt IE 9]><script>document.createElement('video');<\/script><![endif]-->\n<video class=\"wp-video-shortcode\" id=\"video-12341-1\" width=\"720\" height=\"900\" preload=\"metadata\" controls=\"controls\"><source type=\"video\/mp4\" src=\"https:\/\/smwroclaw.pl\/wp-content\/uploads\/2020\/06\/VID_20200610_092438.mp4?_=1\" \/><a href=\"https:\/\/smwroclaw.pl\/wp-content\/uploads\/2020\/06\/VID_20200610_092438.mp4\">https:\/\/smwroclaw.pl\/wp-content\/uploads\/2020\/06\/VID_20200610_092438.mp4<\/a><\/video><\/div>\n<p><img fetchpriority=\"high\" decoding=\"async\" class=\"wp-image-12368 aligncenter\" src=\"https:\/\/smwroclaw.pl\/wp-content\/uploads\/2020\/06\/IMG_20200610_095207_resized_20200610_011528767.jpg\" alt=\"\" width=\"755\" height=\"1007\" srcset=\"https:\/\/smwroclaw.pl\/wp-content\/uploads\/2020\/06\/IMG_20200610_095207_resized_20200610_011528767.jpg 1368w, https:\/\/smwroclaw.pl\/wp-content\/uploads\/2020\/06\/IMG_20200610_095207_resized_20200610_011528767-225x300.jpg 225w, https:\/\/smwroclaw.pl\/wp-content\/uploads\/2020\/06\/IMG_20200610_095207_resized_20200610_011528767-768x1024.jpg 768w, https:\/\/smwroclaw.pl\/wp-content\/uploads\/2020\/06\/IMG_20200610_095207_resized_20200610_011528767-1152x1536.jpg 1152w\" sizes=\"(max-width: 755px) 100vw, 755px\" \/><\/p>\n<p><a href=\"https:\/\/smwroclaw.pl\/?attachment_id=12348\" rel=\"attachment wp-att-12348\"><img decoding=\"async\" class=\"wp-image-12348 aligncenter\" src=\"https:\/\/smwroclaw.pl\/wp-content\/uploads\/2020\/06\/podzi\u0119kowania1.png\" alt=\"\" width=\"820\" height=\"582\" srcset=\"https:\/\/smwroclaw.pl\/wp-content\/uploads\/2020\/06\/podzi\u0119kowania1.png 1747w, https:\/\/smwroclaw.pl\/wp-content\/uploads\/2020\/06\/podzi\u0119kowania1-300x213.png 300w, https:\/\/smwroclaw.pl\/wp-content\/uploads\/2020\/06\/podzi\u0119kowania1-768x545.png 768w, https:\/\/smwroclaw.pl\/wp-content\/uploads\/2020\/06\/podzi\u0119kowania1-1536x1090.png 1536w\" sizes=\"(max-width: 820px) 100vw, 820px\" \/><\/a> <a href=\"https:\/\/smwroclaw.pl\/?attachment_id=12353\" rel=\"attachment wp-att-12353\"><img decoding=\"async\" class=\"wp-image-12353 aligncenter\" src=\"https:\/\/smwroclaw.pl\/wp-content\/uploads\/2020\/06\/IMG_20200610_091817_resized_20200610_093111283-scaled.jpg\" alt=\"\" width=\"820\" height=\"1093\" srcset=\"https:\/\/smwroclaw.pl\/wp-content\/uploads\/2020\/06\/IMG_20200610_091817_resized_20200610_093111283-scaled.jpg 1920w, https:\/\/smwroclaw.pl\/wp-content\/uploads\/2020\/06\/IMG_20200610_091817_resized_20200610_093111283-225x300.jpg 225w, https:\/\/smwroclaw.pl\/wp-content\/uploads\/2020\/06\/IMG_20200610_091817_resized_20200610_093111283-768x1024.jpg 768w, https:\/\/smwroclaw.pl\/wp-content\/uploads\/2020\/06\/IMG_20200610_091817_resized_20200610_093111283-1152x1536.jpg 1152w, https:\/\/smwroclaw.pl\/wp-content\/uploads\/2020\/06\/IMG_20200610_091817_resized_20200610_093111283-1536x2048.jpg 1536w\" sizes=\"(max-width: 820px) 100vw, 820px\" \/><\/a><\/p>\n<p>&nbsp;<\/p>\n<p>&nbsp;<\/p>\n<p>KB<\/p>\n","protected":false},"excerpt":{"rendered":"<p>W dniu 1 czerwca 2020 r. m\u0142. stra\u017cnik Krzysztof Walczak w czasie wolnym od pracy uj\u0105\u0142 sprawc\u0119 przest\u0119pstwa drogowego. Do niecodziennej sytuacji dosz\u0142o w Su\u0142owie, kiedy podczas robienia zakup\u00f3w nasz funkcjonariusz zauwa\u017cy\u0142 przy kasie m\u0119\u017cczyzn\u0119, kt\u00f3rego zachowanie i wyczuwalna charakterystyczna wo\u0144, sugerowa\u0142y, i\u017c jest pod wyra\u017anym wp\u0142ywem alkoholu. &nbsp; &nbsp; Chwil\u0119 p\u00f3\u017aniej nasz stra\u017cnik spostrzeg\u0142, [&hellip;]<\/p>\n","protected":false},"author":12,"featured_media":12348,"comment_status":"closed","ping_status":"closed","sticky":false,"template":"","format":"standard","meta":{"footnotes":""},"categories":[16],"tags":[],"class_list":["post-12341","post","type-post","status-publish","format-standard","has-post-thumbnail","hentry","category-aktual"],"_links":{"self":[{"href":"https:\/\/smwroclaw.pl\/index.php?rest_route=\/wp\/v2\/posts\/12341","targetHints":{"allow":["GET"]}}],"collection":[{"href":"https:\/\/smwroclaw.pl\/index.php?rest_route=\/wp\/v2\/posts"}],"about":[{"href":"https:\/\/smwroclaw.pl\/index.php?rest_route=\/wp\/v2\/types\/post"}],"author":[{"embeddable":true,"href":"https:\/\/smwroclaw.pl\/index.php?rest_route=\/wp\/v2\/users\/12"}],"replies":[{"embeddable":true,"href":"https:\/\/smwroclaw.pl\/index.php?rest_route=%2Fwp%2Fv2%2Fcomments&post=12341"}],"version-history":[{"count":20,"href":"https:\/\/smwroclaw.pl\/index.php?rest_route=\/wp\/v2\/posts\/12341\/revisions"}],"predecessor-version":[{"id":12419,"href":"https:\/\/smwroclaw.pl\/index.php?rest_route=\/wp\/v2\/posts\/12341\/revisions\/12419"}],"wp:featuredmedia":[{"embeddable":true,"href":"https:\/\/smwroclaw.pl\/index.php?rest_route=\/wp\/v2\/media\/12348"}],"wp:attachment":[{"href":"https:\/\/smwroclaw.pl\/index.php?rest_route=%2Fwp%2Fv2%2Fmedia&parent=12341"}],"wp:term":[{"taxonomy":"category","embeddable":true,"href":"https:\/\/smwroclaw.pl\/index.php?rest_route=%2Fwp%2Fv2%2Fcategories&post=12341"},{"taxonomy":"post_tag","embeddable":true,"href":"https:\/\/smwroclaw.pl\/index.php?rest_route=%2Fwp%2Fv2%2Ftags&post=12341"}],"curies":[{"name":"wp","href":"https:\/\/api.w.org\/{rel}","templated":true}]}}