{"id":12383,"date":"2020-06-15T13:00:19","date_gmt":"2020-06-15T11:00:19","guid":{"rendered":"http:\/\/smwroclaw.pl\/?p=12383"},"modified":"2020-06-15T19:33:51","modified_gmt":"2020-06-15T17:33:51","slug":"14-czerwca-swiatowy-dzien-krwiodawcy","status":"publish","type":"post","link":"https:\/\/smwroclaw.pl\/?p=12383","title":{"rendered":"14 CZERWCA &#8211; \u015aWIATOWY DZIE\u0143 KRWIODAWCY"},"content":{"rendered":"<p style=\"text-align: center;\"><span style=\"font-family: georgia, palatino, serif; font-size: 12pt;\">14 czerwca obchodzili\u015bmy \u015awiatowy Dzie\u0144 Krwiodawcy.<\/span><br \/>\n<span style=\"font-family: georgia, palatino, serif; font-size: 12pt;\">To dobra okazja, \u017ceby podzi\u0119kowa\u0107 wszystkim osobom, kt\u00f3re dziel\u0105 si\u0119 najcenniejszym darem \u017cycia, za ich wspania\u0142\u0105 postaw\u0119.<\/span><\/p>\n<p style=\"text-align: center;\"><strong><span style=\"font-family: georgia, palatino, serif; font-size: 12pt;\">Drodzy Honorowi Dawcy Krwi!!!<\/span><\/strong><br \/>\n<strong><span style=\"font-family: georgia, palatino, serif; font-size: 12pt;\">Dzi\u0119kujemy za Wasz\u0105 odwag\u0119 oraz wytrwa\u0142o\u015b\u0107 w d\u0105\u017ceniu do ratowania zdrowia i \u017cycia pacjent\u00f3w wymagaj\u0105cych leczenia krwi\u0105 i jej sk\u0142adnikami.<\/span><\/strong><br \/>\n<strong><span style=\"font-family: georgia, palatino, serif; font-size: 12pt;\">\u017byczymy Wam zdrowia oraz pomy\u015blno\u015bci w \u017cyciu osobistym i zawodowym.<\/span><\/strong><br \/>\n<strong><span style=\"font-family: georgia, palatino, serif; font-size: 12pt;\">Niech \u0142\u0105czy nas kropla, kt\u00f3ra ratuje \u017cycie.<\/span><\/strong><!--more--><\/p>\n<p>&nbsp;<\/p>\n<p>&nbsp;<\/p>\n<p style=\"text-align: center;\"><img fetchpriority=\"high\" decoding=\"async\" class=\"alignnone size-medium wp-image-12373\" src=\"https:\/\/smwroclaw.pl\/wp-content\/uploads\/2020\/06\/OBRAZKI-WYR\u00d3\u017bNIAJ\u0104CE-300x213.png\" alt=\"\" width=\"300\" height=\"213\" srcset=\"https:\/\/smwroclaw.pl\/wp-content\/uploads\/2020\/06\/OBRAZKI-WYR\u00d3\u017bNIAJ\u0104CE-300x213.png 300w, https:\/\/smwroclaw.pl\/wp-content\/uploads\/2020\/06\/OBRAZKI-WYR\u00d3\u017bNIAJ\u0104CE-768x545.png 768w, https:\/\/smwroclaw.pl\/wp-content\/uploads\/2020\/06\/OBRAZKI-WYR\u00d3\u017bNIAJ\u0104CE-1536x1090.png 1536w, https:\/\/smwroclaw.pl\/wp-content\/uploads\/2020\/06\/OBRAZKI-WYR\u00d3\u017bNIAJ\u0104CE.png 1747w\" sizes=\"(max-width: 300px) 100vw, 300px\" \/><\/p>\n<p style=\"text-align: center;\">\n<strong><span style=\"font-family: georgia, palatino, serif; font-size: 12pt;\">Pami\u0119taj, potrzebuj\u0105cym mo\u017ce by\u0107 kiedy\u015b ka\u017cdy z nas.<\/span><\/strong><\/p>\n<p style=\"text-align: justify;\">\n<span style=\"font-family: georgia, palatino, serif; font-size: 12pt;\">Krwi nie mo\u017cna wyprodukowa\u0107, ani niczym zast\u0105pi\u0107. Jest ona niezb\u0119dna do leczenia i ratowania ludzkiego \u017cycia. Dzielenie si\u0119 ni\u0105 jest niezwykle wa\u017cne.<\/span><br \/>\n<span style=\"font-family: georgia, palatino, serif; font-size: 12pt;\">Aktualnie, od <strong>21 maja<\/strong> trwa nasza zbi\u00f3rka. Ka\u017cdy mo\u017ce do\u0142\u0105czy\u0107. Wystarczy przy rejestracji poda\u0107 <strong>nr 152<\/strong> lub nazw\u0119 <strong>HDK PCK Stra\u017cy Miejskiej Wroc\u0142awia<\/strong>. Do dnia dzisiejszego w akcji wzi\u0119\u0142o udzia\u0142 <strong>22 osoby,<\/strong> z czego <strong>17<\/strong> zosta\u0142o zakwalifikowanych, w tym<strong> 2<\/strong> osoby odda\u0142y krew pierwszy raz. \u0141\u0105cznie oddano <strong>6,300 ml. pe\u0142nej krwi, 1650 ml. osocza, 1650 ml. p\u0142ytek krwi<\/strong>.<\/span><\/p>\n<p style=\"text-align: center;\"><img decoding=\"async\" class=\"alignnone size-medium wp-image-12162\" src=\"https:\/\/smwroclaw.pl\/wp-content\/uploads\/2020\/05\/99426023_273324460518946_4817608796664758272_n-168x300.jpg\" alt=\"\" width=\"168\" height=\"300\" srcset=\"https:\/\/smwroclaw.pl\/wp-content\/uploads\/2020\/05\/99426023_273324460518946_4817608796664758272_n-168x300.jpg 168w, https:\/\/smwroclaw.pl\/wp-content\/uploads\/2020\/05\/99426023_273324460518946_4817608796664758272_n-768x1368.jpg 768w, https:\/\/smwroclaw.pl\/wp-content\/uploads\/2020\/05\/99426023_273324460518946_4817608796664758272_n-863x1536.jpg 863w, https:\/\/smwroclaw.pl\/wp-content\/uploads\/2020\/05\/99426023_273324460518946_4817608796664758272_n.jpg 1150w\" sizes=\"(max-width: 168px) 100vw, 168px\" \/><\/p>\n<p style=\"text-align: justify;\"><span style=\"font-family: georgia, palatino, serif; font-size: 12pt;\">Przypominamy, \u017ce krwiodawc\u0105 mo\u017ce by\u0107 osoba w wieku 18-65 lat, kt\u00f3ra w ostatnim czasie nie podr\u00f3\u017cowa\u0142a do innych kraj\u00f3w, nie mia\u0142a kontaktu z osob\u0105 zaka\u017con\u0105 wirusem lub obj\u0119t\u0105 kwarantann\u0105, ciesz\u0105ca si\u0119 og\u00f3lnie dobrym stanem zdrowia. Ka\u017cdy, kto zg\u0142asza si\u0119 do oddania krwi, musi by\u0107 zdrowy, wypocz\u0119ty, w ci\u0105gu doby poprzedzaj\u0105cej oddanie krwi wypi\u0107 ok. 2 l p\u0142yn\u00f3w. W dniu donacji nale\u017cy spo\u017cy\u0107 lekkostrawny posi\u0142ek oraz pami\u0119ta\u0107 o zabraniu ze sob\u0105 dokumentu to\u017csamo\u015bci ze zdj\u0119ciem, numerem PESEL.<\/span><br \/>\n<span style=\"font-family: georgia, palatino, serif; font-size: 12pt;\">Informacj\u0119 o aktualnie obowi\u0105zuj\u0105cych procedurach mo\u017cna uzyska\u0107 bezpo\u015brednio na stronie <a href=\"https:\/\/www.rckik.wroclaw.pl\/\">https:\/\/www.rckik.wroclaw.pl\/<\/a><br \/>\n<\/span><\/p>\n<p style=\"text-align: center;\">\n<strong><span style=\"font-family: georgia, palatino, serif; font-size: 12pt;\">PODZIEL SI\u0118 ZOSTA\u0143 BOHATEREM!!!<\/span><\/strong><br \/>\n<strong><span style=\"font-family: georgia, palatino, serif; font-size: 12pt;\">Osoby, kt\u00f3re jeszcze si\u0119 zastanawiaj\u0105, zach\u0119camy, bo ka\u017cda kropla jest na wag\u0119 z\u0142ota.<\/span><\/strong><\/p>\n<p>BD<\/p>\n","protected":false},"excerpt":{"rendered":"<p>14 czerwca obchodzili\u015bmy \u015awiatowy Dzie\u0144 Krwiodawcy. To dobra okazja, \u017ceby podzi\u0119kowa\u0107 wszystkim osobom, kt\u00f3re dziel\u0105 si\u0119 najcenniejszym darem \u017cycia, za ich wspania\u0142\u0105 postaw\u0119. Drodzy Honorowi Dawcy Krwi!!! Dzi\u0119kujemy za Wasz\u0105 odwag\u0119 oraz wytrwa\u0142o\u015b\u0107 w d\u0105\u017ceniu do ratowania zdrowia i \u017cycia pacjent\u00f3w wymagaj\u0105cych leczenia krwi\u0105 i jej sk\u0142adnikami. \u017byczymy Wam zdrowia oraz pomy\u015blno\u015bci w \u017cyciu osobistym [&hellip;]<\/p>\n","protected":false},"author":7,"featured_media":12396,"comment_status":"closed","ping_status":"closed","sticky":false,"template":"","format":"standard","meta":{"footnotes":""},"categories":[16],"tags":[],"class_list":["post-12383","post","type-post","status-publish","format-standard","has-post-thumbnail","hentry","category-aktual"],"_links":{"self":[{"href":"https:\/\/smwroclaw.pl\/index.php?rest_route=\/wp\/v2\/posts\/12383","targetHints":{"allow":["GET"]}}],"collection":[{"href":"https:\/\/smwroclaw.pl\/index.php?rest_route=\/wp\/v2\/posts"}],"about":[{"href":"https:\/\/smwroclaw.pl\/index.php?rest_route=\/wp\/v2\/types\/post"}],"author":[{"embeddable":true,"href":"https:\/\/smwroclaw.pl\/index.php?rest_route=\/wp\/v2\/users\/7"}],"replies":[{"embeddable":true,"href":"https:\/\/smwroclaw.pl\/index.php?rest_route=%2Fwp%2Fv2%2Fcomments&post=12383"}],"version-history":[{"count":7,"href":"https:\/\/smwroclaw.pl\/index.php?rest_route=\/wp\/v2\/posts\/12383\/revisions"}],"predecessor-version":[{"id":12397,"href":"https:\/\/smwroclaw.pl\/index.php?rest_route=\/wp\/v2\/posts\/12383\/revisions\/12397"}],"wp:featuredmedia":[{"embeddable":true,"href":"https:\/\/smwroclaw.pl\/index.php?rest_route=\/wp\/v2\/media\/12396"}],"wp:attachment":[{"href":"https:\/\/smwroclaw.pl\/index.php?rest_route=%2Fwp%2Fv2%2Fmedia&parent=12383"}],"wp:term":[{"taxonomy":"category","embeddable":true,"href":"https:\/\/smwroclaw.pl\/index.php?rest_route=%2Fwp%2Fv2%2Fcategories&post=12383"},{"taxonomy":"post_tag","embeddable":true,"href":"https:\/\/smwroclaw.pl\/index.php?rest_route=%2Fwp%2Fv2%2Ftags&post=12383"}],"curies":[{"name":"wp","href":"https:\/\/api.w.org\/{rel}","templated":true}]}}