{"id":12420,"date":"2020-06-17T09:11:26","date_gmt":"2020-06-17T07:11:26","guid":{"rendered":"http:\/\/smwroclaw.pl\/?p=12420"},"modified":"2020-06-17T09:27:52","modified_gmt":"2020-06-17T07:27:52","slug":"wraki-137-2020","status":"publish","type":"post","link":"https:\/\/smwroclaw.pl\/?p=12420","title":{"rendered":"WRAKI (137\/2020)"},"content":{"rendered":"<p style=\"text-align: justify;\"><span style=\"font-family: georgia, palatino, serif; font-size: 12pt;\"><strong>Z pl.marsza\u0142ka J\u00f3zefa Pi\u0142sudskiego stra\u017cnicy miejscy usun\u0119li pojazd marki Opel &#8211; kt\u00f3rego stan wskazywa\u0142, \u017ce nie jest u\u017cywany.<\/strong><\/span><\/p>\n<p>&nbsp;<\/p>\n<p>&nbsp;<\/p>\n<p>&nbsp;<\/p>\n<p>&nbsp;<\/p>\n<p><img fetchpriority=\"high\" decoding=\"async\" class=\" wp-image-12421 aligncenter\" src=\"https:\/\/smwroclaw.pl\/wp-content\/uploads\/2020\/06\/PL.PI\u0141SUDZKIEGO.jpg\" alt=\"\" width=\"452\" height=\"306\" srcset=\"https:\/\/smwroclaw.pl\/wp-content\/uploads\/2020\/06\/PL.PI\u0141SUDZKIEGO.jpg 613w, https:\/\/smwroclaw.pl\/wp-content\/uploads\/2020\/06\/PL.PI\u0141SUDZKIEGO-300x203.jpg 300w\" sizes=\"(max-width: 452px) 100vw, 452px\" \/><\/p>\n<p><!--more--><\/p>\n<p>wf<\/p>\n","protected":false},"excerpt":{"rendered":"<p>Z pl.marsza\u0142ka J\u00f3zefa Pi\u0142sudskiego stra\u017cnicy miejscy usun\u0119li pojazd marki Opel &#8211; kt\u00f3rego stan wskazywa\u0142, \u017ce nie jest u\u017cywany. &nbsp; &nbsp; &nbsp; &nbsp;<\/p>\n","protected":false},"author":4,"featured_media":11281,"comment_status":"closed","ping_status":"closed","sticky":false,"template":"","format":"standard","meta":{"footnotes":""},"categories":[16],"tags":[],"class_list":["post-12420","post","type-post","status-publish","format-standard","has-post-thumbnail","hentry","category-aktual"],"_links":{"self":[{"href":"https:\/\/smwroclaw.pl\/index.php?rest_route=\/wp\/v2\/posts\/12420","targetHints":{"allow":["GET"]}}],"collection":[{"href":"https:\/\/smwroclaw.pl\/index.php?rest_route=\/wp\/v2\/posts"}],"about":[{"href":"https:\/\/smwroclaw.pl\/index.php?rest_route=\/wp\/v2\/types\/post"}],"author":[{"embeddable":true,"href":"https:\/\/smwroclaw.pl\/index.php?rest_route=\/wp\/v2\/users\/4"}],"replies":[{"embeddable":true,"href":"https:\/\/smwroclaw.pl\/index.php?rest_route=%2Fwp%2Fv2%2Fcomments&post=12420"}],"version-history":[{"count":6,"href":"https:\/\/smwroclaw.pl\/index.php?rest_route=\/wp\/v2\/posts\/12420\/revisions"}],"predecessor-version":[{"id":12439,"href":"https:\/\/smwroclaw.pl\/index.php?rest_route=\/wp\/v2\/posts\/12420\/revisions\/12439"}],"wp:featuredmedia":[{"embeddable":true,"href":"https:\/\/smwroclaw.pl\/index.php?rest_route=\/wp\/v2\/media\/11281"}],"wp:attachment":[{"href":"https:\/\/smwroclaw.pl\/index.php?rest_route=%2Fwp%2Fv2%2Fmedia&parent=12420"}],"wp:term":[{"taxonomy":"category","embeddable":true,"href":"https:\/\/smwroclaw.pl\/index.php?rest_route=%2Fwp%2Fv2%2Fcategories&post=12420"},{"taxonomy":"post_tag","embeddable":true,"href":"https:\/\/smwroclaw.pl\/index.php?rest_route=%2Fwp%2Fv2%2Ftags&post=12420"}],"curies":[{"name":"wp","href":"https:\/\/api.w.org\/{rel}","templated":true}]}}