{"id":12433,"date":"2020-06-17T09:27:15","date_gmt":"2020-06-17T07:27:15","guid":{"rendered":"http:\/\/smwroclaw.pl\/?p=12433"},"modified":"2020-06-17T09:27:15","modified_gmt":"2020-06-17T07:27:15","slug":"wraki-142-2020","status":"publish","type":"post","link":"https:\/\/smwroclaw.pl\/?p=12433","title":{"rendered":"WRAKI (142\/2020)"},"content":{"rendered":"<p><span style=\"font-family: georgia, palatino, serif; font-size: 12pt;\"><strong>15 czerwca 2020 r. stra\u017cnicy miejscy usun\u0119li z ulicy Szczeci\u0144skiej wrak pojazdu.\u00a0<\/strong> <\/span><\/p>\n<p>&nbsp;<\/p>\n<p>&nbsp;<\/p>\n<p>&nbsp;<\/p>\n<p>&nbsp;<\/p>\n<p><img fetchpriority=\"high\" decoding=\"async\" class=\" wp-image-12434 aligncenter\" src=\"https:\/\/smwroclaw.pl\/wp-content\/uploads\/2020\/06\/SZCZECI\u0143SKA-3.jpg\" alt=\"\" width=\"437\" height=\"274\" srcset=\"https:\/\/smwroclaw.pl\/wp-content\/uploads\/2020\/06\/SZCZECI\u0143SKA-3.jpg 780w, https:\/\/smwroclaw.pl\/wp-content\/uploads\/2020\/06\/SZCZECI\u0143SKA-3-300x188.jpg 300w, https:\/\/smwroclaw.pl\/wp-content\/uploads\/2020\/06\/SZCZECI\u0143SKA-3-768x481.jpg 768w\" sizes=\"(max-width: 437px) 100vw, 437px\" \/><\/p>\n<p><!--more--><\/p>\n<p><img decoding=\"async\" class=\" wp-image-12435 aligncenter\" src=\"https:\/\/smwroclaw.pl\/wp-content\/uploads\/2020\/06\/SZCZECI\u0143SKA.jpg\" alt=\"\" width=\"610\" height=\"348\" srcset=\"https:\/\/smwroclaw.pl\/wp-content\/uploads\/2020\/06\/SZCZECI\u0143SKA.jpg 728w, https:\/\/smwroclaw.pl\/wp-content\/uploads\/2020\/06\/SZCZECI\u0143SKA-300x171.jpg 300w\" sizes=\"(max-width: 610px) 100vw, 610px\" \/><\/p>\n<p><img decoding=\"async\" class=\"wp-image-12436 aligncenter\" src=\"https:\/\/smwroclaw.pl\/wp-content\/uploads\/2020\/06\/SZCZECI\u0143SKA-2.jpg\" alt=\"\" width=\"612\" height=\"322\" srcset=\"https:\/\/smwroclaw.pl\/wp-content\/uploads\/2020\/06\/SZCZECI\u0143SKA-2.jpg 744w, https:\/\/smwroclaw.pl\/wp-content\/uploads\/2020\/06\/SZCZECI\u0143SKA-2-300x158.jpg 300w\" sizes=\"(max-width: 612px) 100vw, 612px\" \/><\/p>\n<p>wf<\/p>\n","protected":false},"excerpt":{"rendered":"<p>15 czerwca 2020 r. stra\u017cnicy miejscy usun\u0119li z ulicy Szczeci\u0144skiej wrak pojazdu.\u00a0 &nbsp; &nbsp; &nbsp; &nbsp;<\/p>\n","protected":false},"author":4,"featured_media":11281,"comment_status":"closed","ping_status":"closed","sticky":false,"template":"","format":"standard","meta":{"footnotes":""},"categories":[16],"tags":[],"class_list":["post-12433","post","type-post","status-publish","format-standard","has-post-thumbnail","hentry","category-aktual"],"_links":{"self":[{"href":"https:\/\/smwroclaw.pl\/index.php?rest_route=\/wp\/v2\/posts\/12433","targetHints":{"allow":["GET"]}}],"collection":[{"href":"https:\/\/smwroclaw.pl\/index.php?rest_route=\/wp\/v2\/posts"}],"about":[{"href":"https:\/\/smwroclaw.pl\/index.php?rest_route=\/wp\/v2\/types\/post"}],"author":[{"embeddable":true,"href":"https:\/\/smwroclaw.pl\/index.php?rest_route=\/wp\/v2\/users\/4"}],"replies":[{"embeddable":true,"href":"https:\/\/smwroclaw.pl\/index.php?rest_route=%2Fwp%2Fv2%2Fcomments&post=12433"}],"version-history":[{"count":2,"href":"https:\/\/smwroclaw.pl\/index.php?rest_route=\/wp\/v2\/posts\/12433\/revisions"}],"predecessor-version":[{"id":12438,"href":"https:\/\/smwroclaw.pl\/index.php?rest_route=\/wp\/v2\/posts\/12433\/revisions\/12438"}],"wp:featuredmedia":[{"embeddable":true,"href":"https:\/\/smwroclaw.pl\/index.php?rest_route=\/wp\/v2\/media\/11281"}],"wp:attachment":[{"href":"https:\/\/smwroclaw.pl\/index.php?rest_route=%2Fwp%2Fv2%2Fmedia&parent=12433"}],"wp:term":[{"taxonomy":"category","embeddable":true,"href":"https:\/\/smwroclaw.pl\/index.php?rest_route=%2Fwp%2Fv2%2Fcategories&post=12433"},{"taxonomy":"post_tag","embeddable":true,"href":"https:\/\/smwroclaw.pl\/index.php?rest_route=%2Fwp%2Fv2%2Ftags&post=12433"}],"curies":[{"name":"wp","href":"https:\/\/api.w.org\/{rel}","templated":true}]}}