{"id":12504,"date":"2020-06-23T08:37:49","date_gmt":"2020-06-23T06:37:49","guid":{"rendered":"http:\/\/smwroclaw.pl\/?p=12504"},"modified":"2020-06-23T08:37:49","modified_gmt":"2020-06-23T06:37:49","slug":"straznicy-miejscy-w-dzialaniu-barszcz-sosnowskiego-roslina-ktora-moze-byc-niebezpieczna","status":"publish","type":"post","link":"https:\/\/smwroclaw.pl\/?p=12504","title":{"rendered":"STRA\u017bNICY MIEJSCY W DZIA\u0141ANIU &#8211; Barszcz Sosnowskiego ro\u015blina kt\u00f3ra mo\u017ce by\u0107 niebezpieczna"},"content":{"rendered":"<p style=\"text-align: justify;\"><span style=\"font-family: georgia, palatino, serif; font-size: 12pt;\">W dniu <strong>22.06.2020 r.\u00a0<\/strong> w zwi\u0105zku z otrzymanym zg\u0142oszeniem, patrol stra\u017cnik\u00f3w miejskich z <strong>Oddzia\u0142u Ochrony \u015arodowiska<\/strong> uda\u0142 si\u0119 do <strong>Parku Kleci\u0144skiego<\/strong>, gdzie zlokalizowa\u0142 ro\u015blin\u0119 <strong>Barszcz Sosnowskiego<\/strong> przy rzece \u015al\u0119za. Truj\u0105c\u0105 i niebezpieczn\u0105 ro\u015blin\u0119 Barszcz Sosnowskiego <strong>zabezpieczono ta\u015bm\u0105 ostrzegawcz\u0105<\/strong> wraz z informacj\u0105, \u017ce jest to ro\u015blina niebezpieczna. Ustalono i <strong>powiadomiono zarz\u0105dc\u0119 terenu o obowi\u0105zku\u00a0 usuni\u0119cia niebezpiecznej ro\u015bliny.<\/strong><\/span><\/p>\n<p>&nbsp;<\/p>\n<p>&nbsp;<\/p>\n<p><img fetchpriority=\"high\" decoding=\"async\" class=\" wp-image-12506 aligncenter\" src=\"https:\/\/smwroclaw.pl\/wp-content\/uploads\/2020\/06\/barszcz-2.jpg\" alt=\"\" width=\"371\" height=\"487\" srcset=\"https:\/\/smwroclaw.pl\/wp-content\/uploads\/2020\/06\/barszcz-2.jpg 398w, https:\/\/smwroclaw.pl\/wp-content\/uploads\/2020\/06\/barszcz-2-229x300.jpg 229w\" sizes=\"(max-width: 371px) 100vw, 371px\" \/><\/p>\n<p><!--more--><\/p>\n<p>wf<\/p>\n","protected":false},"excerpt":{"rendered":"<p>W dniu 22.06.2020 r.\u00a0 w zwi\u0105zku z otrzymanym zg\u0142oszeniem, patrol stra\u017cnik\u00f3w miejskich z Oddzia\u0142u Ochrony \u015arodowiska uda\u0142 si\u0119 do Parku Kleci\u0144skiego, gdzie zlokalizowa\u0142 ro\u015blin\u0119 Barszcz Sosnowskiego przy rzece \u015al\u0119za. Truj\u0105c\u0105 i niebezpieczn\u0105 ro\u015blin\u0119 Barszcz Sosnowskiego zabezpieczono ta\u015bm\u0105 ostrzegawcz\u0105 wraz z informacj\u0105, \u017ce jest to ro\u015blina niebezpieczna. Ustalono i powiadomiono zarz\u0105dc\u0119 terenu o obowi\u0105zku\u00a0 usuni\u0119cia niebezpiecznej [&hellip;]<\/p>\n","protected":false},"author":4,"featured_media":12507,"comment_status":"closed","ping_status":"closed","sticky":false,"template":"","format":"standard","meta":{"footnotes":""},"categories":[16],"tags":[],"class_list":["post-12504","post","type-post","status-publish","format-standard","has-post-thumbnail","hentry","category-aktual"],"_links":{"self":[{"href":"https:\/\/smwroclaw.pl\/index.php?rest_route=\/wp\/v2\/posts\/12504","targetHints":{"allow":["GET"]}}],"collection":[{"href":"https:\/\/smwroclaw.pl\/index.php?rest_route=\/wp\/v2\/posts"}],"about":[{"href":"https:\/\/smwroclaw.pl\/index.php?rest_route=\/wp\/v2\/types\/post"}],"author":[{"embeddable":true,"href":"https:\/\/smwroclaw.pl\/index.php?rest_route=\/wp\/v2\/users\/4"}],"replies":[{"embeddable":true,"href":"https:\/\/smwroclaw.pl\/index.php?rest_route=%2Fwp%2Fv2%2Fcomments&post=12504"}],"version-history":[{"count":5,"href":"https:\/\/smwroclaw.pl\/index.php?rest_route=\/wp\/v2\/posts\/12504\/revisions"}],"predecessor-version":[{"id":12511,"href":"https:\/\/smwroclaw.pl\/index.php?rest_route=\/wp\/v2\/posts\/12504\/revisions\/12511"}],"wp:featuredmedia":[{"embeddable":true,"href":"https:\/\/smwroclaw.pl\/index.php?rest_route=\/wp\/v2\/media\/12507"}],"wp:attachment":[{"href":"https:\/\/smwroclaw.pl\/index.php?rest_route=%2Fwp%2Fv2%2Fmedia&parent=12504"}],"wp:term":[{"taxonomy":"category","embeddable":true,"href":"https:\/\/smwroclaw.pl\/index.php?rest_route=%2Fwp%2Fv2%2Fcategories&post=12504"},{"taxonomy":"post_tag","embeddable":true,"href":"https:\/\/smwroclaw.pl\/index.php?rest_route=%2Fwp%2Fv2%2Ftags&post=12504"}],"curies":[{"name":"wp","href":"https:\/\/api.w.org\/{rel}","templated":true}]}}