{"id":12559,"date":"2020-06-24T09:39:36","date_gmt":"2020-06-24T07:39:36","guid":{"rendered":"http:\/\/smwroclaw.pl\/?p=12559"},"modified":"2020-06-24T10:18:58","modified_gmt":"2020-06-24T08:18:58","slug":"tak-nie-parkujmy-miejsca-dla-osob-niepelnosprawnych","status":"publish","type":"post","link":"https:\/\/smwroclaw.pl\/?p=12559","title":{"rendered":"TAK NIE PARKUJMY &#8211; miejsca dla os\u00f3b niepe\u0142nosprawnych (zdj\u0119cia)"},"content":{"rendered":"<p style=\"text-align: justify;\"><span style=\"font-family: georgia, palatino, serif; font-size: 12pt;\"><strong>23 czerwca 2020 r.<\/strong> stra\u017cnicy miejscy na <strong>ulicy Kawalerzyst\u00f3w<\/strong> wydali dyspozycj\u0119 usuni\u0119cia na koszt w\u0142a\u015bciciela <strong>4 pojazd\u00f3w nieoznakowanych kart\u0105 parkingow\u0105<\/strong> &#8211;\u00a0 parkuj\u0105cych w miejscu przeznaczonym dla pojazd\u00f3w kierowanych przez osoby niepe\u0142nosprawne. Kierowcy musz\u0105 liczy\u0107 si\u0119 z konieczno\u015bci\u0105 pokrycia koszt\u00f3w odholowania oraz mandatem w wysoko\u015bci 500 z\u0142. i na\u0142o\u017ceniem 5 punkt\u00f3w karnych.<\/span><\/p>\n<p>&nbsp;<\/p>\n<p>&nbsp;<\/p>\n<p><img fetchpriority=\"high\" decoding=\"async\" class=\" wp-image-12561 aligncenter\" src=\"https:\/\/smwroclaw.pl\/wp-content\/uploads\/2020\/06\/Inkedkawalerzyst\u00f3-2_LI.jpg\" alt=\"\" width=\"383\" height=\"279\" srcset=\"https:\/\/smwroclaw.pl\/wp-content\/uploads\/2020\/06\/Inkedkawalerzyst\u00f3-2_LI.jpg 692w, https:\/\/smwroclaw.pl\/wp-content\/uploads\/2020\/06\/Inkedkawalerzyst\u00f3-2_LI-300x218.jpg 300w\" sizes=\"(max-width: 383px) 100vw, 383px\" \/><\/p>\n<p><!--more--><\/p>\n<p><img decoding=\"async\" class=\" wp-image-12563 aligncenter\" src=\"https:\/\/smwroclaw.pl\/wp-content\/uploads\/2020\/06\/Inkedkawalerzyst\u00f3w-1_LI.jpg\" alt=\"\" width=\"586\" height=\"503\" srcset=\"https:\/\/smwroclaw.pl\/wp-content\/uploads\/2020\/06\/Inkedkawalerzyst\u00f3w-1_LI.jpg 636w, https:\/\/smwroclaw.pl\/wp-content\/uploads\/2020\/06\/Inkedkawalerzyst\u00f3w-1_LI-300x258.jpg 300w\" sizes=\"(max-width: 586px) 100vw, 586px\" \/><\/p>\n<p><img decoding=\"async\" class=\" wp-image-12564 aligncenter\" src=\"https:\/\/smwroclaw.pl\/wp-content\/uploads\/2020\/06\/Inkedkawalerzyst\u00f3w-3_LI.jpg\" alt=\"\" width=\"591\" height=\"474\" srcset=\"https:\/\/smwroclaw.pl\/wp-content\/uploads\/2020\/06\/Inkedkawalerzyst\u00f3w-3_LI.jpg 646w, https:\/\/smwroclaw.pl\/wp-content\/uploads\/2020\/06\/Inkedkawalerzyst\u00f3w-3_LI-300x241.jpg 300w\" sizes=\"(max-width: 591px) 100vw, 591px\" \/><\/p>\n<p><img loading=\"lazy\" decoding=\"async\" class=\" wp-image-12565 aligncenter\" src=\"https:\/\/smwroclaw.pl\/wp-content\/uploads\/2020\/06\/Inkedkawalerzyst\u00f3w-4_LI.jpg\" alt=\"\" width=\"595\" height=\"518\" srcset=\"https:\/\/smwroclaw.pl\/wp-content\/uploads\/2020\/06\/Inkedkawalerzyst\u00f3w-4_LI.jpg 648w, https:\/\/smwroclaw.pl\/wp-content\/uploads\/2020\/06\/Inkedkawalerzyst\u00f3w-4_LI-300x261.jpg 300w\" sizes=\"(max-width: 595px) 100vw, 595px\" \/><\/p>\n<p>wf<\/p>\n","protected":false},"excerpt":{"rendered":"<p>23 czerwca 2020 r. stra\u017cnicy miejscy na ulicy Kawalerzyst\u00f3w wydali dyspozycj\u0119 usuni\u0119cia na koszt w\u0142a\u015bciciela 4 pojazd\u00f3w nieoznakowanych kart\u0105 parkingow\u0105 &#8211;\u00a0 parkuj\u0105cych w miejscu przeznaczonym dla pojazd\u00f3w kierowanych przez osoby niepe\u0142nosprawne. Kierowcy musz\u0105 liczy\u0107 si\u0119 z konieczno\u015bci\u0105 pokrycia koszt\u00f3w odholowania oraz mandatem w wysoko\u015bci 500 z\u0142. i na\u0142o\u017ceniem 5 punkt\u00f3w karnych. &nbsp; &nbsp;<\/p>\n","protected":false},"author":4,"featured_media":12566,"comment_status":"closed","ping_status":"closed","sticky":false,"template":"","format":"standard","meta":{"footnotes":""},"categories":[16],"tags":[],"class_list":["post-12559","post","type-post","status-publish","format-standard","has-post-thumbnail","hentry","category-aktual"],"_links":{"self":[{"href":"https:\/\/smwroclaw.pl\/index.php?rest_route=\/wp\/v2\/posts\/12559","targetHints":{"allow":["GET"]}}],"collection":[{"href":"https:\/\/smwroclaw.pl\/index.php?rest_route=\/wp\/v2\/posts"}],"about":[{"href":"https:\/\/smwroclaw.pl\/index.php?rest_route=\/wp\/v2\/types\/post"}],"author":[{"embeddable":true,"href":"https:\/\/smwroclaw.pl\/index.php?rest_route=\/wp\/v2\/users\/4"}],"replies":[{"embeddable":true,"href":"https:\/\/smwroclaw.pl\/index.php?rest_route=%2Fwp%2Fv2%2Fcomments&post=12559"}],"version-history":[{"count":5,"href":"https:\/\/smwroclaw.pl\/index.php?rest_route=\/wp\/v2\/posts\/12559\/revisions"}],"predecessor-version":[{"id":12576,"href":"https:\/\/smwroclaw.pl\/index.php?rest_route=\/wp\/v2\/posts\/12559\/revisions\/12576"}],"wp:featuredmedia":[{"embeddable":true,"href":"https:\/\/smwroclaw.pl\/index.php?rest_route=\/wp\/v2\/media\/12566"}],"wp:attachment":[{"href":"https:\/\/smwroclaw.pl\/index.php?rest_route=%2Fwp%2Fv2%2Fmedia&parent=12559"}],"wp:term":[{"taxonomy":"category","embeddable":true,"href":"https:\/\/smwroclaw.pl\/index.php?rest_route=%2Fwp%2Fv2%2Fcategories&post=12559"},{"taxonomy":"post_tag","embeddable":true,"href":"https:\/\/smwroclaw.pl\/index.php?rest_route=%2Fwp%2Fv2%2Ftags&post=12559"}],"curies":[{"name":"wp","href":"https:\/\/api.w.org\/{rel}","templated":true}]}}