{"id":12585,"date":"2020-06-25T07:14:01","date_gmt":"2020-06-25T05:14:01","guid":{"rendered":"http:\/\/smwroclaw.pl\/?p=12585"},"modified":"2020-06-25T07:16:05","modified_gmt":"2020-06-25T05:16:05","slug":"wraki-203-2020-zdjecia","status":"publish","type":"post","link":"https:\/\/smwroclaw.pl\/?p=12585","title":{"rendered":"WRAKI (203\/2020) &#8211; zdj\u0119cia"},"content":{"rendered":"<p style=\"text-align: justify;\"><span style=\"font-family: georgia, palatino, serif; font-size: 12pt;\"><strong>24 czerwca 2020 r. stra\u017cnicy miejscy usun\u0119li z ulicy Sudeckiej 82 pojazd marki Opel kt\u00f3rego stan wskazywa\u0142, \u017ce nie jest u\u017cywany (wrak).<\/strong><\/span><\/p>\n<p>&nbsp;<\/p>\n<p>&nbsp;<\/p>\n<p>&nbsp;<\/p>\n<p>&nbsp;<\/p>\n<p><img fetchpriority=\"high\" decoding=\"async\" class=\" wp-image-12586 aligncenter\" src=\"https:\/\/smwroclaw.pl\/wp-content\/uploads\/2020\/06\/SUDECKA-scaled.jpg\" alt=\"\" width=\"469\" height=\"352\" srcset=\"https:\/\/smwroclaw.pl\/wp-content\/uploads\/2020\/06\/SUDECKA-scaled.jpg 2560w, https:\/\/smwroclaw.pl\/wp-content\/uploads\/2020\/06\/SUDECKA-300x225.jpg 300w, https:\/\/smwroclaw.pl\/wp-content\/uploads\/2020\/06\/SUDECKA-768x576.jpg 768w, https:\/\/smwroclaw.pl\/wp-content\/uploads\/2020\/06\/SUDECKA-1536x1152.jpg 1536w, https:\/\/smwroclaw.pl\/wp-content\/uploads\/2020\/06\/SUDECKA-2048x1536.jpg 2048w\" sizes=\"(max-width: 469px) 100vw, 469px\" \/><\/p>\n<p><!--more--><\/p>\n<p><img decoding=\"async\" class=\"size-full wp-image-12587 aligncenter\" src=\"https:\/\/smwroclaw.pl\/wp-content\/uploads\/2020\/06\/SUDECKA-3.jpg\" alt=\"\" width=\"640\" height=\"480\" srcset=\"https:\/\/smwroclaw.pl\/wp-content\/uploads\/2020\/06\/SUDECKA-3.jpg 640w, https:\/\/smwroclaw.pl\/wp-content\/uploads\/2020\/06\/SUDECKA-3-300x225.jpg 300w\" sizes=\"(max-width: 640px) 100vw, 640px\" \/><\/p>\n<p><img decoding=\"async\" class=\" wp-image-12588 aligncenter\" src=\"https:\/\/smwroclaw.pl\/wp-content\/uploads\/2020\/06\/SUDECKA-2-scaled.jpg\" alt=\"\" width=\"638\" height=\"479\" srcset=\"https:\/\/smwroclaw.pl\/wp-content\/uploads\/2020\/06\/SUDECKA-2-scaled.jpg 2560w, https:\/\/smwroclaw.pl\/wp-content\/uploads\/2020\/06\/SUDECKA-2-300x225.jpg 300w, https:\/\/smwroclaw.pl\/wp-content\/uploads\/2020\/06\/SUDECKA-2-768x576.jpg 768w, https:\/\/smwroclaw.pl\/wp-content\/uploads\/2020\/06\/SUDECKA-2-1536x1152.jpg 1536w, https:\/\/smwroclaw.pl\/wp-content\/uploads\/2020\/06\/SUDECKA-2-2048x1536.jpg 2048w\" sizes=\"(max-width: 638px) 100vw, 638px\" \/><\/p>\n<p>wf<\/p>\n","protected":false},"excerpt":{"rendered":"<p>24 czerwca 2020 r. stra\u017cnicy miejscy usun\u0119li z ulicy Sudeckiej 82 pojazd marki Opel kt\u00f3rego stan wskazywa\u0142, \u017ce nie jest u\u017cywany (wrak). &nbsp; &nbsp; &nbsp; &nbsp;<\/p>\n","protected":false},"author":4,"featured_media":11281,"comment_status":"closed","ping_status":"closed","sticky":false,"template":"","format":"standard","meta":{"footnotes":""},"categories":[16],"tags":[],"class_list":["post-12585","post","type-post","status-publish","format-standard","has-post-thumbnail","hentry","category-aktual"],"_links":{"self":[{"href":"https:\/\/smwroclaw.pl\/index.php?rest_route=\/wp\/v2\/posts\/12585","targetHints":{"allow":["GET"]}}],"collection":[{"href":"https:\/\/smwroclaw.pl\/index.php?rest_route=\/wp\/v2\/posts"}],"about":[{"href":"https:\/\/smwroclaw.pl\/index.php?rest_route=\/wp\/v2\/types\/post"}],"author":[{"embeddable":true,"href":"https:\/\/smwroclaw.pl\/index.php?rest_route=\/wp\/v2\/users\/4"}],"replies":[{"embeddable":true,"href":"https:\/\/smwroclaw.pl\/index.php?rest_route=%2Fwp%2Fv2%2Fcomments&post=12585"}],"version-history":[{"count":4,"href":"https:\/\/smwroclaw.pl\/index.php?rest_route=\/wp\/v2\/posts\/12585\/revisions"}],"predecessor-version":[{"id":12592,"href":"https:\/\/smwroclaw.pl\/index.php?rest_route=\/wp\/v2\/posts\/12585\/revisions\/12592"}],"wp:featuredmedia":[{"embeddable":true,"href":"https:\/\/smwroclaw.pl\/index.php?rest_route=\/wp\/v2\/media\/11281"}],"wp:attachment":[{"href":"https:\/\/smwroclaw.pl\/index.php?rest_route=%2Fwp%2Fv2%2Fmedia&parent=12585"}],"wp:term":[{"taxonomy":"category","embeddable":true,"href":"https:\/\/smwroclaw.pl\/index.php?rest_route=%2Fwp%2Fv2%2Fcategories&post=12585"},{"taxonomy":"post_tag","embeddable":true,"href":"https:\/\/smwroclaw.pl\/index.php?rest_route=%2Fwp%2Fv2%2Ftags&post=12585"}],"curies":[{"name":"wp","href":"https:\/\/api.w.org\/{rel}","templated":true}]}}