{"id":12608,"date":"2020-06-25T14:09:18","date_gmt":"2020-06-25T12:09:18","guid":{"rendered":"http:\/\/smwroclaw.pl\/?p=12608"},"modified":"2020-06-25T19:47:39","modified_gmt":"2020-06-25T17:47:39","slug":"juz-wkrotce-podrecznik-mini-ratownika","status":"publish","type":"post","link":"https:\/\/smwroclaw.pl\/?p=12608","title":{"rendered":"JU\u017b WKR\u00d3TCE &#8211; \u201ePODR\u0118CZNIK MINI RATOWNIKA\u201d"},"content":{"rendered":"<p style=\"text-align: justify;\" align=\"justify\"><span style=\"font-family: georgia, palatino, serif; font-size: 12pt;\">10 marca w Szkole Podstawowej 109 przy ul. In\u017cynierskiej zosta\u0142y przeprowadzone ostatnie w tym roku szkolnym zaj\u0119cia z cyklu<strong> \u201eMiniRatownik\u201d<\/strong>. Epidemia koronawirusa przerwa\u0142a spotkania z dzie\u0107mi i nauk\u0119 tego co najwa\u017cniejsze. Jednak nie wstrzymali\u015bmy naszych dzia\u0142a\u0144 i wychodz\u0105c naprzeciw potrzebom, ju\u017c nied\u0142ugo uka\u017ce si\u0119 przygotowany przez nas, bezp\u0142atny<strong> \u201ePodr\u0119cznik MiniRatownika\u201d<\/strong>, skierowany do wszystkich milusi\u0144skich.<\/span><\/p>\n<p style=\"text-align: center;\" align=\"justify\"><span style=\"font-family: georgia, palatino, serif; font-size: 12pt;\"><strong> Premiera ju\u017c we wrze\u015bniu 2020!!!<\/strong> <\/span><\/p>\n<p align=\"justify\"><!--more--><\/p>\n<p style=\"text-align: justify;\" align=\"justify\"><span style=\"font-family: georgia, palatino, serif; font-size: 12pt;\">W roku szkolnym 2019\/2020 nasza funkcjonariuszka <strong>insp. Beata Dopiera\u0142a<\/strong>, absolwentka Wy\u017cszej Szko\u0142y Medycznej w Legnicy, prowadzi\u0142a warsztaty edukacyjne na temat pierwszej pomocy, w\u00a0kt\u00f3rych wzi\u0119\u0142o udzia\u0142 6106 os\u00f3b.<\/span><\/p>\n<p style=\"text-align: justify;\" align=\"justify\"><span style=\"font-family: georgia, palatino, serif; font-size: 12pt;\">Za\u0142o\u017ceniem programu <strong>\u201eMiniRatownik\u201d<\/strong> jest nauczanie najm\u0142odszych, czyli dzieci w wieku 2,5 \u2013 10 lat. Program ma na celu nauk\u0119 najm\u0142odszych zachowania w sytuacjach niebezpiecznych, numer\u00f3w alarmowych do poszczeg\u00f3lnych s\u0142u\u017cb oraz co najwa\u017cniejsze, jak zachowa\u0107 si\u0119 gdy kto\u015b potrzebuje pomocy. Dzieci mog\u0105 \u0107wiczy\u0107 na specjalnych fantomach resuscytacj\u0119, mog\u0105 zapozna\u0107 si\u0119 z zasadami dzia\u0142ania defibrylatora AED i gdzie to urz\u0105dzenie jest dost\u0119pne. <\/span><\/p>\n<p style=\"text-align: justify;\" align=\"justify\"><span style=\"font-family: georgia, palatino, serif; font-size: 12pt;\">Potrzeby w tym zakresie okaza\u0142y si\u0119 jednak o wiele wi\u0119ksze, dlatego rozszerzyli\u015bmy ofert\u0119 o\u00a0<strong>\u201eAkademi\u0119 Pluszowego Misia\u201d <\/strong>dla dzieci ze \u017c\u0142obk\u00f3w. Maluchy przynosi\u0142y swoje ulubione przytulanki, kt\u00f3rym wsp\u00f3lnie starali\u015bmy si\u0119 pom\u00f3c, je\u017celi by\u0142y chore. Zak\u0142adali\u015bmy karty chorobowe, wypisywali\u015bmy recepty, banda\u017cowali\u015bmy \u0142apki i g\u0142\u00f3wki, przyklejali\u015bmy plasterki. Do najbardziej chorych przyjaci\u00f3\u0142 wzywali\u015bmy Pogotowie Ratunkowe, przy okazji ucz\u0105c numer\u00f3w alarmowych. Musieli\u015bmy prowadzi\u0107 resuscytacj\u0119 kr\u0105\u017ceniowo \u2013 oddechow\u0105, niekiedy z u\u017cyciem defibrylatora. Nauka przez zabaw\u0119 procentuje i wi\u0119kszo\u015b\u0107 nawet tak ma\u0142ych dzieci przyswaja bez problemu podstawowe wiadomo\u015bci z zakresu pierwszej pomocy.<br \/>\nStarsze grupy wiekowe, m\u0142odzie\u017c, doro\u015bli, seniorzy, wolontariusze, r\u00f3wnie\u017c ch\u0119tnie korzystali z mo\u017cliwo\u015bci nauki tego, co tak istotne. Kluby Seniora, Rady Osiedli, Domy Pomocy Spo\u0142ecznej, Wroc\u0142awskie Centrum Opieki i Wychowania, to tylko niekt\u00f3re z instytucji, gdzie przeprowadzili\u015bmy szkolenia.<\/span><\/p>\n<p style=\"text-align: justify;\" align=\"justify\"><span style=\"font-family: georgia, palatino, serif; font-size: 12pt;\">Z nadziej\u0105 na powr\u00f3t od wrze\u015bnia do normalnych zaj\u0119\u0107 w plac\u00f3wkach o\u015bwiatowych, przypominamy zainteresowanym nauczycielom i opiekunom ze \u017c\u0142obk\u00f3w, przedszkoli i szk\u00f3\u0142 podstawowych, \u017ce aby skorzysta\u0107 z warsztat\u00f3w nale\u017cy zg\u0142osi\u0107 instytucj\u0119 mailowo <a href=\"http:\/\/straz@strazmiejska.wroclaw.pl\">http:\/\/straz@strazmiejska.wroclaw.pl<\/a> lub poczt\u0105 na adres: Stra\u017c Miejska Wroc\u0142awia ul. na Grobli 14\/16, 50-421 Wroc\u0142aw.<\/span><\/p>\n<p style=\"text-align: center;\" align=\"justify\"><span style=\"font-family: georgia, palatino, serif; font-size: 12pt;\"><strong>Ju\u017c teraz zach\u0119camy do skorzystania z planszy ABC Pierwszej Pomocy.<\/strong><\/span><\/p>\n<p style=\"text-align: center;\" align=\"justify\"><img fetchpriority=\"high\" decoding=\"async\" class=\"alignnone  wp-image-12631\" src=\"https:\/\/smwroclaw.pl\/wp-content\/uploads\/2020\/06\/plansza-ABC-PIERWSZA-POMOC-1-1-212x300.png\" alt=\"\" width=\"312\" height=\"442\" srcset=\"https:\/\/smwroclaw.pl\/wp-content\/uploads\/2020\/06\/plansza-ABC-PIERWSZA-POMOC-1-1-212x300.png 212w, https:\/\/smwroclaw.pl\/wp-content\/uploads\/2020\/06\/plansza-ABC-PIERWSZA-POMOC-1-1-768x1086.png 768w, https:\/\/smwroclaw.pl\/wp-content\/uploads\/2020\/06\/plansza-ABC-PIERWSZA-POMOC-1-1-1086x1536.png 1086w, https:\/\/smwroclaw.pl\/wp-content\/uploads\/2020\/06\/plansza-ABC-PIERWSZA-POMOC-1-1.png 1414w\" sizes=\"(max-width: 312px) 100vw, 312px\" \/>\u00a0\u00a0\u00a0 <img decoding=\"async\" class=\"alignnone wp-image-12619\" src=\"https:\/\/smwroclaw.pl\/wp-content\/uploads\/2020\/06\/Podr\u0119cznik-miniratownika-212x300.png\" alt=\"\" width=\"313\" height=\"442\" srcset=\"https:\/\/smwroclaw.pl\/wp-content\/uploads\/2020\/06\/Podr\u0119cznik-miniratownika-212x300.png 212w, https:\/\/smwroclaw.pl\/wp-content\/uploads\/2020\/06\/Podr\u0119cznik-miniratownika-768x1086.png 768w, https:\/\/smwroclaw.pl\/wp-content\/uploads\/2020\/06\/Podr\u0119cznik-miniratownika-1086x1536.png 1086w, https:\/\/smwroclaw.pl\/wp-content\/uploads\/2020\/06\/Podr\u0119cznik-miniratownika.png 1414w\" sizes=\"(max-width: 313px) 100vw, 313px\" \/><\/p>\n<p style=\"text-align: center;\" align=\"justify\">\u00a0<\/p>\n<p>&nbsp;<\/p>\n<p style=\"text-align: center;\" align=\"justify\">\u00a0 \u00a0 \u00a0 \u00a0 \u00a0 \u00a0 \u00a0 \u00a0 \u00a0 \u00a0 <img decoding=\"async\" class=\"wp-image-12612 aligncenter\" src=\"https:\/\/smwroclaw.pl\/wp-content\/uploads\/2020\/06\/IMG_20200623_121632-300x225.jpg\" alt=\"\" width=\"383\" height=\"287\" srcset=\"https:\/\/smwroclaw.pl\/wp-content\/uploads\/2020\/06\/IMG_20200623_121632-300x225.jpg 300w, https:\/\/smwroclaw.pl\/wp-content\/uploads\/2020\/06\/IMG_20200623_121632-768x577.jpg 768w, https:\/\/smwroclaw.pl\/wp-content\/uploads\/2020\/06\/IMG_20200623_121632-1536x1153.jpg 1536w, https:\/\/smwroclaw.pl\/wp-content\/uploads\/2020\/06\/IMG_20200623_121632-2048x1538.jpg 2048w\" sizes=\"(max-width: 383px) 100vw, 383px\" \/><\/p>\n<p style=\"text-align: center;\" align=\"justify\"><span style=\"font-family: georgia, palatino, serif; font-size: 12pt;\"><strong>Wszystkim MiniRatownikom, ich rodzinom i wychowawcom, \u017cyczymy bezpiecznych, udanych wakacji!!!<\/strong><\/span><\/p>\n<p align=\"justify\">BD<\/p>\n<p style=\"text-align: justify;\" align=\"justify\">\u00a0<\/p>\n","protected":false},"excerpt":{"rendered":"<p>10 marca w Szkole Podstawowej 109 przy ul. In\u017cynierskiej zosta\u0142y przeprowadzone ostatnie w tym roku szkolnym zaj\u0119cia z cyklu \u201eMiniRatownik\u201d. Epidemia koronawirusa przerwa\u0142a spotkania z dzie\u0107mi i nauk\u0119 tego co najwa\u017cniejsze. Jednak nie wstrzymali\u015bmy naszych dzia\u0142a\u0144 i wychodz\u0105c naprzeciw potrzebom, ju\u017c nied\u0142ugo uka\u017ce si\u0119 przygotowany przez nas, bezp\u0142atny \u201ePodr\u0119cznik MiniRatownika\u201d, skierowany do wszystkich milusi\u0144skich. Premiera [&hellip;]<\/p>\n","protected":false},"author":7,"featured_media":12609,"comment_status":"closed","ping_status":"closed","sticky":false,"template":"","format":"standard","meta":{"footnotes":""},"categories":[16],"tags":[],"class_list":["post-12608","post","type-post","status-publish","format-standard","has-post-thumbnail","hentry","category-aktual"],"_links":{"self":[{"href":"https:\/\/smwroclaw.pl\/index.php?rest_route=\/wp\/v2\/posts\/12608","targetHints":{"allow":["GET"]}}],"collection":[{"href":"https:\/\/smwroclaw.pl\/index.php?rest_route=\/wp\/v2\/posts"}],"about":[{"href":"https:\/\/smwroclaw.pl\/index.php?rest_route=\/wp\/v2\/types\/post"}],"author":[{"embeddable":true,"href":"https:\/\/smwroclaw.pl\/index.php?rest_route=\/wp\/v2\/users\/7"}],"replies":[{"embeddable":true,"href":"https:\/\/smwroclaw.pl\/index.php?rest_route=%2Fwp%2Fv2%2Fcomments&post=12608"}],"version-history":[{"count":14,"href":"https:\/\/smwroclaw.pl\/index.php?rest_route=\/wp\/v2\/posts\/12608\/revisions"}],"predecessor-version":[{"id":12632,"href":"https:\/\/smwroclaw.pl\/index.php?rest_route=\/wp\/v2\/posts\/12608\/revisions\/12632"}],"wp:featuredmedia":[{"embeddable":true,"href":"https:\/\/smwroclaw.pl\/index.php?rest_route=\/wp\/v2\/media\/12609"}],"wp:attachment":[{"href":"https:\/\/smwroclaw.pl\/index.php?rest_route=%2Fwp%2Fv2%2Fmedia&parent=12608"}],"wp:term":[{"taxonomy":"category","embeddable":true,"href":"https:\/\/smwroclaw.pl\/index.php?rest_route=%2Fwp%2Fv2%2Fcategories&post=12608"},{"taxonomy":"post_tag","embeddable":true,"href":"https:\/\/smwroclaw.pl\/index.php?rest_route=%2Fwp%2Fv2%2Ftags&post=12608"}],"curies":[{"name":"wp","href":"https:\/\/api.w.org\/{rel}","templated":true}]}}