{"id":12732,"date":"2020-07-14T07:00:55","date_gmt":"2020-07-14T05:00:55","guid":{"rendered":"http:\/\/smwroclaw.pl\/?p=12732"},"modified":"2020-07-14T07:20:43","modified_gmt":"2020-07-14T05:20:43","slug":"zmien-piec-spytaj-asystenta-i-zrob-to","status":"publish","type":"post","link":"https:\/\/smwroclaw.pl\/?p=12732","title":{"rendered":"ZMIE\u0143 PIEC &#8211; spytaj asystenta i zr\u00f3b to !"},"content":{"rendered":"<p style=\"text-align: justify;\"><span style=\"font-family: georgia, palatino, serif; font-size: 12pt;\">Od lipca zosta\u0142y uruchomione<strong> sta\u0142e bezp\u0142atne dy\u017cury asystent\u00f3w akcji &#8222;Zmie\u0144 Piec&#8221;<\/strong>. Asystenci b\u0119d\u0105 t\u0142umaczy\u0107 krok po kroku, jak skorzysta\u0107 z dotacji, otrzyma\u0107 zwolnienie z czynszu czy dop\u0142aty do rachunk\u00f3w. Asystenci s\u0105 dost\u0119pni w dni robocze zgodnie z poni\u017cszym harmonogramem:<\/span><\/p>\n<p>&nbsp;<\/p>\n<p>&nbsp;<\/p>\n<p><img fetchpriority=\"high\" decoding=\"async\" class=\"spotlight aligncenter\" src=\"https:\/\/scontent-waw1-1.xx.fbcdn.net\/v\/t1.0-9\/s960x960\/106532975_174744570703122_5597803341362343656_o.png?_nc_cat=106&amp;_nc_sid=8024bb&amp;_nc_ohc=hSQpxQnWRUQAX_uoZ85&amp;_nc_ht=scontent-waw1-1.xx&amp;oh=7c83e4bb0fb2a427dc69a38e20c300b6&amp;oe=5F32BD7A\" alt=\"Brak dost\u0119pnego opisu zdj\u0119cia.\" width=\"615\" height=\"634\" aria-busy=\"true\" \/><\/p>\n<p><!--more--><\/p>\n<p>&nbsp;<\/p>\n<ul>\n<li style=\"text-align: justify;\"><span style=\"font-family: georgia, palatino, serif; font-size: 12pt;\"><strong>Miejska Biblioteka Publiczna Filia nr 29<\/strong>, ul. Reja 1, <strong>pi\u0105tek 11.00 \u2013 16.00<\/strong>, tel. 500 112 817<\/span><\/li>\n<li style=\"text-align: justify;\"><span style=\"font-family: georgia, palatino, serif; font-size: 12pt;\"><strong>Infopunkt Nadodrze<\/strong>, ul. \u0141okietka 5\/1, <strong>wtorek 12.00 \u2013 17.00, \u015broda 12.00 \u2013 17.00, czwartek 12.00 \u2013 17.00,<\/strong> tel. 500 112 494 (wtorek, czwartek), tel. 500 112 745 (\u015broda)<\/span><\/li>\n<li style=\"text-align: justify;\"><span style=\"font-family: georgia, palatino, serif; font-size: 12pt;\"><strong>O\u0142bi\u0144skie Centrum Aktywno\u015bci Lokalne<\/strong>j, ul. Prusa 37-39, <strong>poniedzia\u0142ek 14.00 \u2013 19.00, wtorek 9.00 \u2013 14.00, czwartek 8.00 \u2013 12.00<\/strong>, tel. 500 112 802, 500 112 806 (poniedzia\u0142ek, wtorek), tel. 500 112 625, 500 112 671 (czwartek)<\/span><\/li>\n<li style=\"text-align: justify;\"><span style=\"font-family: georgia, palatino, serif; font-size: 12pt;\"><strong>Centrum na Przedmie\u015bciu<\/strong>, ul. Pr\u0105dzy\u0144skiego 39a, <strong>poniedzia\u0142ek 17.00 \u2013 20.00<\/strong>, tel. 500 112 671<\/span><\/li>\n<li style=\"text-align: justify;\"><span style=\"font-family: georgia, palatino, serif; font-size: 12pt;\"><strong>Przed Pok\u00f3j H13<\/strong>, ul. Hercena 13, <strong>\u015broda 12.00 \u2013 16.00<\/strong>, tel. 500 112\u00a0625<\/span><\/li>\n<\/ul>\n<p>&nbsp;<\/p>\n<p>wf<\/p>\n<p>&nbsp;<\/p>\n","protected":false},"excerpt":{"rendered":"<p>Od lipca zosta\u0142y uruchomione sta\u0142e bezp\u0142atne dy\u017cury asystent\u00f3w akcji &#8222;Zmie\u0144 Piec&#8221;. Asystenci b\u0119d\u0105 t\u0142umaczy\u0107 krok po kroku, jak skorzysta\u0107 z dotacji, otrzyma\u0107 zwolnienie z czynszu czy dop\u0142aty do rachunk\u00f3w. Asystenci s\u0105 dost\u0119pni w dni robocze zgodnie z poni\u017cszym harmonogramem: &nbsp; &nbsp;<\/p>\n","protected":false},"author":4,"featured_media":10123,"comment_status":"closed","ping_status":"closed","sticky":false,"template":"","format":"standard","meta":{"footnotes":""},"categories":[16],"tags":[],"class_list":["post-12732","post","type-post","status-publish","format-standard","has-post-thumbnail","hentry","category-aktual"],"_links":{"self":[{"href":"https:\/\/smwroclaw.pl\/index.php?rest_route=\/wp\/v2\/posts\/12732","targetHints":{"allow":["GET"]}}],"collection":[{"href":"https:\/\/smwroclaw.pl\/index.php?rest_route=\/wp\/v2\/posts"}],"about":[{"href":"https:\/\/smwroclaw.pl\/index.php?rest_route=\/wp\/v2\/types\/post"}],"author":[{"embeddable":true,"href":"https:\/\/smwroclaw.pl\/index.php?rest_route=\/wp\/v2\/users\/4"}],"replies":[{"embeddable":true,"href":"https:\/\/smwroclaw.pl\/index.php?rest_route=%2Fwp%2Fv2%2Fcomments&post=12732"}],"version-history":[{"count":11,"href":"https:\/\/smwroclaw.pl\/index.php?rest_route=\/wp\/v2\/posts\/12732\/revisions"}],"predecessor-version":[{"id":12856,"href":"https:\/\/smwroclaw.pl\/index.php?rest_route=\/wp\/v2\/posts\/12732\/revisions\/12856"}],"wp:featuredmedia":[{"embeddable":true,"href":"https:\/\/smwroclaw.pl\/index.php?rest_route=\/wp\/v2\/media\/10123"}],"wp:attachment":[{"href":"https:\/\/smwroclaw.pl\/index.php?rest_route=%2Fwp%2Fv2%2Fmedia&parent=12732"}],"wp:term":[{"taxonomy":"category","embeddable":true,"href":"https:\/\/smwroclaw.pl\/index.php?rest_route=%2Fwp%2Fv2%2Fcategories&post=12732"},{"taxonomy":"post_tag","embeddable":true,"href":"https:\/\/smwroclaw.pl\/index.php?rest_route=%2Fwp%2Fv2%2Ftags&post=12732"}],"curies":[{"name":"wp","href":"https:\/\/api.w.org\/{rel}","templated":true}]}}