{"id":12882,"date":"2020-07-16T13:55:17","date_gmt":"2020-07-16T11:55:17","guid":{"rendered":"http:\/\/smwroclaw.pl\/?p=12882"},"modified":"2020-07-16T13:55:17","modified_gmt":"2020-07-16T11:55:17","slug":"podziekowania-dla-straznikow-miejskich-za-dzialania-prewencyjne-w-zwiazku-z-covid-19-2","status":"publish","type":"post","link":"https:\/\/smwroclaw.pl\/?p=12882","title":{"rendered":"PODZI\u0118KOWANIA DLA STRA\u017bNIK\u00d3W MIEJSKICH ZA DZIA\u0141ANIA PREWENCYJNE W ZWI\u0104ZKU Z COVID \u2013 19"},"content":{"rendered":"<p style=\"margin: 0cm; margin-bottom: .0001pt; text-align: justify; line-height: 150%;\"><span style=\"font-family: georgia, palatino, serif; font-size: 12pt;\">W dniu <strong>30 czerwca 2020 r.<\/strong> na r\u0119ce Komendanta Stra\u017cy Miejskiej Wroc\u0142awia wp\u0142yn\u0119\u0142y podzi\u0119kowania dla stra\u017cnik\u00f3w za dzia\u0142ania prewencyjne w zwi\u0105zku z COVID \u2013 19. Dzi\u0119kujemy za s\u0142owa wsparcia, kt\u00f3re motywuj\u0105 stra\u017cnik\u00f3w do dalszej pracy i pomocy drugiemu cz\u0142owiekowi.<\/span><\/p>\n<p><!--more--><\/p>\n<p style=\"margin: 0cm; margin-bottom: .0001pt; text-align: justify; line-height: 150%;\"><strong><span style=\"font-family: georgia, palatino, serif; font-size: 12pt;\">Pami\u0119tajmy, \u017ce w dalszym ci\u0105gu nale\u017cy:<\/span><\/strong><\/p>\n<p style=\"margin: 0cm; margin-bottom: .0001pt; text-align: justify; line-height: 150%;\"><span style=\"font-family: georgia, palatino, serif; font-size: 12pt;\">&#8211; zachowywa\u0107 odleg\u0142o\u015b\u0107 2 m mi\u0119dzy pieszymi;<\/span><\/p>\n<p style=\"margin: 0cm; margin-bottom: .0001pt; text-align: justify; line-height: 150%;\"><span style=\"font-family: georgia, palatino, serif; font-size: 12pt;\">&#8211; zas\u0142ania\u0107 usta i nos w sytuacji gdy nie mo\u017cna zachowa\u0107 2 \u2013 metrowej odleg\u0142o\u015bci;<\/span><\/p>\n<p style=\"margin: 0cm; margin-bottom: .0001pt; text-align: justify; line-height: 150%;\"><span style=\"font-family: georgia, palatino, serif; font-size: 12pt;\">&#8211; zak\u0142ada\u0107 maseczk\u0119 w miejscach, gdzie jest to wymagane np. w sklepie lub w autobusie, tramwaju;<\/span><\/p>\n<p class=\"04xlpa\" style=\"margin: 0cm; margin-bottom: .0001pt; text-align: justify; line-height: 150%;\"><span style=\"font-family: georgia, palatino, serif; font-size: 12pt;\">&#8211; cz\u0119sto my\u0107 r\u0119ce wod\u0105 z myd\u0142em lub dezynfekowa\u0107 je.<\/span><\/p>\n<p class=\"04xlpa\" style=\"margin: 0cm; margin-bottom: .0001pt; text-align: justify; line-height: 150%;\"><span style=\"font-family: georgia, palatino, serif; font-size: 12pt;\">\u00a0<\/span><\/p>\n<p style=\"margin: 0cm; margin-bottom: .0001pt; text-align: justify; line-height: 150%;\"><span style=\"font-family: georgia, palatino, serif; font-size: 12pt;\">Aktualne zasady i obostrzenia znajduj\u0105 si\u0119 na stronie:<\/span><\/p>\n<p style=\"margin: 0cm; margin-bottom: .0001pt; text-align: justify; line-height: 150%;\"><span style=\"font-family: georgia, palatino, serif; font-size: 12pt;\"><a href=\"https:\/\/www.gov.pl\/web\/koronawirus\/aktualne-zasady-i-ograniczenia\">https:\/\/www.gov.pl\/web\/koronawirus\/aktualne-zasady-i-ograniczenia<\/a><\/span><\/p>\n<p><img fetchpriority=\"high\" decoding=\"async\" class=\"alignnone  wp-image-12892\" src=\"https:\/\/smwroclaw.pl\/wp-content\/uploads\/2020\/07\/urz\u0105d-213x300.png\" alt=\"\" width=\"451\" height=\"635\" srcset=\"https:\/\/smwroclaw.pl\/wp-content\/uploads\/2020\/07\/urz\u0105d-213x300.png 213w, https:\/\/smwroclaw.pl\/wp-content\/uploads\/2020\/07\/urz\u0105d-768x1081.png 768w, https:\/\/smwroclaw.pl\/wp-content\/uploads\/2020\/07\/urz\u0105d-1091x1536.png 1091w, https:\/\/smwroclaw.pl\/wp-content\/uploads\/2020\/07\/urz\u0105d.png 1217w\" sizes=\"(max-width: 451px) 100vw, 451px\" \/><\/p>\n<p>Foto: Krzysztof Porawski<\/p>\n<p>KB<\/p>\n","protected":false},"excerpt":{"rendered":"<p>W dniu 30 czerwca 2020 r. na r\u0119ce Komendanta Stra\u017cy Miejskiej Wroc\u0142awia wp\u0142yn\u0119\u0142y podzi\u0119kowania dla stra\u017cnik\u00f3w za dzia\u0142ania prewencyjne w zwi\u0105zku z COVID \u2013 19. Dzi\u0119kujemy za s\u0142owa wsparcia, kt\u00f3re motywuj\u0105 stra\u017cnik\u00f3w do dalszej pracy i pomocy drugiemu cz\u0142owiekowi.<\/p>\n","protected":false},"author":12,"featured_media":12885,"comment_status":"closed","ping_status":"closed","sticky":false,"template":"","format":"standard","meta":{"footnotes":""},"categories":[16],"tags":[],"class_list":["post-12882","post","type-post","status-publish","format-standard","has-post-thumbnail","hentry","category-aktual"],"_links":{"self":[{"href":"https:\/\/smwroclaw.pl\/index.php?rest_route=\/wp\/v2\/posts\/12882","targetHints":{"allow":["GET"]}}],"collection":[{"href":"https:\/\/smwroclaw.pl\/index.php?rest_route=\/wp\/v2\/posts"}],"about":[{"href":"https:\/\/smwroclaw.pl\/index.php?rest_route=\/wp\/v2\/types\/post"}],"author":[{"embeddable":true,"href":"https:\/\/smwroclaw.pl\/index.php?rest_route=\/wp\/v2\/users\/12"}],"replies":[{"embeddable":true,"href":"https:\/\/smwroclaw.pl\/index.php?rest_route=%2Fwp%2Fv2%2Fcomments&post=12882"}],"version-history":[{"count":11,"href":"https:\/\/smwroclaw.pl\/index.php?rest_route=\/wp\/v2\/posts\/12882\/revisions"}],"predecessor-version":[{"id":12896,"href":"https:\/\/smwroclaw.pl\/index.php?rest_route=\/wp\/v2\/posts\/12882\/revisions\/12896"}],"wp:featuredmedia":[{"embeddable":true,"href":"https:\/\/smwroclaw.pl\/index.php?rest_route=\/wp\/v2\/media\/12885"}],"wp:attachment":[{"href":"https:\/\/smwroclaw.pl\/index.php?rest_route=%2Fwp%2Fv2%2Fmedia&parent=12882"}],"wp:term":[{"taxonomy":"category","embeddable":true,"href":"https:\/\/smwroclaw.pl\/index.php?rest_route=%2Fwp%2Fv2%2Fcategories&post=12882"},{"taxonomy":"post_tag","embeddable":true,"href":"https:\/\/smwroclaw.pl\/index.php?rest_route=%2Fwp%2Fv2%2Ftags&post=12882"}],"curies":[{"name":"wp","href":"https:\/\/api.w.org\/{rel}","templated":true}]}}