{"id":1296,"date":"2018-04-26T13:18:20","date_gmt":"2018-04-26T11:18:20","guid":{"rendered":"http:\/\/smwroclaw.pl\/?p=1296"},"modified":"2018-04-27T07:47:09","modified_gmt":"2018-04-27T05:47:09","slug":"konferencja-przestepczosc-i-demoralizacja-nieletnich-jak-im-przeciwdzialac","status":"publish","type":"post","link":"https:\/\/smwroclaw.pl\/?p=1296","title":{"rendered":"KONFERENCJA \u201ePRZEST\u0118PCZO\u015a\u0106 I DEMORALIZACJA NIELETNICH \u2013 JAK IM PRZECIWDZIA\u0141A\u0106 ?\u201d (aktualizacja, zdj\u0119cia)"},"content":{"rendered":"<p style=\"text-align: justify;\"><span style=\"font-size: 12pt;\">Konferencja odby\u0142a si\u0119 <strong>26 kwietnia 2018 r. od 10.00 do 13.00<\/strong> w Zespole Szk\u00f3\u0142 nr 14 przy ulicy Brucknera 10, policjanci z Wydzia\u0142u Prewencji i Patrolowego KMP przy udziale zaproszonych go\u015bci z M\u0142odzie\u017cowego O\u015brodka Socjoterapii, M\u0142odzie\u017cowego \u00a0O\u015brodka Wychowawczego, Dom\u00f3w Dziecka, wychowawc\u00f3w z Centr\u00f3w Rozwoju i Aktywno\u015bci Dzieci i M\u0142odzie\u017cy oraz stra\u017cnik\u00f3w miejskich \u2013\u201e<em>zastanowi\u0105 si\u0119, w jaki spos\u00f3b przeciwdzia\u0142a\u0107 \u00a0przest\u0119pczo\u015bci i demoralizacji nieletnich, jak pom\u00f3c zagubionej w obecnej rzeczywisto\u015bci m\u0142odzie\u017cy?\u201d. <\/em>Wa\u017cnym elementem konferencji, by\u0142o wyst\u0105pienie <strong>Grzegorza Muchorowskiego <\/strong>ze Stra\u017cy Miejskiej Wroc\u0142awia\u00a0 pt. \u2018Internet jako przestrze\u0144 publiczna\u201d.<\/span><!--more--><\/p>\n<p style=\"text-align: justify;\"><span style=\"font-family: georgia,palatino,serif; font-size: 12pt;\"><strong>Tezy wyk\u0142adu:<\/strong><\/span><\/p>\n<p style=\"text-align: justify;\"><span style=\"font-family: georgia,palatino,serif; font-size: 12pt;\">Gwa\u0142towny rozw\u00f3j nowych technologii spowodowa\u0142 powstanie zupe\u0142nie odmiennych problem\u00f3w zwi\u0105zanych z prawid\u0142owym wychowaniem dzieci i m\u0142odzie\u017cy. Przeci\u0119tny rodzic, nauczyciel lub pedagog w szkole jest w stanie zaobserwowa\u0107 zachowanie dziecka \u015bwiadcz\u0105ce o niepo\u017c\u0105danych kontaktach, przejawach agresji czy og\u00f3lnej wszelkim naruszaniu norm spo\u0142ecznych i w por\u0119 reagowa\u0107, koryguj\u0105c post\u0119powanie m\u0142odego cz\u0142owieka. <\/span><\/p>\n<p style=\"text-align: justify;\"><span style=\"font-family: georgia,palatino,serif; font-size: 12pt;\">Niestety mechanizm\u00a0 ten\u00a0 dzia\u0142a bez wi\u0119kszych problem\u00f3w w przepadku\u00a0 tradycyjnej przestrzeni publicznej. Nie jest to miejsce gdzie najcz\u0119\u015bciej przebywaj\u0105 dzieci i m\u0142odzie\u017c. Coraz wi\u0119cej aktywno\u015bci przenosz\u0105 one do sieci Internet gdzie kontrola ze strony doros\u0142ych jest znikoma, a co za tym\u00a0 idzie nie wyst\u0119puj\u0105 tak powszechnie mechanizmy korekty postaw niepo\u017c\u0105danych.<\/span><\/p>\n<p style=\"text-align: justify;\"><span style=\"font-family: georgia,palatino,serif; font-size: 12pt;\"><strong>Sie\u0107 komputerowa:<\/strong><\/span><\/p>\n<p style=\"text-align: justify;\"><span style=\"font-family: georgia,palatino,serif; font-size: 12pt;\">to pewna liczba niezale\u017cnie dzia\u0142aj\u0105cych komputer\u00f3w, kt\u00f3re s\u0105 po\u0142\u0105czone ze sob\u0105 za pomoc\u0105 kana\u0142\u00f3w komunikacyjnych pozwalaj\u0105cych na wymian\u0119 informacji mi\u0119dzy komputerami. Kana\u0142ami komunikacyjnymi mog\u0105 by\u0107 dowolne \u015brodki fizyczne umo\u017cliwiaj\u0105ce przesy\u0142anie informacji:<\/span><\/p>\n<ul style=\"text-align: justify;\">\n<li><span style=\"font-family: georgia,palatino,serif; font-size: 12pt;\">Sie\u0107 telefoniczna,<\/span><\/li>\n<li><span style=\"font-family: georgia,palatino,serif; font-size: 12pt;\">\u015awiat\u0142owody,<\/span><\/li>\n<li><span style=\"font-family: georgia,palatino,serif; font-size: 12pt;\">\u0141\u0105cza radiowe,<\/span><\/li>\n<li><span style=\"font-family: georgia,palatino,serif; font-size: 12pt;\">\u0141\u0105cza satelitarne.<\/span><\/li>\n<\/ul>\n<p style=\"text-align: justify;\"><span style=\"font-family: georgia,palatino,serif; font-size: 12pt;\"><strong>Przestrze\u0144 publiczna:<\/strong><\/span><\/p>\n<p style=\"text-align: justify;\"><span style=\"font-family: georgia,palatino,serif; font-size: 12pt;\">wszelkie miejsca dost\u0119pne powszechnie, zazwyczaj nieodp\u0142atnie, fizyczna lub niefizyczna przestrze\u0144, w kt\u00f3rej mo\u017ce znale\u017a\u0107 si\u0119 ka\u017cda jednostka spo\u0142eczna. To obszar o szczeg\u00f3lnym znaczeniu dla zaspokajania potrzeb mieszka\u0144c\u00f3w, poprawy jako\u015bci ich \u017cycia i sprzyjaj\u0105cy nawi\u0105zywaniu kontakt\u00f3w spo\u0142ecznych ze wzgl\u0119du na jego po\u0142o\u017cenie oraz cechy funkcjonalno-przestrzenne (ustawa o planowaniu i zagospodarowaniu przestrzennym).<\/span><\/p>\n<p style=\"text-align: justify;\"><span style=\"font-family: georgia,palatino,serif; font-size: 12pt;\"><strong>Prawo w Internecie:<\/strong><\/span><\/p>\n<ul style=\"text-align: justify;\">\n<li><span style=\"font-family: georgia,palatino,serif; font-size: 12pt;\">NIE ISTNIEJE JEDEN SYSTEM PRAWNY DOTYCZ\u0104CY SIECI (prawo ma charakter terytorialny i obowi\u0105zuje na terytorium pa\u0144stwa kt\u00f3re je ustanowi\u0142o),<\/span><\/li>\n<li><span style=\"font-family: georgia,palatino,serif; font-size: 12pt;\">TRE\u015aCI NA STRONACH INTERNETOWYCH\u00a0 POWINNY BY\u0106 ZGODNE Z PRAWEM KRAJU, NA TERENIE KT\u00d3REGO ZNAJDUJE SI\u0118 SERWER, NIE OZNACZA TO, \u017bE S\u0104 ZGODNE\u00a0 Z PRAWEM KRAJU, W KT\u00d3RYM S\u0104 PRZEGL\u0104DANE.<\/span><\/li>\n<\/ul>\n<p style=\"text-align: justify;\"><span style=\"font-family: georgia,palatino,serif; font-size: 12pt;\"><strong>W\u0142adza rodzicielska:<\/strong><\/span><\/p>\n<p style=\"text-align: justify;\"><span style=\"font-family: georgia,palatino,serif; font-size: 12pt;\">obejmuje w szczeg\u00f3lno\u015bci obowi\u0105zek i prawo rodzic\u00f3w do wykonywania pieczy nad osob\u0105 i maj\u0105tkiem dziecka oraz do wychowywania dziecka, a tak\u017ce do reprezentowania dziecka, jako jego przedstawiciel ustawowy. Rodzice s\u0105 przedstawicielami ustawowymi dziecka. Celem wychowania jest troska o fizyczny i duchowy rozw\u00f3j dziecka i przygotowanie go nale\u017cycie do pracy dla dobra spo\u0142ecze\u0144stwa, odpowiednio do jego uzdolnie\u0144. Dziecko powinno by\u0107 pos\u0142uszne rodzicom. W\u0142adza rodzicielska powinna by\u0107 wykonywana tak, jak tego wymaga dobro dziecka i interes spo\u0142eczny.<\/span><\/p>\n<p style=\"text-align: justify;\"><span style=\"font-family: georgia,palatino,serif; font-size: 12pt;\"><strong>Cyberprzemoc: <\/strong><\/span><\/p>\n<p style=\"text-align: justify;\"><span style=\"font-family: georgia,palatino,serif; font-size: 12pt;\">przemoc z u\u017cyciem technologii informacyjnych i komunikacyjnych. Technologie te to g\u0142\u00f3wnie Internet oraz telefony kom\u00f3rkowe.<\/span><\/p>\n<p style=\"text-align: justify;\"><span style=\"font-family: georgia,palatino,serif; font-size: 12pt;\"><strong>Formy Cyberprzemocy: <\/strong><\/span><\/p>\n<ul style=\"text-align: justify;\">\n<li><span style=\"font-family: georgia,palatino,serif; font-size: 12pt;\">n\u0119kanie, straszenie, szanta\u017cowanie z u\u017cyciem sieci,<\/span><\/li>\n<li><span style=\"font-family: georgia,palatino,serif; font-size: 12pt;\">publikowanie lub rozsy\u0142anie o\u015bmieszaj\u0105cych, kompromituj\u0105cych zdj\u0119\u0107, film\u00f3w,<\/span><\/li>\n<li><span style=\"font-family: georgia,palatino,serif; font-size: 12pt;\">podszywanie si\u0119 w sieci pod kogo\u015b wbrew jego woli.<\/span><\/li>\n<\/ul>\n<p style=\"text-align: justify;\"><span style=\"font-family: georgia,palatino,serif; font-size: 12pt;\"><strong>Sposoby kontroli dziecka korzystaj\u0105cego z Internetu:<\/strong><\/span><\/p>\n<ul>\n<li style=\"text-align: justify;\"><span style=\"font-family: georgia,palatino,serif; font-size: 12pt;\">Wsp\u00f3lnie z dzieckiem nale\u017cy ustali\u0107 zasady korzystania z Internetu.<\/span><\/li>\n<li style=\"text-align: justify;\"><span style=\"font-family: georgia,palatino,serif; font-size: 12pt;\">Najlepiej ustawi\u0107 komputer w og\u00f3lnodost\u0119pnym pomieszczeniu umo\u017cliwiaj\u0105cym obserwowanie monitora.<\/span><\/li>\n<li style=\"text-align: justify;\"><span style=\"font-family: georgia,palatino,serif; font-size: 12pt;\">Zapozna\u0107 si\u0119 ze stronami, z kt\u00f3rych chce korzysta\u0107 dziecko.<\/span><\/li>\n<li style=\"text-align: justify;\"><span style=\"font-family: georgia,palatino,serif; font-size: 12pt;\">Sprawdza\u0107 histori\u0119 odwiedzanych przez dziecko stron.<\/span><\/li>\n<li style=\"text-align: justify;\"><span style=\"font-family: georgia,palatino,serif; font-size: 12pt;\">Wskazywa\u0107 dziecku, kt\u00f3re strony mo\u017ce odwiedza\u0107.<\/span><\/li>\n<li style=\"text-align: justify;\"><span style=\"font-family: georgia,palatino,serif; font-size: 12pt;\">U\u017cywa\u0107 oprogramowania filtruj\u0105cego lub blokuj\u0105cego, ustawi\u0107 funkcje kontroli rodzicielskiej w przegl\u0105darce.<\/span><\/li>\n<li style=\"text-align: justify;\"><span style=\"font-family: georgia,palatino,serif; font-size: 12pt;\">Stara\u0107 si\u0119 towarzyszy\u0107 dziecku podczas korzystania z Internetu.<\/span><\/li>\n<li style=\"text-align: justify;\"><span style=\"font-family: georgia,palatino,serif; font-size: 12pt;\">Rozmawia\u0107 z dzie\u0107mi o mo\u017cliwych zagro\u017ceniach.<\/span><\/li>\n<li style=\"text-align: justify;\"><span style=\"font-family: georgia,palatino,serif; font-size: 12pt;\">Przekonywa\u0107 dziecko, aby zg\u0142asza\u0142o rodzicom fakt napotkania nieprzyjemnych, szkodliwych lub nielegalnych tre\u015bci.<\/span><\/li>\n<li style=\"text-align: justify;\"><span style=\"font-family: georgia,palatino,serif; font-size: 12pt;\">Uczy\u0107 dziecko krytycznego podej\u015bcia do informacji znalezionych w Internecie i konieczno\u015bci ich weryfikacji z informacjami zawartymi w s\u0142ownikach, encyklopediach, etc.<\/span><\/li>\n<\/ul>\n<p><img fetchpriority=\"high\" decoding=\"async\" class=\" wp-image-1339 aligncenter\" src=\"https:\/\/smwroclaw.pl\/wp-content\/uploads\/2018\/04\/20180426_123702.jpg\" alt=\"\" width=\"605\" height=\"341\" \/><\/p>\n<p><img decoding=\"async\" class=\"wp-image-1340 aligncenter\" src=\"https:\/\/smwroclaw.pl\/wp-content\/uploads\/2018\/04\/20180426_125729.jpg\" alt=\"\" width=\"602\" height=\"339\" \/><\/p>\n<p>&nbsp;<\/p>\n<p><strong>WF<\/strong><\/p>\n","protected":false},"excerpt":{"rendered":"<p>Konferencja odby\u0142a si\u0119 26 kwietnia 2018 r. od 10.00 do 13.00 w Zespole Szk\u00f3\u0142 nr 14 przy ulicy Brucknera 10, policjanci z Wydzia\u0142u Prewencji i Patrolowego KMP przy udziale zaproszonych go\u015bci z M\u0142odzie\u017cowego O\u015brodka Socjoterapii, M\u0142odzie\u017cowego \u00a0O\u015brodka Wychowawczego, Dom\u00f3w Dziecka, wychowawc\u00f3w z Centr\u00f3w Rozwoju i Aktywno\u015bci Dzieci i M\u0142odzie\u017cy oraz stra\u017cnik\u00f3w miejskich \u2013\u201ezastanowi\u0105 si\u0119, w [&hellip;]<\/p>\n","protected":false},"author":4,"featured_media":0,"comment_status":"closed","ping_status":"closed","sticky":false,"template":"","format":"standard","meta":{"footnotes":""},"categories":[16,33],"tags":[],"class_list":["post-1296","post","type-post","status-publish","format-standard","hentry","category-aktual","category-prew"],"_links":{"self":[{"href":"https:\/\/smwroclaw.pl\/index.php?rest_route=\/wp\/v2\/posts\/1296","targetHints":{"allow":["GET"]}}],"collection":[{"href":"https:\/\/smwroclaw.pl\/index.php?rest_route=\/wp\/v2\/posts"}],"about":[{"href":"https:\/\/smwroclaw.pl\/index.php?rest_route=\/wp\/v2\/types\/post"}],"author":[{"embeddable":true,"href":"https:\/\/smwroclaw.pl\/index.php?rest_route=\/wp\/v2\/users\/4"}],"replies":[{"embeddable":true,"href":"https:\/\/smwroclaw.pl\/index.php?rest_route=%2Fwp%2Fv2%2Fcomments&post=1296"}],"version-history":[{"count":14,"href":"https:\/\/smwroclaw.pl\/index.php?rest_route=\/wp\/v2\/posts\/1296\/revisions"}],"predecessor-version":[{"id":1342,"href":"https:\/\/smwroclaw.pl\/index.php?rest_route=\/wp\/v2\/posts\/1296\/revisions\/1342"}],"wp:attachment":[{"href":"https:\/\/smwroclaw.pl\/index.php?rest_route=%2Fwp%2Fv2%2Fmedia&parent=1296"}],"wp:term":[{"taxonomy":"category","embeddable":true,"href":"https:\/\/smwroclaw.pl\/index.php?rest_route=%2Fwp%2Fv2%2Fcategories&post=1296"},{"taxonomy":"post_tag","embeddable":true,"href":"https:\/\/smwroclaw.pl\/index.php?rest_route=%2Fwp%2Fv2%2Ftags&post=1296"}],"curies":[{"name":"wp","href":"https:\/\/api.w.org\/{rel}","templated":true}]}}