{"id":12970,"date":"2020-07-28T13:42:10","date_gmt":"2020-07-28T11:42:10","guid":{"rendered":"http:\/\/smwroclaw.pl\/?p=12970"},"modified":"2020-07-28T13:45:23","modified_gmt":"2020-07-28T11:45:23","slug":"podziekowania-dla-straznikow-miejskich-za-dzialania-prewencyjne-w-zwiazku-z-covid-19-3","status":"publish","type":"post","link":"https:\/\/smwroclaw.pl\/?p=12970","title":{"rendered":"PODZI\u0118KOWANIA DLA STRA\u017bNIK\u00d3W MIEJSKICH ZA DZIA\u0141ANIA PREWENCYJNE W ZWI\u0104ZKU Z COVID \u2013 19"},"content":{"rendered":"<p style=\"text-align: justify;\"><span style=\"font-family: georgia, palatino, serif; font-size: 12pt;\">W dniu <strong>22 lipca 2020 r.<\/strong> na r\u0119ce Komendanta Stra\u017cy Miejskiej Wroc\u0142awia wp\u0142yn\u0119\u0142y kolejne podzi\u0119kowania dla naszych funkcjonariuszy: <strong>m\u0142. spec. Marcina Marcinowskiego i m\u0142. str. Patryka M\u0105czy\u0144skiego<\/strong><strong>, oraz zast\u0119pcy kierownika Referatu II, Oddzia\u0142u Patrolowo \u2013 Interwencyjnego Barbary Jaworek<\/strong> \u00a0za zapewnianie bezpiecze\u0144stwa pracownikom Urz\u0119du Pracy we Wroc\u0142awiu w zwi\u0105zku z zapobieganiem, przeciwdzia\u0142aniem i zwalczaniem COVID-19. \u00a0<\/span><\/p>\n<p><!--more--><\/p>\n<p style=\"text-align: justify;\"><span style=\"font-family: georgia, palatino, serif; font-size: 12pt;\">Dzi\u0119kujemy r\u00f3wnie\u017c mieszka\u0144com, za ich odpowiedzialno\u015b\u0107 i stosowanie si\u0119 do nadal obowi\u0105zuj\u0105cych zalece\u0144 w zwi\u0105zku z przeciwdzia\u0142aniem \u00a0rozprzestrzeniania si\u0119 epidemii koronawirusa.<\/span><\/p>\n<p>&nbsp;<\/p>\n<p><img fetchpriority=\"high\" decoding=\"async\" class=\" wp-image-12975 aligncenter\" src=\"https:\/\/smwroclaw.pl\/wp-content\/uploads\/2020\/07\/skanowanie-212x300.png\" alt=\"\" width=\"518\" height=\"733\" srcset=\"https:\/\/smwroclaw.pl\/wp-content\/uploads\/2020\/07\/skanowanie-212x300.png 212w, https:\/\/smwroclaw.pl\/wp-content\/uploads\/2020\/07\/skanowanie-768x1087.png 768w, https:\/\/smwroclaw.pl\/wp-content\/uploads\/2020\/07\/skanowanie.png 826w\" sizes=\"(max-width: 518px) 100vw, 518px\" \/><\/p>\n<p>&nbsp;<\/p>\n<p>KB<\/p>\n","protected":false},"excerpt":{"rendered":"<p>W dniu 22 lipca 2020 r. na r\u0119ce Komendanta Stra\u017cy Miejskiej Wroc\u0142awia wp\u0142yn\u0119\u0142y kolejne podzi\u0119kowania dla naszych funkcjonariuszy: m\u0142. spec. Marcina Marcinowskiego i m\u0142. str. Patryka M\u0105czy\u0144skiego, oraz zast\u0119pcy kierownika Referatu II, Oddzia\u0142u Patrolowo \u2013 Interwencyjnego Barbary Jaworek \u00a0za zapewnianie bezpiecze\u0144stwa pracownikom Urz\u0119du Pracy we Wroc\u0142awiu w zwi\u0105zku z zapobieganiem, przeciwdzia\u0142aniem i zwalczaniem COVID-19. \u00a0<\/p>\n","protected":false},"author":12,"featured_media":12974,"comment_status":"closed","ping_status":"closed","sticky":false,"template":"","format":"standard","meta":{"footnotes":""},"categories":[16],"tags":[],"class_list":["post-12970","post","type-post","status-publish","format-standard","has-post-thumbnail","hentry","category-aktual"],"_links":{"self":[{"href":"https:\/\/smwroclaw.pl\/index.php?rest_route=\/wp\/v2\/posts\/12970","targetHints":{"allow":["GET"]}}],"collection":[{"href":"https:\/\/smwroclaw.pl\/index.php?rest_route=\/wp\/v2\/posts"}],"about":[{"href":"https:\/\/smwroclaw.pl\/index.php?rest_route=\/wp\/v2\/types\/post"}],"author":[{"embeddable":true,"href":"https:\/\/smwroclaw.pl\/index.php?rest_route=\/wp\/v2\/users\/12"}],"replies":[{"embeddable":true,"href":"https:\/\/smwroclaw.pl\/index.php?rest_route=%2Fwp%2Fv2%2Fcomments&post=12970"}],"version-history":[{"count":10,"href":"https:\/\/smwroclaw.pl\/index.php?rest_route=\/wp\/v2\/posts\/12970\/revisions"}],"predecessor-version":[{"id":12982,"href":"https:\/\/smwroclaw.pl\/index.php?rest_route=\/wp\/v2\/posts\/12970\/revisions\/12982"}],"wp:featuredmedia":[{"embeddable":true,"href":"https:\/\/smwroclaw.pl\/index.php?rest_route=\/wp\/v2\/media\/12974"}],"wp:attachment":[{"href":"https:\/\/smwroclaw.pl\/index.php?rest_route=%2Fwp%2Fv2%2Fmedia&parent=12970"}],"wp:term":[{"taxonomy":"category","embeddable":true,"href":"https:\/\/smwroclaw.pl\/index.php?rest_route=%2Fwp%2Fv2%2Fcategories&post=12970"},{"taxonomy":"post_tag","embeddable":true,"href":"https:\/\/smwroclaw.pl\/index.php?rest_route=%2Fwp%2Fv2%2Ftags&post=12970"}],"curies":[{"name":"wp","href":"https:\/\/api.w.org\/{rel}","templated":true}]}}