{"id":12995,"date":"2020-07-30T13:35:09","date_gmt":"2020-07-30T11:35:09","guid":{"rendered":"http:\/\/smwroclaw.pl\/?p=12995"},"modified":"2020-07-30T13:35:38","modified_gmt":"2020-07-30T11:35:38","slug":"straz-miejska-dzialaniu-w-dzialaniu-w-miejscach-publicznych-takich-zdjec-nie-wolno-umieszczac-czytaj-dalej","status":"publish","type":"post","link":"https:\/\/smwroclaw.pl\/?p=12995","title":{"rendered":"STRA\u017b MIEJSKA DZIA\u0141ANIU W DZIA\u0141ANIU &#8211; w miejscach publicznych takiej grafiki nie wolno umieszcza\u0107 (czytaj dalej)"},"content":{"rendered":"<p style=\"text-align: justify;\"><span dir=\"ltr\" style=\"font-family: georgia, palatino, serif; font-size: 12pt;\"><span class=\"_3l3x _1n4g\">30.07.2020 r. stra\u017cnicy miejscy\u00a0 interweniowali w zwi\u0105zku z podejrzeniem pope\u0142nienia wykroczenia z art. 141 ustawy Kodeks wykrocze\u0144 &#8211; <strong>na poje\u017adzie umieszczone wizerunki graficzne ukazuj\u0105ce rozcz\u0142onkowane, zakrwawione p\u0142ody ludzkie<\/strong>. Wszcz\u0119to czynno\u015bci wyja\u015bniaj\u0105ce. <strong>Finalnie sprawa trafi do S\u0105du.<\/strong><\/span><\/span><\/p>\n<p><!--more--><\/p>\n<p>&nbsp;<\/p>\n<p>&nbsp;<\/p>\n<p><span dir=\"ltr\" style=\"font-family: georgia, palatino, serif; font-size: 12pt;\"><span class=\"_3l3x _1n4g\">Umieszczanie w miejscu publicznym plakatu, b\u0105d\u017a billboardu, og\u0142oszenia, rysunku czy innego \u015brodka przekazu, jak cho\u0107by no\u015bnika elektronicznego, ukazuj\u0105cych rozcz\u0142onkowany, zakrwawiony p\u0142\u00f3d ludzki, jest czynem zabronionym jako wykroczenie z art. 141 ustawy Kodeks wykrocze\u0144 i podlega karze ograniczenia wolno\u015bci, grzywny do 1500 z\u0142otych albo karze nagany. <\/span><\/span><\/p>\n<p style=\"text-align: justify;\"><span style=\"font-family: georgia, palatino, serif; font-size: 12pt;\">Opisana tre\u015b\u0107 w postaci martwego p\u0142odu ludzkiego niew\u0105tpliwie spe\u0142nia kryteria nieprzyzwoito\u015bci. Okre\u015blenie \u201enieprzyzwoity\u201d to okre\u015blenie nieostre, podobnie jak wiele okre\u015ble\u0144 u\u017cywanych w Kodeksie wykrocze\u0144 (np. \u201enieobyczajny\u201d, \u201ez\u0142o\u015bliwie\u201d). Jednak, jak si\u0119 wydaje, uznanie czego\u015b za nieprzyzwoite zale\u017cy w wi\u0119kszym stopniu ni\u017c w przypadku innych, wyst\u0119puj\u0105cych w Kodeksie wykrocze\u0144, znamion nieostrych, od wra\u017cliwo\u015bci oceniaj\u0105cego. Okre\u015blenie \u201enieprzyzwoity\u201d cechuje si\u0119 bowiem \u2013 w rozumieniu potocznym \u2013 mniejszym zabarwieniem negatywnym ni\u017c np. okre\u015blenie \u201ez\u0142o\u015bliwie\u201d.<\/span><\/p>\n<p style=\"text-align: justify;\"><span style=\"font-family: georgia, palatino, serif; font-size: 12pt;\">Dlatego, bior\u0105c pod uwag\u0119 nieprzyzwoito\u015b\u0107 obrazu ukazuj\u0105cego martwy p\u0142\u00f3d ludzki, p\u0142\u00f3d rozcz\u0142onkowany, zakrwawiony, przy jednoczesnym uwzgl\u0119dnieniu, i\u017c w naszym kr\u0119gu kulturowym nieakceptowalne jest ukazywanie ludzkich zw\u0142ok, Stra\u017c Miejska Wroc\u0142awia w podobnych sprawach wyst\u0119powa\u0142a do S\u0105du z wnioskiem o ukaranie. <\/span><\/p>\n<p>WF<\/p>\n","protected":false},"excerpt":{"rendered":"<p>30.07.2020 r. stra\u017cnicy miejscy\u00a0 interweniowali w zwi\u0105zku z podejrzeniem pope\u0142nienia wykroczenia z art. 141 ustawy Kodeks wykrocze\u0144 &#8211; na poje\u017adzie umieszczone wizerunki graficzne ukazuj\u0105ce rozcz\u0142onkowane, zakrwawione p\u0142ody ludzkie. Wszcz\u0119to czynno\u015bci wyja\u015bniaj\u0105ce. Finalnie sprawa trafi do S\u0105du.<\/p>\n","protected":false},"author":4,"featured_media":11281,"comment_status":"closed","ping_status":"closed","sticky":false,"template":"","format":"standard","meta":{"footnotes":""},"categories":[16],"tags":[],"class_list":["post-12995","post","type-post","status-publish","format-standard","has-post-thumbnail","hentry","category-aktual"],"_links":{"self":[{"href":"https:\/\/smwroclaw.pl\/index.php?rest_route=\/wp\/v2\/posts\/12995","targetHints":{"allow":["GET"]}}],"collection":[{"href":"https:\/\/smwroclaw.pl\/index.php?rest_route=\/wp\/v2\/posts"}],"about":[{"href":"https:\/\/smwroclaw.pl\/index.php?rest_route=\/wp\/v2\/types\/post"}],"author":[{"embeddable":true,"href":"https:\/\/smwroclaw.pl\/index.php?rest_route=\/wp\/v2\/users\/4"}],"replies":[{"embeddable":true,"href":"https:\/\/smwroclaw.pl\/index.php?rest_route=%2Fwp%2Fv2%2Fcomments&post=12995"}],"version-history":[{"count":11,"href":"https:\/\/smwroclaw.pl\/index.php?rest_route=\/wp\/v2\/posts\/12995\/revisions"}],"predecessor-version":[{"id":13006,"href":"https:\/\/smwroclaw.pl\/index.php?rest_route=\/wp\/v2\/posts\/12995\/revisions\/13006"}],"wp:featuredmedia":[{"embeddable":true,"href":"https:\/\/smwroclaw.pl\/index.php?rest_route=\/wp\/v2\/media\/11281"}],"wp:attachment":[{"href":"https:\/\/smwroclaw.pl\/index.php?rest_route=%2Fwp%2Fv2%2Fmedia&parent=12995"}],"wp:term":[{"taxonomy":"category","embeddable":true,"href":"https:\/\/smwroclaw.pl\/index.php?rest_route=%2Fwp%2Fv2%2Fcategories&post=12995"},{"taxonomy":"post_tag","embeddable":true,"href":"https:\/\/smwroclaw.pl\/index.php?rest_route=%2Fwp%2Fv2%2Ftags&post=12995"}],"curies":[{"name":"wp","href":"https:\/\/api.w.org\/{rel}","templated":true}]}}