{"id":13098,"date":"2020-08-12T14:07:55","date_gmt":"2020-08-12T12:07:55","guid":{"rendered":"http:\/\/smwroclaw.pl\/?p=13098"},"modified":"2020-08-12T14:15:23","modified_gmt":"2020-08-12T12:15:23","slug":"nasz-straznik-zbigniew-wester","status":"publish","type":"post","link":"https:\/\/smwroclaw.pl\/?p=13098","title":{"rendered":"\u201eNASZ STRA\u017bNIK\u201d &#8211; ZBIGNIEW WESTER"},"content":{"rendered":"<p style=\"text-align: justify;\"><span style=\"font-family: georgia, palatino, serif; font-size: 12pt;\"><strong>Starszy specjalista Zbigniew Wester<\/strong> \u2013 to jeden z wroc\u0142awskich stra\u017cnik\u00f3w, dla mieszka\u0144c\u00f3w Osiedla Borek jedyny i wyj\u0105tkowy. Po wieloletniej, trudnej i pe\u0142nej zaanga\u017cowania pracy na rzecz bezpiecze\u0144stwa, \u0142adu i porz\u0105dku mieszka\u0144c\u00f3w osiedla, przyszed\u0142 czas na rozstanie. Dla obu stron nie jest to \u0142atwe. Nasz Stra\u017cnik na swoim osiedlu, nie tylko wykonywa\u0142 powierzone mu ustawowo obowi\u0105zki, On \u017cy\u0142 \u017cyciem osiedla i jego mieszka\u0144c\u00f3w.\u00a0<\/span><span style=\"font-family: georgia, palatino, serif; font-size: 12pt;\">Wiadomo by\u0142o do kogo zadzwoni\u0107 w sprawie spalania, parkowania, zanieczyszczania, czy deratyzacji. Jednak to sytuacje, kt\u00f3re wykracza\u0142y poza ramy wykonywanych obowi\u0105zk\u00f3w, sprawi\u0142y, \u017ce Zbyszek by\u0142 znany, lubiany i ceniony \u2013 by\u0142 ich stra\u017cnikiem. Swoim zaanga\u017cowaniem wzmacnia\u0142 poczucie bezpiecze\u0144stwa, bra\u0142 udzia\u0142 w wielu festynach osiedlowych, spotkaniach dotycz\u0105cych bezpiecznych zachowa\u0144 z mieszka\u0144cami, seniorami. Pracowa\u0142 z dzie\u0107mi i m\u0142odzie\u017c\u0105 szkoln\u0105, edukowa\u0142, czuwa\u0142 by bezpiecznie dotarli do szko\u0142y, uczy\u0142 przepis\u00f3w i m\u0105drego funkcjonowania w spo\u0142ecze\u0144stwie. By\u0142 cz\u0119\u015bci\u0105 wielkiej osiedlowej Rodziny.<\/span><!--more--><\/p>\n<p style=\"text-align: justify;\">\n<span style=\"font-family: georgia, palatino, serif; font-size: 12pt;\">Zbyszek zajmowa\u0142 si\u0119 r\u00f3wnie\u017c dzia\u0142alno\u015bci\u0105 charytatywn\u0105 na szerok\u0105 skal\u0119. By\u0142 wsp\u00f3\u0142organizatorem takich akcji jak:<\/span><br \/>\n<span style=\"font-family: georgia, palatino, serif; font-size: 12pt;\">\u2022 festyn w Szkole Podstawowej 23, w trakcie kt\u00f3rego zbierano pieni\u0105dze na rehabilitacj\u0119 ucznia poszkodowanego w wypadku drogowym;<\/span><br \/>\n<span style=\"font-family: georgia, palatino, serif; font-size: 12pt;\">\u2022 &#8222;Paczka dla Kresowian&#8221; razem ze Szko\u0142\u0105 Podstawow\u0105 23 i 47, Klubem Seniora Wojszyce, Sp\u00f3\u0142dzielni\u0105 Mieszkaniow\u0105 &#8222;Energetyk&#8221; i przedszkolem na Brochowie;<\/span><br \/>\n<span style=\"font-family: georgia, palatino, serif; font-size: 12pt;\">\u2022 zbi\u00f3rka ciast dla os\u00f3b bezdomnych, o\u015brodka rehabilitacyjnego przy ul.\u00a0Kleci\u0144skiej, schroniska dla bezdomnych matek z dzie\u0107mi &#8211; wraz z\u00a0przedszkolem z Brochowa zebrano i\u00a0przekazano 70 blach pysznego ciasta;<\/span><br \/>\n<span style=\"font-family: georgia, palatino, serif; font-size: 12pt;\">\u2022 zbi\u00f3rka funduszy i przygotowanie paczki dla by\u0142ej funkcjonariuszki z Referatu Patroli Konnych, kt\u00f3ra uleg\u0142a wypadkowi w trakcie wykonywania obowi\u0105zk\u00f3w s\u0142u\u017cbowych;<\/span><br \/>\n<span style=\"font-family: georgia, palatino, serif; font-size: 12pt;\">\u2022 zbi\u00f3rka i przekazanie maskotek dla dzieci w Domu Dziecka we Lwowie;<\/span><br \/>\n<span style=\"font-family: georgia, palatino, serif; font-size: 12pt;\">\u2022 zakup z w\u0142asnych funduszy dw\u00f3ch nowych lamp i przekazanie ich potrzebuj\u0105cej rodzinie;<\/span><br \/>\n<span style=\"font-family: georgia, palatino, serif; font-size: 12pt;\">\u2022 &#8222;Paczka wielkanocna dla Rodaka ze Lwowa&#8221; przy wsp\u00f3\u0142udziale szk\u00f3\u0142 z\u00a0Wroc\u0142awia i\u00a0Sycowa;<\/span><br \/>\n<span style=\"font-family: georgia, palatino, serif; font-size: 12pt;\">\u2022 powo\u0142anie Grupy Prewencyjnego Wsparcia Osiedla;<\/span><br \/>\n<span style=\"font-family: georgia, palatino, serif; font-size: 12pt;\">\u2022 wsp\u00f3\u0142praca przy przyznawaniu Certyfikatu Bezpiecze\u0144stwa.<\/span><br \/>\n<span style=\"font-family: georgia, palatino, serif; font-size: 12pt;\">Od dnia 1 lipca starszy specjalista Zbigniew Wester wykonuje inne obowi\u0105zki jako nasz funkcjonariusz. \u017byczymy mu dalszych sukces\u00f3w zar\u00f3wno w \u017cyciu osobistym jak i zawodowym.<\/span><\/p>\n<div style=\"width: 1920px;\" class=\"wp-video\"><!--[if lt IE 9]><script>document.createElement('video');<\/script><![endif]-->\n<video class=\"wp-video-shortcode\" id=\"video-13098-1\" width=\"1920\" height=\"1080\" preload=\"metadata\" controls=\"controls\"><source type=\"video\/mp4\" src=\"https:\/\/smwroclaw.pl\/wp-content\/uploads\/2020\/08\/Zbyszek-Wester-z-logo.mp4?_=1\" \/><a href=\"https:\/\/smwroclaw.pl\/wp-content\/uploads\/2020\/08\/Zbyszek-Wester-z-logo.mp4\">https:\/\/smwroclaw.pl\/wp-content\/uploads\/2020\/08\/Zbyszek-Wester-z-logo.mp4<\/a><\/video><\/div>\n<p>&nbsp;<\/p>\n<p>&nbsp;<\/p>\n<p style=\"text-align: center;\"><span style=\"font-family: georgia, palatino, serif; font-size: 12pt;\"><strong>Troch\u0119 wspomnie\u0144:<\/strong><\/span><\/p>\n<p>&nbsp;<\/p>\n<blockquote class=\"wp-embedded-content\" data-secret=\"xAxtaygzKm\"><p><a href=\"https:\/\/smwroclaw.pl\/?p=1801\">EGZAMIN NA KART\u0118 ROWEROW\u0104<\/a><\/p><\/blockquote>\n<p><iframe class=\"wp-embedded-content\" sandbox=\"allow-scripts\" security=\"restricted\" style=\"position: absolute; visibility: hidden;\" title=\"&#8222;EGZAMIN NA KART\u0118 ROWEROW\u0104&#8221; &#8212; Stra\u017c Miejska Wroc\u0142awia \" src=\"https:\/\/smwroclaw.pl\/?p=1801&#038;embed=true#?secret=sJoLA3XcBT#?secret=xAxtaygzKm\" data-secret=\"xAxtaygzKm\" width=\"500\" height=\"282\" frameborder=\"0\" marginwidth=\"0\" marginheight=\"0\" scrolling=\"no\"><\/iframe><\/p>\n<blockquote class=\"wp-embedded-content\" data-secret=\"15ERyCWiSX\"><p><a href=\"https:\/\/smwroclaw.pl\/?p=2077\">DZIE\u0143 SPORTU W ZESPOLE SZKOLNO \u2013 PRZEDSZKOLNYM NR 19 WE WROC\u0141AWIU<\/a><\/p><\/blockquote>\n<p><iframe class=\"wp-embedded-content\" sandbox=\"allow-scripts\" security=\"restricted\" style=\"position: absolute; visibility: hidden;\" title=\"&#8222;DZIE\u0143 SPORTU W ZESPOLE SZKOLNO \u2013 PRZEDSZKOLNYM NR 19 WE WROC\u0141AWIU&#8221; &#8212; Stra\u017c Miejska Wroc\u0142awia \" src=\"https:\/\/smwroclaw.pl\/?p=2077&#038;embed=true#?secret=tLpyh5JdO2#?secret=15ERyCWiSX\" data-secret=\"15ERyCWiSX\" width=\"500\" height=\"282\" frameborder=\"0\" marginwidth=\"0\" marginheight=\"0\" scrolling=\"no\"><\/iframe><\/p>\n<blockquote class=\"wp-embedded-content\" data-secret=\"F7MbEKuBCz\"><p><a href=\"https:\/\/smwroclaw.pl\/?p=3362\">\u201eWroc\u0142awski Certyfikat Bezpiecze\u0144stwa\u201d dla Mi\u0119dzyzak\u0142adowej Sp\u00f3\u0142dzielni Mieszkaniowej Energetyk<\/a><\/p><\/blockquote>\n<p><iframe class=\"wp-embedded-content\" sandbox=\"allow-scripts\" security=\"restricted\" style=\"position: absolute; visibility: hidden;\" title=\"&#8222;\u201eWroc\u0142awski Certyfikat Bezpiecze\u0144stwa\u201d dla Mi\u0119dzyzak\u0142adowej Sp\u00f3\u0142dzielni Mieszkaniowej Energetyk&#8221; &#8212; Stra\u017c Miejska Wroc\u0142awia \" src=\"https:\/\/smwroclaw.pl\/?p=3362&#038;embed=true#?secret=WF0L1oXuwT#?secret=F7MbEKuBCz\" data-secret=\"F7MbEKuBCz\" width=\"500\" height=\"282\" frameborder=\"0\" marginwidth=\"0\" marginheight=\"0\" scrolling=\"no\"><\/iframe><\/p>\n<blockquote class=\"wp-embedded-content\" data-secret=\"3jIFikchNC\"><p><a href=\"https:\/\/smwroclaw.pl\/?p=4113\">\u201e#MOMO CHALLENGE\u201d, CYBERPRZEMOC I BEZPIECZE\u0143STWO \u2013 NAJWA\u017bNIEJSZA EDUKACJA<\/a><\/p><\/blockquote>\n<p><iframe class=\"wp-embedded-content\" sandbox=\"allow-scripts\" security=\"restricted\" style=\"position: absolute; visibility: hidden;\" title=\"&#8222;\u201e#MOMO CHALLENGE\u201d, CYBERPRZEMOC I BEZPIECZE\u0143STWO \u2013 NAJWA\u017bNIEJSZA EDUKACJA&#8221; &#8212; Stra\u017c Miejska Wroc\u0142awia \" src=\"https:\/\/smwroclaw.pl\/?p=4113&#038;embed=true#?secret=5fERBH3KhM#?secret=3jIFikchNC\" data-secret=\"3jIFikchNC\" width=\"500\" height=\"282\" frameborder=\"0\" marginwidth=\"0\" marginheight=\"0\" scrolling=\"no\"><\/iframe><\/p>\n<blockquote class=\"wp-embedded-content\" data-secret=\"X0zHWsgI9W\"><p><a href=\"https:\/\/smwroclaw.pl\/?p=4884\">\u201eSIER\u017bANT MIKO\u0141AJ\u201d &#8211; W PRZEDSZKOLU INTEGRACYJNYM SUBRIDEO<\/a><\/p><\/blockquote>\n<p><iframe class=\"wp-embedded-content\" sandbox=\"allow-scripts\" security=\"restricted\" style=\"position: absolute; visibility: hidden;\" title=\"&#8222;\u201eSIER\u017bANT MIKO\u0141AJ\u201d &#8211; W PRZEDSZKOLU INTEGRACYJNYM SUBRIDEO&#8221; &#8212; Stra\u017c Miejska Wroc\u0142awia \" src=\"https:\/\/smwroclaw.pl\/?p=4884&#038;embed=true#?secret=n7nkOQ1QUL#?secret=X0zHWsgI9W\" data-secret=\"X0zHWsgI9W\" width=\"500\" height=\"282\" frameborder=\"0\" marginwidth=\"0\" marginheight=\"0\" scrolling=\"no\"><\/iframe><\/p>\n<blockquote class=\"wp-embedded-content\" data-secret=\"dUzcBxgDY4\"><p><a href=\"https:\/\/smwroclaw.pl\/?p=5023\">KOLEJNA AKCJA STRA\u017bNIK\u00d3W &#8211; \u201eKOLACJA DLA W\u0118DROWCA\u201d<\/a><\/p><\/blockquote>\n<p><iframe class=\"wp-embedded-content\" sandbox=\"allow-scripts\" security=\"restricted\" style=\"position: absolute; visibility: hidden;\" title=\"&#8222;KOLEJNA AKCJA STRA\u017bNIK\u00d3W &#8211; \u201eKOLACJA DLA W\u0118DROWCA\u201d&#8221; &#8212; Stra\u017c Miejska Wroc\u0142awia \" src=\"https:\/\/smwroclaw.pl\/?p=5023&#038;embed=true#?secret=Xc4qDidGkV#?secret=dUzcBxgDY4\" data-secret=\"dUzcBxgDY4\" width=\"500\" height=\"282\" frameborder=\"0\" marginwidth=\"0\" marginheight=\"0\" scrolling=\"no\"><\/iframe><\/p>\n<blockquote class=\"wp-embedded-content\" data-secret=\"j9XPOpgwDr\"><p><a href=\"https:\/\/smwroclaw.pl\/?p=7131\">PATROL KONNY I DZIE\u0143 DZIECKA W PRZYL\u0104DKU NADZIEI<\/a><\/p><\/blockquote>\n<p><iframe class=\"wp-embedded-content\" sandbox=\"allow-scripts\" security=\"restricted\" style=\"position: absolute; visibility: hidden;\" title=\"&#8222;PATROL KONNY I DZIE\u0143 DZIECKA W PRZYL\u0104DKU NADZIEI&#8221; &#8212; Stra\u017c Miejska Wroc\u0142awia \" src=\"https:\/\/smwroclaw.pl\/?p=7131&#038;embed=true#?secret=slGisyIUCl#?secret=j9XPOpgwDr\" data-secret=\"j9XPOpgwDr\" width=\"500\" height=\"282\" frameborder=\"0\" marginwidth=\"0\" marginheight=\"0\" scrolling=\"no\"><\/iframe><\/p>\n<blockquote class=\"wp-embedded-content\" data-secret=\"oEZo05TjZu\"><p><a href=\"https:\/\/smwroclaw.pl\/?p=8766\">WROC\u0141AWSKI CERTYFIKAT BEZPIECZE\u0143STWA &#8211; do programu do\u0142\u0105czaj\u0105 kolejni<\/a><\/p><\/blockquote>\n<p><iframe class=\"wp-embedded-content\" sandbox=\"allow-scripts\" security=\"restricted\" style=\"position: absolute; visibility: hidden;\" title=\"&#8222;WROC\u0141AWSKI CERTYFIKAT BEZPIECZE\u0143STWA &#8211; do programu do\u0142\u0105czaj\u0105 kolejni&#8221; &#8212; Stra\u017c Miejska Wroc\u0142awia \" src=\"https:\/\/smwroclaw.pl\/?p=8766&#038;embed=true#?secret=9zN6DYPAfB#?secret=oEZo05TjZu\" data-secret=\"oEZo05TjZu\" width=\"500\" height=\"282\" frameborder=\"0\" marginwidth=\"0\" marginheight=\"0\" scrolling=\"no\"><\/iframe><\/p>\n<blockquote class=\"wp-embedded-content\" data-secret=\"GJzEwiaf1j\"><p><a href=\"https:\/\/smwroclaw.pl\/?p=8849\">BEZPIECZE\u0143STWO PRZEDSZKOLAK\u00d3W I UCZNI\u00d3W<\/a><\/p><\/blockquote>\n<p><iframe class=\"wp-embedded-content\" sandbox=\"allow-scripts\" security=\"restricted\" style=\"position: absolute; visibility: hidden;\" title=\"&#8222;BEZPIECZE\u0143STWO PRZEDSZKOLAK\u00d3W I UCZNI\u00d3W&#8221; &#8212; Stra\u017c Miejska Wroc\u0142awia \" src=\"https:\/\/smwroclaw.pl\/?p=8849&#038;embed=true#?secret=hmjvqsSWBJ#?secret=GJzEwiaf1j\" data-secret=\"GJzEwiaf1j\" width=\"500\" height=\"282\" frameborder=\"0\" marginwidth=\"0\" marginheight=\"0\" scrolling=\"no\"><\/iframe><\/p>\n<blockquote class=\"wp-embedded-content\" data-secret=\"TDxPjezPWo\"><p><a href=\"https:\/\/smwroclaw.pl\/?p=9425\">BEZPIECZNY UCZE\u0143 &#8211; wsp\u00f3lne dzia\u0142ania Stra\u017cy Miejskiej Wroc\u0142awia i Policji (zdj\u0119cia)<\/a><\/p><\/blockquote>\n<p><iframe class=\"wp-embedded-content\" sandbox=\"allow-scripts\" security=\"restricted\" style=\"position: absolute; visibility: hidden;\" title=\"&#8222;BEZPIECZNY UCZE\u0143 &#8211; wsp\u00f3lne dzia\u0142ania Stra\u017cy Miejskiej Wroc\u0142awia i Policji (zdj\u0119cia)&#8221; &#8212; Stra\u017c Miejska Wroc\u0142awia \" src=\"https:\/\/smwroclaw.pl\/?p=9425&#038;embed=true#?secret=IrgSN9yxNW#?secret=TDxPjezPWo\" data-secret=\"TDxPjezPWo\" width=\"500\" height=\"282\" frameborder=\"0\" marginwidth=\"0\" marginheight=\"0\" scrolling=\"no\"><\/iframe><\/p>\n<p>&nbsp;<\/p>\n<blockquote class=\"wp-embedded-content\" data-secret=\"nOD8koEoWs\"><p><a href=\"https:\/\/smwroclaw.pl\/?p=9552\">STRA\u017bNICY DOSTARCZYLI CIASTA DLA POTRZEBUJ\u0104CYCH<\/a><\/p><\/blockquote>\n<p><iframe class=\"wp-embedded-content\" sandbox=\"allow-scripts\" security=\"restricted\" style=\"position: absolute; visibility: hidden;\" title=\"&#8222;STRA\u017bNICY DOSTARCZYLI CIASTA DLA POTRZEBUJ\u0104CYCH&#8221; &#8212; Stra\u017c Miejska Wroc\u0142awia \" src=\"https:\/\/smwroclaw.pl\/?p=9552&#038;embed=true#?secret=6crGOfLXK4#?secret=nOD8koEoWs\" data-secret=\"nOD8koEoWs\" width=\"500\" height=\"282\" frameborder=\"0\" marginwidth=\"0\" marginheight=\"0\" scrolling=\"no\"><\/iframe><\/p>\n<blockquote class=\"wp-embedded-content\" data-secret=\"4OsDhYEQLt\"><p><a href=\"https:\/\/smwroclaw.pl\/?p=9515\">BEZPIECZNY PRZEDSZKOLAK &#8211; zaj\u0119cia z zasad bezpiecze\u0144stwa na drodze (zdj\u0119cia)<\/a><\/p><\/blockquote>\n<p><iframe class=\"wp-embedded-content\" sandbox=\"allow-scripts\" security=\"restricted\" style=\"position: absolute; visibility: hidden;\" title=\"&#8222;BEZPIECZNY PRZEDSZKOLAK &#8211; zaj\u0119cia z zasad bezpiecze\u0144stwa na drodze (zdj\u0119cia)&#8221; &#8212; Stra\u017c Miejska Wroc\u0142awia \" src=\"https:\/\/smwroclaw.pl\/?p=9515&#038;embed=true#?secret=MnhE866jRv#?secret=4OsDhYEQLt\" data-secret=\"4OsDhYEQLt\" width=\"500\" height=\"282\" frameborder=\"0\" marginwidth=\"0\" marginheight=\"0\" scrolling=\"no\"><\/iframe><\/p>\n<blockquote class=\"wp-embedded-content\" data-secret=\"UZ259QRvCp\"><p><a href=\"https:\/\/smwroclaw.pl\/?p=10562\">S\u0142odkie p\u0105czki dla przedszkolak\u00f3w (zdj\u0119cia)<\/a><\/p><\/blockquote>\n<p><iframe class=\"wp-embedded-content\" sandbox=\"allow-scripts\" security=\"restricted\" style=\"position: absolute; visibility: hidden;\" title=\"&#8222;S\u0142odkie p\u0105czki dla przedszkolak\u00f3w (zdj\u0119cia)&#8221; &#8212; Stra\u017c Miejska Wroc\u0142awia \" src=\"https:\/\/smwroclaw.pl\/?p=10562&#038;embed=true#?secret=oYRn01tNgc#?secret=UZ259QRvCp\" data-secret=\"UZ259QRvCp\" width=\"500\" height=\"282\" frameborder=\"0\" marginwidth=\"0\" marginheight=\"0\" scrolling=\"no\"><\/iframe><\/p>\n<p>BD<\/p>\n","protected":false},"excerpt":{"rendered":"<p>Starszy specjalista Zbigniew Wester \u2013 to jeden z wroc\u0142awskich stra\u017cnik\u00f3w, dla mieszka\u0144c\u00f3w Osiedla Borek jedyny i wyj\u0105tkowy. Po wieloletniej, trudnej i pe\u0142nej zaanga\u017cowania pracy na rzecz bezpiecze\u0144stwa, \u0142adu i porz\u0105dku mieszka\u0144c\u00f3w osiedla, przyszed\u0142 czas na rozstanie. Dla obu stron nie jest to \u0142atwe. Nasz Stra\u017cnik na swoim osiedlu, nie tylko wykonywa\u0142 powierzone mu ustawowo obowi\u0105zki, [&hellip;]<\/p>\n","protected":false},"author":7,"featured_media":13099,"comment_status":"closed","ping_status":"closed","sticky":false,"template":"","format":"standard","meta":{"footnotes":""},"categories":[16],"tags":[],"class_list":["post-13098","post","type-post","status-publish","format-standard","has-post-thumbnail","hentry","category-aktual"],"_links":{"self":[{"href":"https:\/\/smwroclaw.pl\/index.php?rest_route=\/wp\/v2\/posts\/13098","targetHints":{"allow":["GET"]}}],"collection":[{"href":"https:\/\/smwroclaw.pl\/index.php?rest_route=\/wp\/v2\/posts"}],"about":[{"href":"https:\/\/smwroclaw.pl\/index.php?rest_route=\/wp\/v2\/types\/post"}],"author":[{"embeddable":true,"href":"https:\/\/smwroclaw.pl\/index.php?rest_route=\/wp\/v2\/users\/7"}],"replies":[{"embeddable":true,"href":"https:\/\/smwroclaw.pl\/index.php?rest_route=%2Fwp%2Fv2%2Fcomments&post=13098"}],"version-history":[{"count":6,"href":"https:\/\/smwroclaw.pl\/index.php?rest_route=\/wp\/v2\/posts\/13098\/revisions"}],"predecessor-version":[{"id":13106,"href":"https:\/\/smwroclaw.pl\/index.php?rest_route=\/wp\/v2\/posts\/13098\/revisions\/13106"}],"wp:featuredmedia":[{"embeddable":true,"href":"https:\/\/smwroclaw.pl\/index.php?rest_route=\/wp\/v2\/media\/13099"}],"wp:attachment":[{"href":"https:\/\/smwroclaw.pl\/index.php?rest_route=%2Fwp%2Fv2%2Fmedia&parent=13098"}],"wp:term":[{"taxonomy":"category","embeddable":true,"href":"https:\/\/smwroclaw.pl\/index.php?rest_route=%2Fwp%2Fv2%2Fcategories&post=13098"},{"taxonomy":"post_tag","embeddable":true,"href":"https:\/\/smwroclaw.pl\/index.php?rest_route=%2Fwp%2Fv2%2Ftags&post=13098"}],"curies":[{"name":"wp","href":"https:\/\/api.w.org\/{rel}","templated":true}]}}