{"id":13120,"date":"2020-08-17T13:42:44","date_gmt":"2020-08-17T11:42:44","guid":{"rendered":"http:\/\/smwroclaw.pl\/?p=13120"},"modified":"2020-08-17T19:08:21","modified_gmt":"2020-08-17T17:08:21","slug":"bezpieczne-wakacje-w-miescie-przyroda-nie-ma-wakacji","status":"publish","type":"post","link":"https:\/\/smwroclaw.pl\/?p=13120","title":{"rendered":"#BEZPIECZNE WAKACJE W MIE\u015aCIE &#8211; PRZYRODA NIE MA WAKACJI"},"content":{"rendered":"<p style=\"text-align: justify;\"><span style=\"font-family: georgia, palatino, serif; font-size: 12pt;\">Najlepsze wspomnienia z wakacji to obrazy, wspomnienia, kt\u00f3re na d\u0142ugo pozostaj\u0105 w naszej pami\u0119ci. Dlatego stra\u017cnicy miejscy z <strong>Oddzia\u0142u Ochrony \u015arodowiska<\/strong> przypominaj\u0105, aby dba\u0107 o porz\u0105dek w miejscu, kt\u00f3rym si\u0119 wypoczywa.<\/span><!--more--><\/p>\n<p>&nbsp;<\/p>\n<div style=\"width: 1920px;\" class=\"wp-video\"><!--[if lt IE 9]><script>document.createElement('video');<\/script><![endif]-->\n<video class=\"wp-video-shortcode\" id=\"video-13120-1\" width=\"1920\" height=\"1080\" preload=\"metadata\" controls=\"controls\"><source type=\"video\/mp4\" src=\"https:\/\/smwroclaw.pl\/wp-content\/uploads\/2020\/08\/PRZYRODA-NIE-MA-WAKACJI-5.mp4?_=1\" \/><a href=\"https:\/\/smwroclaw.pl\/wp-content\/uploads\/2020\/08\/PRZYRODA-NIE-MA-WAKACJI-5.mp4\">https:\/\/smwroclaw.pl\/wp-content\/uploads\/2020\/08\/PRZYRODA-NIE-MA-WAKACJI-5.mp4<\/a><\/video><\/div>\n<p style=\"text-align: justify;\"><span style=\"font-family: georgia, palatino, serif; font-size: 12pt;\">B\u0105d\u017a EKO i do\u0142\u0105cz do akcji <strong>#Zabierz5zLasu<\/strong>, jest to og\u00f3lnopolska akcja zorganizowana przez Nadle\u015bnictwo, polegaj\u0105ca na zebraniu podczas spaceru, biegania, jazy na rowerze 5 szt. \u015bmieci i wyrzuceniu ich do odpowiedniego pojemnika na odpady.<\/span><br \/>\n<span style=\"font-family: georgia, palatino, serif; font-size: 12pt;\">Dbajmy wsp\u00f3lnie o \u015brodowisko, a zmniejszy si\u0119 ilo\u015b\u0107 \u015bmieci na terenach zielonych!<\/span><\/p>\n<p style=\"text-align: center;\"><img decoding=\"async\" class=\" wp-image-13016 alignnone alignleft\" src=\"https:\/\/smwroclaw.pl\/wp-content\/uploads\/2020\/08\/online-5-300x213.png\" alt=\"\" width=\"258\" height=\"183\" srcset=\"https:\/\/smwroclaw.pl\/wp-content\/uploads\/2020\/08\/online-5-300x213.png 300w, https:\/\/smwroclaw.pl\/wp-content\/uploads\/2020\/08\/online-5-768x545.png 768w, https:\/\/smwroclaw.pl\/wp-content\/uploads\/2020\/08\/online-5-1536x1090.png 1536w, https:\/\/smwroclaw.pl\/wp-content\/uploads\/2020\/08\/online-5.png 1747w\" sizes=\"(max-width: 258px) 100vw, 258px\" \/><\/p>\n<p>&nbsp;<\/p>\n<p>&nbsp;<\/p>\n<p>&nbsp;<\/p>\n<p>&nbsp;<\/p>\n<p>&nbsp;<\/p>\n<p>&nbsp;<\/p>\n<p><span style=\"font-family: georgia, palatino, serif; font-size: 12pt;\">Materia\u0142y:<\/span><br \/>\n<span style=\"font-family: georgia, palatino, serif; font-size: 12pt;\">Oddzia\u0142 Ochrony \u015arodowiska Stra\u017cy Miejskiej Wroc\u0142awia<\/span><br \/>\n<span style=\"font-family: georgia, palatino, serif; font-size: 12pt;\">Opracowanie:<\/span><br \/>\n<span style=\"font-family: georgia, palatino, serif; font-size: 12pt;\">KB, DB<\/span><\/p>\n","protected":false},"excerpt":{"rendered":"<p>Najlepsze wspomnienia z wakacji to obrazy, wspomnienia, kt\u00f3re na d\u0142ugo pozostaj\u0105 w naszej pami\u0119ci. Dlatego stra\u017cnicy miejscy z Oddzia\u0142u Ochrony \u015arodowiska przypominaj\u0105, aby dba\u0107 o porz\u0105dek w miejscu, kt\u00f3rym si\u0119 wypoczywa.<\/p>\n","protected":false},"author":7,"featured_media":13121,"comment_status":"closed","ping_status":"closed","sticky":false,"template":"","format":"standard","meta":{"footnotes":""},"categories":[16],"tags":[],"class_list":["post-13120","post","type-post","status-publish","format-standard","has-post-thumbnail","hentry","category-aktual"],"_links":{"self":[{"href":"https:\/\/smwroclaw.pl\/index.php?rest_route=\/wp\/v2\/posts\/13120","targetHints":{"allow":["GET"]}}],"collection":[{"href":"https:\/\/smwroclaw.pl\/index.php?rest_route=\/wp\/v2\/posts"}],"about":[{"href":"https:\/\/smwroclaw.pl\/index.php?rest_route=\/wp\/v2\/types\/post"}],"author":[{"embeddable":true,"href":"https:\/\/smwroclaw.pl\/index.php?rest_route=\/wp\/v2\/users\/7"}],"replies":[{"embeddable":true,"href":"https:\/\/smwroclaw.pl\/index.php?rest_route=%2Fwp%2Fv2%2Fcomments&post=13120"}],"version-history":[{"count":5,"href":"https:\/\/smwroclaw.pl\/index.php?rest_route=\/wp\/v2\/posts\/13120\/revisions"}],"predecessor-version":[{"id":13124,"href":"https:\/\/smwroclaw.pl\/index.php?rest_route=\/wp\/v2\/posts\/13120\/revisions\/13124"}],"wp:featuredmedia":[{"embeddable":true,"href":"https:\/\/smwroclaw.pl\/index.php?rest_route=\/wp\/v2\/media\/13121"}],"wp:attachment":[{"href":"https:\/\/smwroclaw.pl\/index.php?rest_route=%2Fwp%2Fv2%2Fmedia&parent=13120"}],"wp:term":[{"taxonomy":"category","embeddable":true,"href":"https:\/\/smwroclaw.pl\/index.php?rest_route=%2Fwp%2Fv2%2Fcategories&post=13120"},{"taxonomy":"post_tag","embeddable":true,"href":"https:\/\/smwroclaw.pl\/index.php?rest_route=%2Fwp%2Fv2%2Ftags&post=13120"}],"curies":[{"name":"wp","href":"https:\/\/api.w.org\/{rel}","templated":true}]}}