{"id":13128,"date":"2020-08-18T13:44:05","date_gmt":"2020-08-18T11:44:05","guid":{"rendered":"http:\/\/smwroclaw.pl\/?p=13128"},"modified":"2020-08-18T13:44:40","modified_gmt":"2020-08-18T11:44:40","slug":"na-upaly-najlepszy-parasol-bezpieczenstwa-strazy-miejskiej","status":"publish","type":"post","link":"https:\/\/smwroclaw.pl\/?p=13128","title":{"rendered":"NA UPA\u0141Y NAJLEPSZY &#8222;PARASOL BEZPIECZE\u0143STWA STRA\u017bY MIEJSKIEJ&#8221;"},"content":{"rendered":"<p style=\"text-align: justify;\"><span style=\"font-family: georgia, palatino, serif; font-size: 12pt;\"><strong>Stra\u017cnicy miejscy<\/strong> przed pokazem kina plenerowego na terenie <strong>Centrum Historii Zajezdnia<\/strong> przy ul. Grabiszy\u0144skiej zaprezentowali &#8222;<strong>parasol bezpiecze\u0144stwa<\/strong>&#8222;.<\/span><\/p>\n<p style=\"text-align: justify;\" align=\"justify\"><span style=\"font-family: georgia, palatino, serif; font-size: 12pt;\">Wystawienie parasola umo\u017cliwi\u0142o przyby\u0142ym mieszka\u0144com<strong> zapoznania si\u0119 z prac\u0105 stra\u017cnika miejskiego<\/strong>, w zwi\u0105zku z <strong>trwaj\u0105cym naborem do pracy w SM Wroc\u0142awia<\/strong>, odpowiedzi na pytania czym <strong>zajmuje si\u0119 stra\u017c miejska \u2013 prawa i obowi\u0105zki<\/strong>, <strong>program zmie\u0144 piec oraz mo\u017cliwo\u015b\u0107 zapoznania si\u0119 z zasadami pierwszej pomocy<\/strong>.<\/span><\/p>\n<p style=\"text-align: justify;\" align=\"justify\"><span style=\"font-family: georgia, palatino, serif; font-size: 12pt;\">Stra\u017cnicy miejscy b\u0119d\u0105 cyklicznie pojawia\u0107 si\u0119 z &#8222;parasolem bezpiecze\u0144stwa&#8221; r\u00f3wnie\u017c podczas innych wydarze\u0144 plenerowych organizowanych w mie\u015bcie<\/span>.<\/p>\n<p align=\"justify\"><!--more--><\/p>\n<p align=\"justify\"><img fetchpriority=\"high\" decoding=\"async\" class=\" wp-image-13130 aligncenter\" src=\"https:\/\/smwroclaw.pl\/wp-content\/uploads\/2020\/08\/IMG_9308-212x300.png\" alt=\"\" width=\"285\" height=\"403\" srcset=\"https:\/\/smwroclaw.pl\/wp-content\/uploads\/2020\/08\/IMG_9308-212x300.png 212w, https:\/\/smwroclaw.pl\/wp-content\/uploads\/2020\/08\/IMG_9308.png 452w\" sizes=\"(max-width: 285px) 100vw, 285px\" \/><\/p>\n<p align=\"justify\"><img decoding=\"async\" class=\" wp-image-13131 aligncenter\" src=\"https:\/\/smwroclaw.pl\/wp-content\/uploads\/2020\/08\/IMG_9309-212x300.png\" alt=\"\" width=\"283\" height=\"401\" srcset=\"https:\/\/smwroclaw.pl\/wp-content\/uploads\/2020\/08\/IMG_9309-212x300.png 212w, https:\/\/smwroclaw.pl\/wp-content\/uploads\/2020\/08\/IMG_9309.png 452w\" sizes=\"(max-width: 283px) 100vw, 283px\" \/><\/p>\n<p align=\"justify\">\u00a0<\/p>\n<p align=\"justify\">Materia\u0142y:<\/p>\n<p align=\"justify\">Katarzyna Bandziak<\/p>\n<p align=\"justify\">Beata Dopiera\u0142a<\/p>\n<p align=\"justify\">Opracowanie:<\/p>\n<p align=\"justify\">Marta Pal<\/p>\n","protected":false},"excerpt":{"rendered":"<p>Stra\u017cnicy miejscy przed pokazem kina plenerowego na terenie Centrum Historii Zajezdnia przy ul. Grabiszy\u0144skiej zaprezentowali &#8222;parasol bezpiecze\u0144stwa&#8222;. Wystawienie parasola umo\u017cliwi\u0142o przyby\u0142ym mieszka\u0144com zapoznania si\u0119 z prac\u0105 stra\u017cnika miejskiego, w zwi\u0105zku z trwaj\u0105cym naborem do pracy w SM Wroc\u0142awia, odpowiedzi na pytania czym zajmuje si\u0119 stra\u017c miejska \u2013 prawa i obowi\u0105zki, program zmie\u0144 piec oraz mo\u017cliwo\u015b\u0107 [&hellip;]<\/p>\n","protected":false},"author":11,"featured_media":13129,"comment_status":"closed","ping_status":"closed","sticky":false,"template":"","format":"standard","meta":{"footnotes":""},"categories":[16],"tags":[],"class_list":["post-13128","post","type-post","status-publish","format-standard","has-post-thumbnail","hentry","category-aktual"],"_links":{"self":[{"href":"https:\/\/smwroclaw.pl\/index.php?rest_route=\/wp\/v2\/posts\/13128","targetHints":{"allow":["GET"]}}],"collection":[{"href":"https:\/\/smwroclaw.pl\/index.php?rest_route=\/wp\/v2\/posts"}],"about":[{"href":"https:\/\/smwroclaw.pl\/index.php?rest_route=\/wp\/v2\/types\/post"}],"author":[{"embeddable":true,"href":"https:\/\/smwroclaw.pl\/index.php?rest_route=\/wp\/v2\/users\/11"}],"replies":[{"embeddable":true,"href":"https:\/\/smwroclaw.pl\/index.php?rest_route=%2Fwp%2Fv2%2Fcomments&post=13128"}],"version-history":[{"count":2,"href":"https:\/\/smwroclaw.pl\/index.php?rest_route=\/wp\/v2\/posts\/13128\/revisions"}],"predecessor-version":[{"id":13133,"href":"https:\/\/smwroclaw.pl\/index.php?rest_route=\/wp\/v2\/posts\/13128\/revisions\/13133"}],"wp:featuredmedia":[{"embeddable":true,"href":"https:\/\/smwroclaw.pl\/index.php?rest_route=\/wp\/v2\/media\/13129"}],"wp:attachment":[{"href":"https:\/\/smwroclaw.pl\/index.php?rest_route=%2Fwp%2Fv2%2Fmedia&parent=13128"}],"wp:term":[{"taxonomy":"category","embeddable":true,"href":"https:\/\/smwroclaw.pl\/index.php?rest_route=%2Fwp%2Fv2%2Fcategories&post=13128"},{"taxonomy":"post_tag","embeddable":true,"href":"https:\/\/smwroclaw.pl\/index.php?rest_route=%2Fwp%2Fv2%2Ftags&post=13128"}],"curies":[{"name":"wp","href":"https:\/\/api.w.org\/{rel}","templated":true}]}}