{"id":13142,"date":"2020-08-20T09:30:41","date_gmt":"2020-08-20T07:30:41","guid":{"rendered":"http:\/\/smwroclaw.pl\/?p=13142"},"modified":"2020-08-20T09:30:41","modified_gmt":"2020-08-20T07:30:41","slug":"straz-miejska-wroclawia-zwieksza-ilosc-kontroli-przestrzegania-zalecen-bezpieczenstwa-dotyczacych-koronawirusa-wspolne-patrole-z-policja-czytaj-dalej","status":"publish","type":"post","link":"https:\/\/smwroclaw.pl\/?p=13142","title":{"rendered":"STRA\u017b MIEJSKA WROC\u0141AWIA ZWI\u0118KSZA ILO\u015a\u0106 KONTROLI PRZESTRZEGANIA ZALECE\u0143 BEZPIECZE\u0143STWA DOTYCZ\u0104CYCH KORONAWIRUSA &#8211; wsp\u00f3lne patrole z Policj\u0105 (czytaj dalej)"},"content":{"rendered":"<p style=\"text-align: justify;\"><span style=\"font-family: georgia, palatino, serif; font-size: 12pt;\">Stra\u017c Miejska Wroc\u0142awia <strong>zwi\u0119kszy\u0142a ilo\u015b\u0107 i zasi\u0119g kontroli przestrzegania obowi\u0105zuj\u0105cych obostrze\u0144 zwi\u0105zanych z przeciwdzia\u0142aniem rozprzestrzeniania si\u0119 epidemii.<\/strong> Poza prowadzonymi przez straznik\u00f3w dzia\u0142aniami w urz\u0119dach miejskich (pomiar temperatury, dystans spo\u0142eczny) w tym tygodniu rozpocz\u0119\u0142y si\u0119 tak\u017ce <strong>wsp\u00f3lne kontrole z Policj\u0105.<\/strong> Mieszane patrole z\u0142o\u017cone z policjanta i stra\u017cnika miejskiego kontroluj\u0105 <strong>galerie handlowe (m.in. Centrum Handlowe Borek, Galeri\u0119 Handlow\u0105 Gaj i Ferio), sklepy a tak\u017ce \u015brodki komunikacji miejskiej.<\/strong> Pozosta\u0142e patrole straznik\u00f3w miejskich otrzyma\u0142y polecenie zwi\u0119kszenia zakresu i intensywno\u015bci kontroli w tym zakresie.<\/span><\/p>\n<p><span style=\"font-family: georgia, palatino, serif; font-size: 12pt;\"><strong>W dalszej cz\u0119\u015bci artyku\u0142u &#8211; przypomnienie obowi\u0105zuj\u0105cych zasad bezpiecze\u0144stwa.<\/strong><\/span><\/p>\n<p><!--more--><\/p>\n<p>&nbsp;<\/p>\n<p style=\"text-align: center;\"><span style=\"font-family: georgia, palatino, serif; font-size: 12pt;\"><strong>ZAS\u0141ANIANIE UST I NOSA W MIEJSCACH PUBLICZNYCH<\/strong><\/span><\/p>\n<p style=\"text-align: justify;\"><span style=\"font-family: georgia, palatino, serif; font-size: 12pt;\"><strong>Obowi\u0105zek dotyczy:\u00a0<\/strong>noszenia maseczek lub innego rodzaju zas\u0142aniania ust i nosa w sytuacji, gdy nie mo\u017cna zachowa\u0107 1,5-metrowej odleg\u0142o\u015bci od innych.<\/span><\/p>\n<p style=\"text-align: justify;\"><span style=\"font-family: georgia, palatino, serif; font-size: 12pt;\"><strong>Na czym polega?\u00a0<\/strong>Usta i nos musisz zas\u0142oni\u0107 w przestrzeni otwartej, gdy nie masz mo\u017cliwo\u015bci zachowania 1,5 metr\u00f3w odleg\u0142o\u015bci od innych, a tak\u017ce w przestrzeni zamkni\u0119tej \u2013 np. w sklepach, w komunikacji zbiorowej.<\/span><\/p>\n<p style=\"text-align: justify;\"><span style=\"font-family: georgia, palatino, serif; font-size: 12pt;\"><strong>Maseczk\u0119 trzeba wci\u0105\u017c obowi\u0105zkowo nosi\u0107 m.in.:<\/strong><\/span><\/p>\n<ul style=\"text-align: justify;\">\n<li><span style=\"font-family: georgia, palatino, serif; font-size: 12pt;\">w autobusie, tramwaju i poci\u0105gu,<\/span><\/li>\n<li><span style=\"font-family: georgia, palatino, serif; font-size: 12pt;\">w samochodzie osobowym, je\u015bli jedziesz z kim\u015b, z kim nie mieszkasz na co dzie\u0144,<\/span><\/li>\n<li><span style=\"font-family: georgia, palatino, serif; font-size: 12pt;\">w sklepie, galerii handlowej, banku, na targu i na poczcie,<\/span><\/li>\n<li><span style=\"font-family: georgia, palatino, serif; font-size: 12pt;\">w kinie i teatrze,<\/span><\/li>\n<li><span style=\"font-family: georgia, palatino, serif; font-size: 12pt;\">u lekarza, w przychodni, w: szpitalu, salonie masa\u017cu i tatua\u017cu,<\/span><\/li>\n<li><span style=\"font-family: georgia, palatino, serif; font-size: 12pt;\">w ko\u015bciele i szkole, na uczelni<\/span><\/li>\n<li><span style=\"font-family: georgia, palatino, serif; font-size: 12pt;\">w urz\u0119dzie (je\u015bli idziesz za\u0142atwi\u0107 tam jak\u0105\u015b spraw\u0119) i innych budynkach u\u017cyteczno\u015bci publicznej.<\/span><\/li>\n<\/ul>\n<p style=\"text-align: justify;\"><span style=\"font-family: georgia, palatino, serif; font-size: 12pt;\"><strong>Wyj\u0105tki. Gdzie nie trzeba zakrywa\u0107 ust i nosa?<\/strong><\/span><\/p>\n<ul style=\"text-align: justify;\">\n<li><span style=\"font-family: georgia, palatino, serif; font-size: 12pt;\">w restauracji lub barze \u2013 gdy zajmiesz miejsce przy stole i jesz lub pijesz,<\/span><\/li>\n<li><span style=\"font-family: georgia, palatino, serif; font-size: 12pt;\">w pracy \u2013 je\u015bli nie masz styczno\u015bci z osobami z zewn\u0105trz (np. podczas obs\u0142ugi klient\u00f3w i interesant\u00f3w),<\/span><\/li>\n<li><span style=\"font-family: georgia, palatino, serif; font-size: 12pt;\">podczas przebywania w lesie,<\/span><\/li>\n<li><span style=\"font-family: georgia, palatino, serif; font-size: 12pt;\">podczas spo\u017cywania posi\u0142k\u00f3w lub napoj\u00f3w po zaj\u0119ciu miejsca siedz\u0105cego w poci\u0105gu obj\u0119tym obowi\u0105zkow\u0105 rezerwacj\u0105 miejsc, w tym posi\u0142k\u00f3w i napoj\u00f3w wydawanych na pok\u0142adzie poci\u0105gu (wagon WARS).<\/span><\/li>\n<\/ul>\n<p style=\"text-align: justify;\"><span style=\"font-family: georgia, palatino, serif; font-size: 12pt;\"><strong>Wa\u017cne!\u00a0<\/strong><\/span><\/p>\n<p style=\"text-align: justify;\"><span style=\"font-family: georgia, palatino, serif; font-size: 12pt;\">Zas\u0142anianie ust i nosa w miejscach publicznych jest obowi\u0105zkowe. Z obowi\u0105zku tego zwolnione s\u0105 osoby, kt\u00f3re nie mog\u0105 zakrywa\u0107 ust lub nosa z powodu:<\/span><\/p>\n<ul style=\"text-align: justify;\">\n<li><span style=\"font-family: georgia, palatino, serif; font-size: 12pt;\">ca\u0142o\u015bciowych zaburze\u0144 rozwoju, zaburze\u0144 psychicznych, niepe\u0142nosprawno\u015bci intelektualnej w stopniu umiarkowanym, znacznym albo g\u0142\u0119bokim,<\/span><\/li>\n<li><span style=\"font-family: georgia, palatino, serif; font-size: 12pt;\">trudno\u015bci w samodzielnym zakryciu lub odkryciu ust lub nos<\/span><\/li>\n<\/ul>\n<p style=\"text-align: center;\"><span style=\"font-family: georgia, palatino, serif; font-size: 12pt;\"><strong>OGRANICZENIA W PRZEMIESZCZANIU SI\u0118<\/strong><\/span><\/p>\n<p style=\"text-align: justify;\"><span style=\"font-family: georgia, palatino, serif; font-size: 12pt;\"><strong>1,5 metry \u2013 minimalna odleg\u0142o\u015b\u0107 mi\u0119dzy pieszymi<\/strong><\/span><\/p>\n<p style=\"text-align: justify;\"><span style=\"font-family: georgia, palatino, serif; font-size: 12pt;\">Wprowadzamy obowi\u0105zek utrzymania co najmniej 1,5-metrowej odleg\u0142o\u015bci mi\u0119dzy pieszymi.<\/span><\/p>\n<p style=\"text-align: justify;\"><span style=\"font-family: georgia, palatino, serif; font-size: 12pt;\">Wy\u0142\u0105czeni z tego obowi\u0105zku s\u0105:<\/span><\/p>\n<ul>\n<li style=\"text-align: justify;\"><span style=\"font-family: georgia, palatino, serif; font-size: 12pt;\">rodzice z dzie\u0107mi wymagaj\u0105cymi opieki (do 13. roku \u017cycia),<\/span><\/li>\n<li style=\"text-align: justify;\"><span style=\"font-family: georgia, palatino, serif; font-size: 12pt;\">osoby wsp\u00f3lnie mieszkaj\u0105ce lub gospodaruj\u0105ce,<\/span><\/li>\n<li style=\"text-align: justify;\"><span style=\"font-family: georgia, palatino, serif; font-size: 12pt;\">osoby niepe\u0142nosprawne, niemog\u0105ce si\u0119 samodzielnie porusza\u0107, osoby z orzeczeniem o potrzebie kszta\u0142cenia specjalnego i ich opiekunowie,<\/span><\/li>\n<li style=\"text-align: justify;\"><span style=\"font-family: georgia, palatino, serif; font-size: 12pt;\">osoby, kt\u00f3re zas\u0142aniaj\u0105 usta i nos.<\/span><\/li>\n<\/ul>\n<p style=\"text-align: center;\"><span style=\"font-family: georgia, palatino, serif; font-size: 12pt;\"><strong>ZGROMADZENIA I IMPREZY \u2013 OGRANICZENIA <\/strong><\/span><\/p>\n<p style=\"text-align: justify;\"><span style=\"font-family: georgia, palatino, serif; font-size: 12pt;\"><strong>Ograniczenie dotyczy: <\/strong>organizacji zgromadze\u0144 i imprez<\/span><\/p>\n<p style=\"text-align: justify;\"><span style=\"font-family: georgia, palatino, serif; font-size: 12pt;\"><strong>Na czym polega?<\/strong> W zgromadzeniach i imprezach mo\u017ce uczestniczy\u0107:<\/span><\/p>\n<ul style=\"text-align: justify;\">\n<li><span style=\"font-family: georgia, palatino, serif; font-size: 12pt;\">do 150 os\u00f3b w powiatach z obszaru zielonego;<\/span><\/li>\n<li><span style=\"font-family: georgia, palatino, serif; font-size: 12pt;\">do 100 os\u00f3b w powiatach z obszaru \u017c\u00f3\u0142tego;<\/span><\/li>\n<li><span style=\"font-family: georgia, palatino, serif; font-size: 12pt;\">do 50 os\u00f3b w powiatach z obszaru czerwonego<\/span><\/li>\n<\/ul>\n<p style=\"text-align: justify;\"><span style=\"font-family: georgia, palatino, serif; font-size: 12pt;\">Uczestnicy zgromadzenia obowi\u0105zani s\u0105 do zachowania odleg\u0142o\u015bci co najmniej 1,5 m mi\u0119dzy sob\u0105 oraz do zakrywania ust i nosa.<\/span><\/p>\n<p style=\"text-align: justify;\"><span style=\"font-family: georgia, palatino, serif; font-size: 12pt;\">Zas\u0142anianie nosa i ust nie jest obowi\u0105zkowe w przypadku przyj\u0119\u0107 \u015blubnych. Wyj\u0105tkiem s\u0105 powiaty z obszaru czerwonego. W tym przypadku uczestnicy przyj\u0119\u0107 okoliczno\u015bciowych maj\u0105 obowi\u0105zek zakrywania ust i nosa do czasu zaj\u0119cia przez nich miejsca przy stole.<\/span><\/p>\n<p style=\"text-align: justify;\"><span style=\"font-family: georgia, palatino, serif; font-size: 12pt;\"><strong>Obowi\u0105zuje<\/strong>: do odwo\u0142ania<\/span><\/p>\n<p><span style=\"font-family: georgia, palatino, serif; font-size: 12pt;\"><strong>wi\u0119cej informacji<\/strong>: <a href=\"https:\/\/www.gov.pl\/web\/koronawirus\/aktualne-zasady-i-ograniczenia\">https:\/\/www.gov.pl\/web\/koronawirus\/aktualne-zasady-i-ograniczenia<\/a><\/span><\/p>\n<p>wf<\/p>\n","protected":false},"excerpt":{"rendered":"<p>Stra\u017c Miejska Wroc\u0142awia zwi\u0119kszy\u0142a ilo\u015b\u0107 i zasi\u0119g kontroli przestrzegania obowi\u0105zuj\u0105cych obostrze\u0144 zwi\u0105zanych z przeciwdzia\u0142aniem rozprzestrzeniania si\u0119 epidemii. Poza prowadzonymi przez straznik\u00f3w dzia\u0142aniami w urz\u0119dach miejskich (pomiar temperatury, dystans spo\u0142eczny) w tym tygodniu rozpocz\u0119\u0142y si\u0119 tak\u017ce wsp\u00f3lne kontrole z Policj\u0105. Mieszane patrole z\u0142o\u017cone z policjanta i stra\u017cnika miejskiego kontroluj\u0105 galerie handlowe (m.in. Centrum Handlowe Borek, Galeri\u0119 [&hellip;]<\/p>\n","protected":false},"author":4,"featured_media":12027,"comment_status":"closed","ping_status":"closed","sticky":false,"template":"","format":"standard","meta":{"footnotes":""},"categories":[16],"tags":[],"class_list":["post-13142","post","type-post","status-publish","format-standard","has-post-thumbnail","hentry","category-aktual"],"_links":{"self":[{"href":"https:\/\/smwroclaw.pl\/index.php?rest_route=\/wp\/v2\/posts\/13142","targetHints":{"allow":["GET"]}}],"collection":[{"href":"https:\/\/smwroclaw.pl\/index.php?rest_route=\/wp\/v2\/posts"}],"about":[{"href":"https:\/\/smwroclaw.pl\/index.php?rest_route=\/wp\/v2\/types\/post"}],"author":[{"embeddable":true,"href":"https:\/\/smwroclaw.pl\/index.php?rest_route=\/wp\/v2\/users\/4"}],"replies":[{"embeddable":true,"href":"https:\/\/smwroclaw.pl\/index.php?rest_route=%2Fwp%2Fv2%2Fcomments&post=13142"}],"version-history":[{"count":5,"href":"https:\/\/smwroclaw.pl\/index.php?rest_route=\/wp\/v2\/posts\/13142\/revisions"}],"predecessor-version":[{"id":13147,"href":"https:\/\/smwroclaw.pl\/index.php?rest_route=\/wp\/v2\/posts\/13142\/revisions\/13147"}],"wp:featuredmedia":[{"embeddable":true,"href":"https:\/\/smwroclaw.pl\/index.php?rest_route=\/wp\/v2\/media\/12027"}],"wp:attachment":[{"href":"https:\/\/smwroclaw.pl\/index.php?rest_route=%2Fwp%2Fv2%2Fmedia&parent=13142"}],"wp:term":[{"taxonomy":"category","embeddable":true,"href":"https:\/\/smwroclaw.pl\/index.php?rest_route=%2Fwp%2Fv2%2Fcategories&post=13142"},{"taxonomy":"post_tag","embeddable":true,"href":"https:\/\/smwroclaw.pl\/index.php?rest_route=%2Fwp%2Fv2%2Ftags&post=13142"}],"curies":[{"name":"wp","href":"https:\/\/api.w.org\/{rel}","templated":true}]}}