{"id":13179,"date":"2020-08-26T22:33:05","date_gmt":"2020-08-26T20:33:05","guid":{"rendered":"http:\/\/smwroclaw.pl\/?p=13179"},"modified":"2020-08-26T22:33:05","modified_gmt":"2020-08-26T20:33:05","slug":"centrum-historii-zajezdnia-obchody-40-rocznicy-powstania-nszz-solidarnosc","status":"publish","type":"post","link":"https:\/\/smwroclaw.pl\/?p=13179","title":{"rendered":"CENTRUM HISTORII ZAJEZDNIA &#8211; OBCHODY 40 ROCZNICY POWSTANIA NSZZ SOLIDARNO\u015a\u0106"},"content":{"rendered":"<p style=\"text-align: justify;\"><span style=\"font-family: georgia, palatino, serif; font-size: 12pt;\"><strong>26 sierpnia<\/strong>, w <strong>Centrum Historii Zajezdnia<\/strong> przy ul. Grabiszy\u0144skiej, dok\u0142adnie w <strong>czterdziest\u0105 rocznic\u0119 strajku sierpniowego<\/strong>, odby\u0142y si\u0119 uroczyste obchody tego wa\u017cnego dla wszystkich Wroc\u0142awian i Polak\u00f3w wydarzenia. W\u015br\u00f3d zaproszonych go\u015bci nie zabrak\u0142o m.in. uczestnik\u00f3w strajku w zajezdni oraz Prezydenta Wroc\u0142awia Jacka Sutryka. Uroczysto\u015bci zosta\u0142y obj\u0119te Patronatem Honorowym Prezydenta Rzeczypospolitej Polskiej. O godzinie 9:30\u00a0 ruszy\u0142a sztafeta \u201eBiegu dla Solidarno\u015bci\u201d, kt\u00f3ra 30\u00a0 sierpnia zako\u0144czy si\u0119 w Gda\u0144sku. O godzinie 10:00 z\u0142o\u017cono kwiaty pod pami\u0105tkow\u0105 tablic\u0105 Solidarno\u015bci oraz zainaugurowano wystaw\u0119 \u201eZajezdnia strajkuje\u201d. Wr\u0119czono\u00a0 pami\u0105tkowe medale dla uczestnik\u00f3w strajku w Zajezdni nr VII. Wystawa b\u0119dzie dost\u0119pna od 27 sierpnia dla os\u00f3b zwiedzaj\u0105cych, przy zachowaniu wszystkich \u015brodk\u00f3w bezpiecze\u0144stwa.<\/span><!--more--><\/p>\n<p style=\"text-align: justify;\"><span style=\"font-family: georgia, palatino, serif; font-size: 12pt;\">Czterdzie\u015bci lat temu narodzi\u0142a si\u0119 w Polsce \u201eSolidarno\u015b\u0107\u201d. Przy\u015bwieca\u0142a jej idea wolno\u015bci, solidarno\u015bci i poszanowania godno\u015bci cz\u0142owieka. \u0141\u0105czy\u0142a ludzi bardzo r\u00f3\u017cni\u0105cych si\u0119 od siebie, o innym \u015bwiatopogl\u0105dzie, statusie spo\u0142ecznym, religii. Dzi\u015b, dzi\u0119kujemy wszystkim, kt\u00f3rzy podj\u0119li walk\u0119 o godno\u015b\u0107 i wolno\u015b\u0107. Wspomnienie tamtych, jak\u017ce wa\u017cnych dni daje nam nadziej\u0119, \u017ce r\u00f3wnie\u017c dzi\u015b mo\u017cemy tworzy\u0107 wsp\u00f3lnot\u0119.<\/span><\/p>\n<div style=\"width: 1920px;\" class=\"wp-video\"><!--[if lt IE 9]><script>document.createElement('video');<\/script><![endif]-->\n<video class=\"wp-video-shortcode\" id=\"video-13179-1\" width=\"1920\" height=\"1080\" preload=\"metadata\" controls=\"controls\"><source type=\"video\/mp4\" src=\"https:\/\/smwroclaw.pl\/wp-content\/uploads\/2020\/08\/40-rocznica-powstania-NSZZ-Solidarno\u015b\u0107.mp4?_=1\" \/><a href=\"https:\/\/smwroclaw.pl\/wp-content\/uploads\/2020\/08\/40-rocznica-powstania-NSZZ-Solidarno\u015b\u0107.mp4\">https:\/\/smwroclaw.pl\/wp-content\/uploads\/2020\/08\/40-rocznica-powstania-NSZZ-Solidarno\u015b\u0107.mp4<\/a><\/video><\/div>\n<p>BD<\/p>\n","protected":false},"excerpt":{"rendered":"<p>26 sierpnia, w Centrum Historii Zajezdnia przy ul. Grabiszy\u0144skiej, dok\u0142adnie w czterdziest\u0105 rocznic\u0119 strajku sierpniowego, odby\u0142y si\u0119 uroczyste obchody tego wa\u017cnego dla wszystkich Wroc\u0142awian i Polak\u00f3w wydarzenia. W\u015br\u00f3d zaproszonych go\u015bci nie zabrak\u0142o m.in. uczestnik\u00f3w strajku w zajezdni oraz Prezydenta Wroc\u0142awia Jacka Sutryka. Uroczysto\u015bci zosta\u0142y obj\u0119te Patronatem Honorowym Prezydenta Rzeczypospolitej Polskiej. O godzinie 9:30\u00a0 ruszy\u0142a sztafeta [&hellip;]<\/p>\n","protected":false},"author":7,"featured_media":13183,"comment_status":"closed","ping_status":"closed","sticky":false,"template":"","format":"standard","meta":{"footnotes":""},"categories":[16],"tags":[],"class_list":["post-13179","post","type-post","status-publish","format-standard","has-post-thumbnail","hentry","category-aktual"],"_links":{"self":[{"href":"https:\/\/smwroclaw.pl\/index.php?rest_route=\/wp\/v2\/posts\/13179","targetHints":{"allow":["GET"]}}],"collection":[{"href":"https:\/\/smwroclaw.pl\/index.php?rest_route=\/wp\/v2\/posts"}],"about":[{"href":"https:\/\/smwroclaw.pl\/index.php?rest_route=\/wp\/v2\/types\/post"}],"author":[{"embeddable":true,"href":"https:\/\/smwroclaw.pl\/index.php?rest_route=\/wp\/v2\/users\/7"}],"replies":[{"embeddable":true,"href":"https:\/\/smwroclaw.pl\/index.php?rest_route=%2Fwp%2Fv2%2Fcomments&post=13179"}],"version-history":[{"count":1,"href":"https:\/\/smwroclaw.pl\/index.php?rest_route=\/wp\/v2\/posts\/13179\/revisions"}],"predecessor-version":[{"id":13182,"href":"https:\/\/smwroclaw.pl\/index.php?rest_route=\/wp\/v2\/posts\/13179\/revisions\/13182"}],"wp:featuredmedia":[{"embeddable":true,"href":"https:\/\/smwroclaw.pl\/index.php?rest_route=\/wp\/v2\/media\/13183"}],"wp:attachment":[{"href":"https:\/\/smwroclaw.pl\/index.php?rest_route=%2Fwp%2Fv2%2Fmedia&parent=13179"}],"wp:term":[{"taxonomy":"category","embeddable":true,"href":"https:\/\/smwroclaw.pl\/index.php?rest_route=%2Fwp%2Fv2%2Fcategories&post=13179"},{"taxonomy":"post_tag","embeddable":true,"href":"https:\/\/smwroclaw.pl\/index.php?rest_route=%2Fwp%2Fv2%2Ftags&post=13179"}],"curies":[{"name":"wp","href":"https:\/\/api.w.org\/{rel}","templated":true}]}}