{"id":13184,"date":"2020-08-27T11:16:13","date_gmt":"2020-08-27T09:16:13","guid":{"rendered":"http:\/\/smwroclaw.pl\/?p=13184"},"modified":"2020-08-27T11:20:49","modified_gmt":"2020-08-27T09:20:49","slug":"dbajmy-o-siebie-wzajemnie-wspolne-kontrole-z-policja","status":"publish","type":"post","link":"https:\/\/smwroclaw.pl\/?p=13184","title":{"rendered":"DBAJMY O SIEBIE WZAJEMNIE \u2013 wsp\u00f3lne kontrole z Policj\u0105"},"content":{"rendered":"<p style=\"text-align: justify;\" align=\"justify\"><span style=\"font-family: georgia, palatino, serif; font-size: 12pt;\">Koniec wakacji tu\u017c, tu\u017c. Zakup wyprawek szkolnych, podr\u0119cznik\u00f3w w galeriach, zwi\u0119kszona ilo\u015b\u0107 pasa\u017cer\u00f3w w komunikacji miejskiej, sezon \u201egrypowy\u201d, to wszystko przed nami. Wczoraj odby\u0142a si\u0119 konferencja prasowa rzecznik\u00f3w, Stra\u017cy Miejskiej, Policji, MPK, dotycz\u0105ca kontroli przestrzegania obostrze\u0144 zwi\u0105zanych z COVID &#8211; 19. Stra\u017c miejsk\u0105 reprezentowa\u0142 Piotr Szereda. Przypominamy, \u017ce nadal obowi\u0105zuj\u0105 nas wszystkich ograniczenia zwi\u0105zane z epidemi\u0105 koronawirusa. Od wczoraj zwi\u0119kszyli\u015bmy ilo\u015b\u0107 wsp\u00f3lnych patroli sprawdzaj\u0105cych, czy osoby stosuj\u0105 si\u0119 do przepis\u00f3w. Stra\u017cnicy z policjantami cz\u0119\u015bciej pojawi\u0105 si\u0119 w tramwajach, autobusach i sklepach wielkopowierzchniowych. Naszym celem przede wszystkim jest u\u015bwiadomienie, jak wa\u017cne jest wzajemne dbanie o siebie. Wiemy, \u017ce profilaktyka i edukacja odnios\u0105 spodziewany skutek. <\/span><!--more--> <span style=\"font-family: Times New Roman, serif; font-size: 12pt;\"><span style=\"font-family: georgia, palatino, serif;\">Od marca jeste\u015bmy zmuszeni mierzy\u0107 si\u0119 z zupe\u0142nie inn\u0105 rzeczywisto\u015bci\u0105. COVID \u2013 19 i zwi\u0105zane z nim obostrzenia dotkn\u0119\u0142y ludzi na ca\u0142ym \u015bwiecie. Strach o zdrowie najbli\u017cszych i w\u0142asne spowodowa\u0142y, \u017ce musieli\u015bmy si\u0119 stosowa\u0107 do obowi\u0105zuj\u0105cych zasad, pocz\u0105wszy od zakazu wychodzenia z domu, wytycznych w sklepach, komunikacji miejskiej, czy na terenach otwartych. Wszystkie zalecenia odnios\u0142y spodziewany skutek i stopniowo luzowano przepisy. Poczuli\u015bmy si\u0119 prawie jak przed pandemi\u0105. Prawie\u2026 dlatego, \u017ce ograniczenia nadal obowi\u0105zuj\u0105 np. w komunikacji, sklepach, przychodniach, urz\u0119dach, bankach, pocztach. Je\u017celi chodzi o gmachy u\u017cyteczno\u015bci publicznej, to sprawa jest prosta. Do kontroli zostali skierowani funkcjonariusze Stra\u017cy Miejskiej, kt\u00f3rzy mierz\u0105 interesantom temperatur\u0119 oraz pilnuj\u0105, czy wszyscy stosuj\u0105 si\u0119 do obowi\u0105zku zas\u0142aniania nosa i ust. W sklepach i komunikacji miejskiej niestety takiego komfortu nie ma. Tu musimy zadba\u0107 sami o siebie, musimy by\u0107 odpowiedzialni za zdrowie i by\u0107 mo\u017ce \u017cycie innych.<\/span> <\/span><\/p>\n<p align=\"justify\"><span style=\"font-family: georgia, palatino, serif; font-size: 12pt;\">Przypominamy aktualnie obowi\u0105zuj\u0105ce wytyczne: <\/span><a href=\"https:\/\/www.gov.pl\/web\/koronawirus\/aktualne-zasady-i-ograniczenia\"><span style=\"font-family: georgia, palatino, serif; font-size: 12pt;\">https:\/\/www.gov.pl\/web\/koronawirus\/aktualne-zasady-i-ograniczenia<\/span><\/a><\/p>\n<p style=\"text-align: center;\" align=\"justify\"><div class=\"su-custom-gallery su-custom-gallery-align-left su-custom-gallery-title-never\"><div class=\"su-custom-gallery-slide\" style=\"width:700px;height:500px\"><a href=\"https:\/\/smwroclaw.pl\/wp-content\/uploads\/2020\/08\/118517302_337447773966960_6395384643513411690_n.jpg\" title=\"118517302_337447773966960_6395384643513411690_n\"><img fetchpriority=\"high\" decoding=\"async\" src=\"https:\/\/smwroclaw.pl\/wp-content\/uploads\/2020\/08\/118517302_337447773966960_6395384643513411690_n-700x500.jpg\" alt=\"118517302_337447773966960_6395384643513411690_n\" width=\"700\" height=\"500\" \/><span class=\"su-custom-gallery-title\">118517302_337447773966960_6395384643513411690_n<\/span><\/a><\/div><div class=\"su-custom-gallery-slide\" style=\"width:700px;height:500px\"><a href=\"https:\/\/smwroclaw.pl\/wp-content\/uploads\/2020\/08\/118321917_381048622887629_7657942522733937455_n.jpg\" title=\"118321917_381048622887629_7657942522733937455_n\"><img decoding=\"async\" src=\"https:\/\/smwroclaw.pl\/wp-content\/uploads\/2020\/08\/118321917_381048622887629_7657942522733937455_n-700x500.jpg\" alt=\"118321917_381048622887629_7657942522733937455_n\" width=\"700\" height=\"500\" \/><span class=\"su-custom-gallery-title\">118321917_381048622887629_7657942522733937455_n<\/span><\/a><\/div><div class=\"su-custom-gallery-slide\" style=\"width:700px;height:500px\"><a href=\"https:\/\/smwroclaw.pl\/wp-content\/uploads\/2020\/08\/118378829_693699411487687_9007040528394461563_n.jpg\" title=\"118378829_693699411487687_9007040528394461563_n\"><img decoding=\"async\" src=\"https:\/\/smwroclaw.pl\/wp-content\/uploads\/2020\/08\/118378829_693699411487687_9007040528394461563_n-700x500.jpg\" alt=\"118378829_693699411487687_9007040528394461563_n\" width=\"700\" height=\"500\" \/><span class=\"su-custom-gallery-title\">118378829_693699411487687_9007040528394461563_n<\/span><\/a><\/div><div class=\"su-custom-gallery-slide\" style=\"width:700px;height:500px\"><a href=\"https:\/\/smwroclaw.pl\/wp-content\/uploads\/2020\/08\/118359266_334861141029575_464341374530171599_n.jpg\" title=\"118359266_334861141029575_464341374530171599_n\"><img loading=\"lazy\" decoding=\"async\" src=\"https:\/\/smwroclaw.pl\/wp-content\/uploads\/2020\/08\/118359266_334861141029575_464341374530171599_n-700x500.jpg\" alt=\"118359266_334861141029575_464341374530171599_n\" width=\"700\" height=\"500\" \/><span class=\"su-custom-gallery-title\">118359266_334861141029575_464341374530171599_n<\/span><\/a><\/div><div class=\"su-custom-gallery-slide\" style=\"width:700px;height:500px\"><a href=\"https:\/\/smwroclaw.pl\/wp-content\/uploads\/2020\/08\/118392296_922090145026720_5861596311505719254_n.jpg\" title=\"118392296_922090145026720_5861596311505719254_n\"><img loading=\"lazy\" decoding=\"async\" src=\"https:\/\/smwroclaw.pl\/wp-content\/uploads\/2020\/08\/118392296_922090145026720_5861596311505719254_n-700x500.jpg\" alt=\"118392296_922090145026720_5861596311505719254_n\" width=\"700\" height=\"500\" \/><span class=\"su-custom-gallery-title\">118392296_922090145026720_5861596311505719254_n<\/span><\/a><\/div><div class=\"su-custom-gallery-slide\" style=\"width:700px;height:500px\"><a href=\"https:\/\/smwroclaw.pl\/wp-content\/uploads\/2020\/08\/118395909_3202432829794062_617623379857327208_n.jpg\" title=\"118395909_3202432829794062_617623379857327208_n\"><img loading=\"lazy\" decoding=\"async\" src=\"https:\/\/smwroclaw.pl\/wp-content\/uploads\/2020\/08\/118395909_3202432829794062_617623379857327208_n-700x500.jpg\" alt=\"118395909_3202432829794062_617623379857327208_n\" width=\"700\" height=\"500\" \/><span class=\"su-custom-gallery-title\">118395909_3202432829794062_617623379857327208_n<\/span><\/a><\/div><div class=\"su-clear\"><\/div><\/div>\n<p align=\"justify\">Zdj\u0119cia: Agnieszka B\u0105k<\/p>\n<p align=\"justify\">BD<\/p>\n<p align=\"justify\">\u00a0<\/p>\n","protected":false},"excerpt":{"rendered":"<p>Koniec wakacji tu\u017c, tu\u017c. Zakup wyprawek szkolnych, podr\u0119cznik\u00f3w w galeriach, zwi\u0119kszona ilo\u015b\u0107 pasa\u017cer\u00f3w w komunikacji miejskiej, sezon \u201egrypowy\u201d, to wszystko przed nami. Wczoraj odby\u0142a si\u0119 konferencja prasowa rzecznik\u00f3w, Stra\u017cy Miejskiej, Policji, MPK, dotycz\u0105ca kontroli przestrzegania obostrze\u0144 zwi\u0105zanych z COVID &#8211; 19. Stra\u017c miejsk\u0105 reprezentowa\u0142 Piotr Szereda. Przypominamy, \u017ce nadal obowi\u0105zuj\u0105 nas wszystkich ograniczenia zwi\u0105zane z [&hellip;]<\/p>\n","protected":false},"author":7,"featured_media":13193,"comment_status":"closed","ping_status":"closed","sticky":false,"template":"","format":"standard","meta":{"footnotes":""},"categories":[16],"tags":[],"class_list":["post-13184","post","type-post","status-publish","format-standard","has-post-thumbnail","hentry","category-aktual"],"_links":{"self":[{"href":"https:\/\/smwroclaw.pl\/index.php?rest_route=\/wp\/v2\/posts\/13184","targetHints":{"allow":["GET"]}}],"collection":[{"href":"https:\/\/smwroclaw.pl\/index.php?rest_route=\/wp\/v2\/posts"}],"about":[{"href":"https:\/\/smwroclaw.pl\/index.php?rest_route=\/wp\/v2\/types\/post"}],"author":[{"embeddable":true,"href":"https:\/\/smwroclaw.pl\/index.php?rest_route=\/wp\/v2\/users\/7"}],"replies":[{"embeddable":true,"href":"https:\/\/smwroclaw.pl\/index.php?rest_route=%2Fwp%2Fv2%2Fcomments&post=13184"}],"version-history":[{"count":6,"href":"https:\/\/smwroclaw.pl\/index.php?rest_route=\/wp\/v2\/posts\/13184\/revisions"}],"predecessor-version":[{"id":13199,"href":"https:\/\/smwroclaw.pl\/index.php?rest_route=\/wp\/v2\/posts\/13184\/revisions\/13199"}],"wp:featuredmedia":[{"embeddable":true,"href":"https:\/\/smwroclaw.pl\/index.php?rest_route=\/wp\/v2\/media\/13193"}],"wp:attachment":[{"href":"https:\/\/smwroclaw.pl\/index.php?rest_route=%2Fwp%2Fv2%2Fmedia&parent=13184"}],"wp:term":[{"taxonomy":"category","embeddable":true,"href":"https:\/\/smwroclaw.pl\/index.php?rest_route=%2Fwp%2Fv2%2Fcategories&post=13184"},{"taxonomy":"post_tag","embeddable":true,"href":"https:\/\/smwroclaw.pl\/index.php?rest_route=%2Fwp%2Fv2%2Ftags&post=13184"}],"curies":[{"name":"wp","href":"https:\/\/api.w.org\/{rel}","templated":true}]}}