{"id":13232,"date":"2020-09-01T12:25:14","date_gmt":"2020-09-01T10:25:14","guid":{"rendered":"http:\/\/smwroclaw.pl\/?p=13232"},"modified":"2020-09-02T10:47:05","modified_gmt":"2020-09-02T08:47:05","slug":"bezpieczna-droga-do-szkoly-czuwamy-nad-bezpieczenstwem-dzieci","status":"publish","type":"post","link":"https:\/\/smwroclaw.pl\/?p=13232","title":{"rendered":"BEZPIECZNA DROGA DO SZKO\u0141Y \u2013 CZUWAMY NAD BEZPIECZE\u0143STWEM DZIECI"},"content":{"rendered":"<p style=\"text-align: justify;\"><span style=\"font-family: georgia, palatino, serif; font-size: 12pt;\">Wraz z zako\u0144czeniem wakacji i pierwszym dzwonkiem <strong>rozpocz\u0105\u0142 si\u0119 nowy rok szkolny<\/strong>. W tym nietypowym roku dla ka\u017cdego ucznia wrzesie\u0144 to nie tylko rozpocz\u0119cie nauki, ale i <strong>nowe zasady zachowa\u0144<\/strong>, kt\u00f3re nale\u017cy stosowa\u0107 w zwi\u0105zku z <strong>przeciwdzia\u0142aniem i zapobieganiem COVID \u2013 19<\/strong>. Zatem zmienia si\u0119 nie tylko aura za oknem, kiedy dzieci b\u0119d\u0105 maszerowa\u0107 mniej lub bardziej o\u015bwietlonymi poboczami dr\u00f3g o r\u00f3\u017cnym nat\u0119\u017ceniu ruchu, ale r\u00f3wnie\u017c zmieniaj\u0105 si\u0119 zasady funkcjonowania w szko\u0142ach, gdy nale\u017cy zachowa\u0107 wyj\u0105tkow\u0105 czujno\u015b\u0107 w zakresie dba\u0142o\u015bci o zdrowie.<\/span><\/p>\n<p><!--more--><\/p>\n<p style=\"text-align: justify;\"><span style=\"font-family: georgia, palatino, serif; font-size: 12pt;\"><strong>Poprawa bezpiecze\u0144stwa dzieci i m\u0142odzie\u017cy szkolnej<\/strong> jest jednym z priorytetowych dzia\u0142a\u0144 prewencyjno &#8211; profilaktycznych realizowanych przez <strong>Stra\u017c Miejsk\u0105 Wroc\u0142awia<\/strong> w ramach akcji \u201eBezpieczna droga do szko\u0142y\u201d.<\/span><\/p>\n<p style=\"text-align: justify;\"><span style=\"font-family: georgia, palatino, serif; font-size: 12pt;\">Tym samym <strong>1 wrze\u015bnia<\/strong> rozpocz\u0105\u0142 si\u0119 I Etap akcji, gdzie dora\u017anym nadzorem <strong>zosta\u0142o obj\u0119tych 29 plac\u00f3wek o\u015bwiatowych<\/strong> w okolicy, w kt\u00f3rych wyst\u0119powa\u0142y zwi\u0119kszone zagro\u017cenia komunikacyjne tj. zmieniaj\u0105ca si\u0119 organizacja ruchu drogowego, zainstalowane dodatkowe oznakowania, sygnalizacja \u015bwietlna, wysepki lub inne elementy, maj\u0105ce znacz\u0105cy wp\u0142yw na bezpiecze\u0144stwo dzieci. Akcj\u0105 obj\u0119to plac\u00f3wki, kt\u00f3rych dyrekcja szko\u0142y wyst\u0105pi\u0142a z wnioskiem o zapewnienie bezpiecze\u0144stwa dzieci i m\u0142odzie\u017cy w drodze do szko\u0142y.<\/span><\/p>\n<p style=\"text-align: justify;\"><span style=\"font-family: georgia, palatino, serif; font-size: 12pt;\">Funkcjonariusze<strong> zabezpieczyli szko\u0142y podstawowe i zespo\u0142y szkolne<\/strong>, ze szczeg\u00f3ln\u0105 uwag\u0105 na klasy I &#8211; III. Zakres i cz\u0119stotliwo\u015b\u0107 prowadzonych dzia\u0142a\u0144 uzale\u017cniona zosta\u0142a od poziomu wyst\u0119<\/span><span style=\"font-family: georgia, palatino, serif; font-size: 12pt;\">puj\u0105cych zagro\u017ce\u0144 i mo\u017cliwo\u015bci kadrowych.<\/span><\/p>\n<p style=\"text-align: justify;\"><span style=\"font-family: georgia, palatino, serif; font-size: 12pt;\">Pami\u0119tajmy, \u017ce jesie\u0144 i zima to okres wzmo\u017conych infekcji i zachorowa\u0144 na choroby g\u00f3rnych dr\u00f3g oddechowych. <strong>Zwracajmy uwag\u0119 na siebie nawzajem<\/strong> i dbajmy o swoje zdrowie, pami\u0119tajmy o bezpiecze\u0144stwie na drodze. <strong>Bezpieczny pieszy to widoczny pieszy \u2014 za\u0142\u00f3\u017c odblask!<\/strong><\/span><\/p>\n<p style=\"text-align: justify;\"><span style=\"font-family: georgia, palatino, serif; font-size: 12pt;\">W roku szkolnym 2020\/2021 dora\u017anymi kontrolami w ramach akcji \u201eBezpieczna droga do szko\u0142y\u201d zosta\u0142y obj\u0119te nast\u0119puj\u0105ce plac\u00f3wki:<\/span><\/p>\n<ul>\n<li style=\"text-align: justify;\"><span style=\"font-family: georgia, palatino, serif; font-size: 12pt;\">SZKO\u0141A PODSTAWOWA nr 34, Ul. Ga\u0142czy\u0144skiego 8;<\/span><\/li>\n<li style=\"text-align: justify;\"><span style=\"font-family: georgia, palatino, serif; font-size: 12pt;\">SZKO\u0141A PODSTAWOWA nr 42, Ul. Wa\u0142brzyska 50;<\/span><\/li>\n<li style=\"text-align: justify;\"><span style=\"font-family: georgia, palatino, serif; font-size: 12pt;\">SZKO\u0141A PODSTAWOWA nr 45, Ul. Krajewskiego 1;<\/span><\/li>\n<li style=\"text-align: justify;\"><span style=\"font-family: georgia, palatino, serif; font-size: 12pt;\">ZESP\u00d3\u0141 SZKOLNO &#8211; PRZEDSZKOLNY nr 20, Karpnicka 2;<\/span><\/li>\n<li style=\"text-align: justify;\"><span style=\"font-family: georgia, palatino, serif; font-size: 12pt;\">ZESP\u00d3\u0141 SZK\u00d3\u0141 nr 21, Ul. Piotra Ignuta 28;<\/span><\/li>\n<li style=\"text-align: justify;\"><span style=\"font-family: georgia, palatino, serif; font-size: 12pt;\">SZKO\u0141A PODSTAWOWA nr 58, Ul. Sk\u0142adowa 2-4;<\/span><\/li>\n<li style=\"text-align: justify;\"><span style=\"font-family: georgia, palatino, serif; font-size: 12pt;\">SZKO\u0141A PODSTAWOWA nr 25, Ul. Stanis\u0142awowska 38;<\/span><\/li>\n<li style=\"text-align: justify;\"><span style=\"font-family: georgia, palatino, serif; font-size: 12pt;\">SZKO\u0141A PODSTAWOWA nr 67, Pl. Muzealny 20;<\/span><\/li>\n<li style=\"text-align: justify;\"><span style=\"font-family: georgia, palatino, serif; font-size: 12pt;\">SZKO\u0141A PODSTAWOWA nr 47, Ul. Januszowicka 35;<\/span><\/li>\n<li style=\"text-align: justify;\"><span style=\"font-family: georgia, palatino, serif; font-size: 12pt;\">SZKO\u0141A PODSTAWOWA nr 46, Ul. \u015acinawska 21;<\/span><\/li>\n<li style=\"text-align: justify;\"><span style=\"font-family: georgia, palatino, serif; font-size: 12pt;\">SZKO\u0141A PODSTAWOWA nr 78, Ul. Jedno\u015bci Narodowej 195;<\/span><\/li>\n<li style=\"text-align: justify;\"><span style=\"font-family: georgia, palatino, serif; font-size: 12pt;\">SZKO\u0141A PODSTAWOWA nr 16, Ul. Wietrzna 50;<\/span><\/li>\n<li style=\"text-align: justify;\"><span style=\"font-family: georgia, palatino, serif; font-size: 12pt;\">SZKO\u0141A PODSTAWOWA nr 90, Ul. Orzechowa 62;<\/span><\/li>\n<li style=\"text-align: justify;\"><span style=\"font-family: georgia, palatino, serif; font-size: 12pt;\">SZKO\u0141A PODSTAWOWA nr 9, Solskiego 13;<\/span><\/li>\n<li style=\"text-align: justify;\"><span style=\"font-family: georgia, palatino, serif; font-size: 12pt;\">SZKO\u0141A PODSTAWOWA nr 99, Ul. G\u0142ubczycka 3;<\/span><\/li>\n<li style=\"text-align: justify;\"><span style=\"font-family: georgia, palatino, serif; font-size: 12pt;\">SZKO\u0141A PODSTAWOWA nr 37, Sarbinowska 10;<\/span><\/li>\n<li style=\"text-align: justify;\"><span style=\"font-family: georgia, palatino, serif; font-size: 12pt;\">SZKO\u0141A PODSTAWOWA nr 85, Ul. Traugutta 37;<\/span><\/li>\n<li style=\"text-align: justify;\"><span style=\"font-family: georgia, palatino, serif; font-size: 12pt;\">ZESP\u00d3\u0141 SZK\u00d3\u0141 nr 11, Ul. Grochowa 36-38;<\/span><\/li>\n<li style=\"text-align: justify;\"><span style=\"font-family: georgia, palatino, serif; font-size: 12pt;\">SZKO\u0141A PODSTAWOWA nr 77, Ul. \u015aw. Jerzego;<\/span><\/li>\n<li style=\"text-align: justify;\"><span style=\"font-family: georgia, palatino, serif; font-size: 12pt;\">SZKO\u0141A PODSTAWOWA nr 74, Kleczkowska 2;<\/span><\/li>\n<li style=\"text-align: justify;\"><span style=\"font-family: georgia, palatino, serif; font-size: 12pt;\">SZKO\u0141A PODSTAWOWA nr 1, Ul. Nowowiejska 78;<\/span><\/li>\n<li style=\"text-align: justify;\"><span style=\"font-family: georgia, palatino, serif; font-size: 12pt;\">SZKO\u0141A PODSTAWOWA nr 3, Ul. Inflancka 13;<\/span><\/li>\n<li style=\"text-align: justify;\"><span style=\"font-family: georgia, palatino, serif; font-size: 12pt;\">SZKO\u0141A PODSTAWOWA nr 91, Ul. Sempo\u0142owskiej 54;<\/span><\/li>\n<li style=\"text-align: justify;\"><span style=\"font-family: georgia, palatino, serif; font-size: 12pt;\">SZKO\u0141A PODSTAWOWA nr 5, Ul. Osobowicka 132;<\/span><\/li>\n<li style=\"text-align: justify;\"><span style=\"font-family: georgia, palatino, serif; font-size: 12pt;\">SZKO\u0141A PODSTAWOWA nr 20, Ul. Kamie\u0144skiego 24;<\/span><\/li>\n<li style=\"text-align: justify;\"><span style=\"font-family: georgia, palatino, serif; font-size: 12pt;\">SZKO\u0141A PODSTAWOWA nr 113, Ul. Zemska 16c;<\/span><\/li>\n<li style=\"text-align: justify;\"><span style=\"font-family: georgia, palatino, serif; font-size: 12pt;\">SZKO\u0141A PODSTAWOWA nr 53, Ul. Strachoci\u0144ska 155;<\/span><\/li>\n<li style=\"text-align: justify;\"><span style=\"font-family: georgia, palatino, serif; font-size: 12pt;\">SZKO\u0141A PODSTAWOWA nr 83, Ul. Boya \u017bele\u0144skiego 32;<\/span><\/li>\n<li style=\"text-align: justify;\"><span style=\"font-family: georgia, palatino, serif; font-size: 12pt;\">SZKO\u0141A PODSTAWOWA nr 24, Cz\u0119stochowska 75.<\/span><\/li>\n<\/ul>\n<p>&nbsp;<\/p>\n<p>\u00a0 \u00a0 \u00a0 <img fetchpriority=\"high\" decoding=\"async\" class=\"wp-image-13241 alignleft\" style=\"text-align: justify;\" src=\"https:\/\/smwroclaw.pl\/wp-content\/uploads\/2020\/09\/118678209_310048930257187_5869845090532471453_n-169x300.jpg\" alt=\"\" width=\"266\" height=\"471\" \/><img decoding=\"async\" class=\"alignnone  wp-image-13265\" src=\"https:\/\/smwroclaw.pl\/wp-content\/uploads\/2020\/09\/118506136_3251130324973623_5705924706928483104_n-169x300.jpg\" alt=\"\" width=\"271\" height=\"480\" \/> \u00a0 \u00a0 \u00a0 \u00a0 \u00a0<img decoding=\"async\" class=\"alignnone  wp-image-13239\" src=\"https:\/\/smwroclaw.pl\/wp-content\/uploads\/2020\/09\/118603829_348175153233304_3575404404598069706_n-1-169x300.jpg\" alt=\"\" width=\"268\" height=\"476\" srcset=\"https:\/\/smwroclaw.pl\/wp-content\/uploads\/2020\/09\/118603829_348175153233304_3575404404598069706_n-1-169x300.jpg 169w, https:\/\/smwroclaw.pl\/wp-content\/uploads\/2020\/09\/118603829_348175153233304_3575404404598069706_n-1-768x1365.jpg 768w, https:\/\/smwroclaw.pl\/wp-content\/uploads\/2020\/09\/118603829_348175153233304_3575404404598069706_n-1-864x1536.jpg 864w, https:\/\/smwroclaw.pl\/wp-content\/uploads\/2020\/09\/118603829_348175153233304_3575404404598069706_n-1-1152x2048.jpg 1152w, https:\/\/smwroclaw.pl\/wp-content\/uploads\/2020\/09\/118603829_348175153233304_3575404404598069706_n-1-scaled.jpg 1440w\" sizes=\"(max-width: 268px) 100vw, 268px\" \/><\/p>\n<p><img loading=\"lazy\" decoding=\"async\" class=\"alignnone  wp-image-13242\" src=\"https:\/\/smwroclaw.pl\/wp-content\/uploads\/2020\/09\/118685494_640875023206160_7294927103747341156_n-1-169x300.jpg\" alt=\"\" width=\"267\" height=\"474\" srcset=\"https:\/\/smwroclaw.pl\/wp-content\/uploads\/2020\/09\/118685494_640875023206160_7294927103747341156_n-1-169x300.jpg 169w, https:\/\/smwroclaw.pl\/wp-content\/uploads\/2020\/09\/118685494_640875023206160_7294927103747341156_n-1-768x1365.jpg 768w, https:\/\/smwroclaw.pl\/wp-content\/uploads\/2020\/09\/118685494_640875023206160_7294927103747341156_n-1-864x1536.jpg 864w, https:\/\/smwroclaw.pl\/wp-content\/uploads\/2020\/09\/118685494_640875023206160_7294927103747341156_n-1-1152x2048.jpg 1152w, https:\/\/smwroclaw.pl\/wp-content\/uploads\/2020\/09\/118685494_640875023206160_7294927103747341156_n-1-scaled.jpg 1440w\" sizes=\"(max-width: 267px) 100vw, 267px\" \/>\u00a0 \u00a0 \u00a0 \u00a0 \u00a0 \u00a0<img loading=\"lazy\" decoding=\"async\" class=\"alignnone  wp-image-13238\" src=\"https:\/\/smwroclaw.pl\/wp-content\/uploads\/2020\/09\/118743060_306174843814214_5908452476637008114_n-169x300.jpg\" alt=\"\" width=\"267\" height=\"474\" srcset=\"https:\/\/smwroclaw.pl\/wp-content\/uploads\/2020\/09\/118743060_306174843814214_5908452476637008114_n-169x300.jpg 169w, https:\/\/smwroclaw.pl\/wp-content\/uploads\/2020\/09\/118743060_306174843814214_5908452476637008114_n-768x1365.jpg 768w, https:\/\/smwroclaw.pl\/wp-content\/uploads\/2020\/09\/118743060_306174843814214_5908452476637008114_n-864x1536.jpg 864w, https:\/\/smwroclaw.pl\/wp-content\/uploads\/2020\/09\/118743060_306174843814214_5908452476637008114_n-1152x2048.jpg 1152w, https:\/\/smwroclaw.pl\/wp-content\/uploads\/2020\/09\/118743060_306174843814214_5908452476637008114_n-scaled.jpg 1440w\" sizes=\"(max-width: 267px) 100vw, 267px\" \/><\/p>\n<p><img loading=\"lazy\" decoding=\"async\" class=\"alignnone  wp-image-13262\" src=\"https:\/\/smwroclaw.pl\/wp-content\/uploads\/2020\/09\/118502338_343345836713095_2830368091679892652_n-300x225.jpg\" alt=\"\" width=\"580\" height=\"435\" srcset=\"https:\/\/smwroclaw.pl\/wp-content\/uploads\/2020\/09\/118502338_343345836713095_2830368091679892652_n-300x225.jpg 300w, https:\/\/smwroclaw.pl\/wp-content\/uploads\/2020\/09\/118502338_343345836713095_2830368091679892652_n.jpg 639w\" sizes=\"(max-width: 580px) 100vw, 580px\" \/><\/p>\n<p>&nbsp;<\/p>\n<p>&nbsp;<\/p>\n<p><span style=\"font-family: georgia, palatino, serif; font-size: 12pt;\">Zdj\u0119cia: Agnieszka B\u0105k<\/span><\/p>\n<p><span style=\"font-family: georgia, palatino, serif; font-size: 12pt;\">KB<\/span><\/p>\n<p>&nbsp;<\/p>\n","protected":false},"excerpt":{"rendered":"<p>Wraz z zako\u0144czeniem wakacji i pierwszym dzwonkiem rozpocz\u0105\u0142 si\u0119 nowy rok szkolny. W tym nietypowym roku dla ka\u017cdego ucznia wrzesie\u0144 to nie tylko rozpocz\u0119cie nauki, ale i nowe zasady zachowa\u0144, kt\u00f3re nale\u017cy stosowa\u0107 w zwi\u0105zku z przeciwdzia\u0142aniem i zapobieganiem COVID \u2013 19. Zatem zmienia si\u0119 nie tylko aura za oknem, kiedy dzieci b\u0119d\u0105 maszerowa\u0107 mniej [&hellip;]<\/p>\n","protected":false},"author":12,"featured_media":13233,"comment_status":"closed","ping_status":"closed","sticky":false,"template":"","format":"standard","meta":{"footnotes":""},"categories":[16],"tags":[],"class_list":["post-13232","post","type-post","status-publish","format-standard","has-post-thumbnail","hentry","category-aktual"],"_links":{"self":[{"href":"https:\/\/smwroclaw.pl\/index.php?rest_route=\/wp\/v2\/posts\/13232","targetHints":{"allow":["GET"]}}],"collection":[{"href":"https:\/\/smwroclaw.pl\/index.php?rest_route=\/wp\/v2\/posts"}],"about":[{"href":"https:\/\/smwroclaw.pl\/index.php?rest_route=\/wp\/v2\/types\/post"}],"author":[{"embeddable":true,"href":"https:\/\/smwroclaw.pl\/index.php?rest_route=\/wp\/v2\/users\/12"}],"replies":[{"embeddable":true,"href":"https:\/\/smwroclaw.pl\/index.php?rest_route=%2Fwp%2Fv2%2Fcomments&post=13232"}],"version-history":[{"count":19,"href":"https:\/\/smwroclaw.pl\/index.php?rest_route=\/wp\/v2\/posts\/13232\/revisions"}],"predecessor-version":[{"id":13251,"href":"https:\/\/smwroclaw.pl\/index.php?rest_route=\/wp\/v2\/posts\/13232\/revisions\/13251"}],"wp:featuredmedia":[{"embeddable":true,"href":"https:\/\/smwroclaw.pl\/index.php?rest_route=\/wp\/v2\/media\/13233"}],"wp:attachment":[{"href":"https:\/\/smwroclaw.pl\/index.php?rest_route=%2Fwp%2Fv2%2Fmedia&parent=13232"}],"wp:term":[{"taxonomy":"category","embeddable":true,"href":"https:\/\/smwroclaw.pl\/index.php?rest_route=%2Fwp%2Fv2%2Fcategories&post=13232"},{"taxonomy":"post_tag","embeddable":true,"href":"https:\/\/smwroclaw.pl\/index.php?rest_route=%2Fwp%2Fv2%2Ftags&post=13232"}],"curies":[{"name":"wp","href":"https:\/\/api.w.org\/{rel}","templated":true}]}}