{"id":13289,"date":"2020-09-07T13:56:58","date_gmt":"2020-09-07T11:56:58","guid":{"rendered":"http:\/\/smwroclaw.pl\/?p=13289"},"modified":"2020-09-07T13:56:58","modified_gmt":"2020-09-07T11:56:58","slug":"inauguracja-dni-seniora-wroclaw-2020","status":"publish","type":"post","link":"https:\/\/smwroclaw.pl\/?p=13289","title":{"rendered":"INAUGURACJA DNI SENIORA \u2013 WROC\u0141AW 2020"},"content":{"rendered":"<p style=\"text-align: justify;\" align=\"justify\"><span style=\"font-family: georgia, palatino, serif; font-size: 12pt;\">Dzi\u015b o godzinie 10:00 odby\u0142a si\u0119 uroczysta inauguracja<strong> \u201eDni Seniora\u201d<\/strong> obok Narodowego Forum Muzyki, na pl. Wolno\u015bci. Na obchodach nie mog\u0142o zabrakn\u0105\u0107 naszego funkcjonariusza \u2013 <strong>st. insp. Paw\u0142a Gr\u0105bczewskiego<\/strong>, znanego we Wroc\u0142awiu przyjaciela senior\u00f3w. W ubieg\u0142ym roku zosta\u0142 on nagrodzony statuetk\u0105 <strong>&#8222;Przyjaciel seniora&#8221;<\/strong>, za wieloletni\u0105 dzia\u0142alno\u015b\u0107 na rzecz poprawy bezpiecze\u0144stwa naszych najstarszych mieszka\u0144c\u00f3w, serdeczno\u015b\u0107 oraz wycieczki edukacyjne po Wroc\u0142awiu.<\/span><!--more--><\/p>\n<p style=\"text-align: justify;\" align=\"justify\"><span style=\"font-family: georgia, palatino, serif; font-size: 12pt;\">Ze wzgl\u0119du na sytuacj\u0119 zwi\u0105zana z epidemi\u0105 COVID-19, tegoroczna edycja jest inna ni\u017c w ubieg\u0142ych latach. Wroc\u0142awskie Dni Seniora w poprzednich wydaniach gromadzi\u0142y kilkana\u015bcie tysi\u0119cy senior\u00f3w, nie tylko z Wroc\u0142awia, ale tak\u017ce z ca\u0142ej Polski. W tym roku ze wzgl\u0119du na og\u00f3ln\u0105 sytuacj\u0119 epidemiczn\u0105 wiele wydarze\u0144 zosta\u0142o przeniesionych do przestrzeni wirtualnej . Pomimo wyj\u0105tkowych okoliczno\u015bci, wynikaj\u0105cych z epidemii koronawirusa, zaplanowano na 7 wrze\u015bnia zamiast tradycyjnego<strong> zdobienia i Marszu Kapeluszy<\/strong> oraz <strong>Kapeluszowego Rekordu Polski<\/strong> &#8211;\u00a0 <strong>\u201eRewi\u0119 Parasoli\u201d<\/strong> oraz konkurs na artystycznie ozdobion\u0105 maseczk\u0119.<\/span><\/p>\n<p style=\"text-align: justify;\" align=\"justify\"><span style=\"font-family: georgia, palatino, serif; font-size: 12pt;\">Parasole i maseczki cieszy\u0142y oko, a jednocze\u015bnie pozwoli\u0142y zachowa\u0107 dystans spo\u0142eczny i dostosowa\u0107 si\u0119 do obowi\u0105zuj\u0105cych obostrze\u0144. <strong>Prezydent Wroc\u0142awia Jacek Sutryk<\/strong>, obecny na uroczysto\u015bciach, przekaza\u0142 symboliczne klucze do bram miasta, przedstawicielom <strong>Rady Senior\u00f3w<\/strong>. <\/span><\/p>\n<p style=\"text-align: justify;\" align=\"justify\"><span style=\"font-family: georgia, palatino, serif; font-size: 12pt;\">Harmonogram \u201eDni Seniora\u201d dost\u0119pny na :<a href=\"http:\/\/www.seniorzy.wroclaw.pl\/Program-Dni-Seniora-2020\">http:\/\/www.seniorzy.wroclaw.pl\/Program-Dni-Seniora-2020<\/a><a href=\"http:\/\/www.seniorzy.wroclaw.pl\/Program-Dni-Seniora-2020\">\u00a0<\/a> <\/span><\/p>\n<p style=\"text-align: center;\" align=\"justify\"><span style=\"font-family: georgia, palatino, serif; font-size: 12pt;\">Zach\u0119camy do zapoznania si\u0119 z harmonogramem i wsp\u00f3lnego \u015bwi\u0119towania.<\/span><\/p>\n<p style=\"text-align: center;\" align=\"justify\"><div class=\"su-custom-gallery su-custom-gallery-align-left su-custom-gallery-title-never\"><div class=\"su-custom-gallery-slide\" style=\"width:700px;height:500px\"><a href=\"https:\/\/smwroclaw.pl\/wp-content\/uploads\/2020\/09\/Statuetka-Pawe\u0142-1.jpg\" title=\"Statuetka Pawe\u0142 1\"><img fetchpriority=\"high\" decoding=\"async\" src=\"https:\/\/smwroclaw.pl\/wp-content\/uploads\/2020\/09\/Statuetka-Pawe\u0142-1-700x500.jpg\" alt=\"Statuetka Pawe\u0142 1\" width=\"700\" height=\"500\" \/><span class=\"su-custom-gallery-title\">Statuetka Pawe\u0142 1<\/span><\/a><\/div><div class=\"su-custom-gallery-slide\" style=\"width:700px;height:500px\"><a href=\"https:\/\/smwroclaw.pl\/wp-content\/uploads\/2020\/09\/DS12.jpg\" title=\"DS12\"><img decoding=\"async\" src=\"https:\/\/smwroclaw.pl\/wp-content\/uploads\/2020\/09\/DS12-700x500.jpg\" alt=\"DS12\" width=\"700\" height=\"500\" \/><span class=\"su-custom-gallery-title\">DS12<\/span><\/a><\/div><div class=\"su-custom-gallery-slide\" style=\"width:700px;height:500px\"><a href=\"https:\/\/smwroclaw.pl\/wp-content\/uploads\/2020\/09\/DS3.jpg\" title=\"DS3\"><img decoding=\"async\" src=\"https:\/\/smwroclaw.pl\/wp-content\/uploads\/2020\/09\/DS3-700x500.jpg\" alt=\"DS3\" width=\"700\" height=\"500\" \/><span class=\"su-custom-gallery-title\">DS3<\/span><\/a><\/div><div class=\"su-custom-gallery-slide\" style=\"width:700px;height:500px\"><a href=\"https:\/\/smwroclaw.pl\/wp-content\/uploads\/2020\/09\/DS15.jpg\" title=\"DS15\"><img loading=\"lazy\" decoding=\"async\" src=\"https:\/\/smwroclaw.pl\/wp-content\/uploads\/2020\/09\/DS15-700x500.jpg\" alt=\"DS15\" width=\"700\" height=\"500\" \/><span class=\"su-custom-gallery-title\">DS15<\/span><\/a><\/div><div class=\"su-custom-gallery-slide\" style=\"width:700px;height:500px\"><a href=\"https:\/\/smwroclaw.pl\/wp-content\/uploads\/2020\/09\/DS16.jpg\" title=\"DS16\"><img loading=\"lazy\" decoding=\"async\" src=\"https:\/\/smwroclaw.pl\/wp-content\/uploads\/2020\/09\/DS16-700x500.jpg\" alt=\"DS16\" width=\"700\" height=\"500\" \/><span class=\"su-custom-gallery-title\">DS16<\/span><\/a><\/div><div class=\"su-custom-gallery-slide\" style=\"width:700px;height:500px\"><a href=\"https:\/\/smwroclaw.pl\/wp-content\/uploads\/2020\/09\/DS10.jpg\" title=\"DS10\"><img loading=\"lazy\" decoding=\"async\" src=\"https:\/\/smwroclaw.pl\/wp-content\/uploads\/2020\/09\/DS10-700x500.jpg\" alt=\"DS10\" width=\"700\" height=\"500\" \/><span class=\"su-custom-gallery-title\">DS10<\/span><\/a><\/div><div class=\"su-custom-gallery-slide\" style=\"width:700px;height:500px\"><a href=\"https:\/\/smwroclaw.pl\/wp-content\/uploads\/2020\/09\/DS8.jpg\" title=\"DS8\"><img loading=\"lazy\" decoding=\"async\" src=\"https:\/\/smwroclaw.pl\/wp-content\/uploads\/2020\/09\/DS8-700x500.jpg\" alt=\"DS8\" width=\"700\" height=\"500\" \/><span class=\"su-custom-gallery-title\">DS8<\/span><\/a><\/div><div class=\"su-custom-gallery-slide\" style=\"width:700px;height:500px\"><a href=\"https:\/\/smwroclaw.pl\/wp-content\/uploads\/2020\/09\/DS7.jpg\" title=\"DS7\"><img loading=\"lazy\" decoding=\"async\" src=\"https:\/\/smwroclaw.pl\/wp-content\/uploads\/2020\/09\/DS7-700x500.jpg\" alt=\"DS7\" width=\"700\" height=\"500\" \/><span class=\"su-custom-gallery-title\">DS7<\/span><\/a><\/div><div class=\"su-custom-gallery-slide\" style=\"width:700px;height:500px\"><a href=\"https:\/\/smwroclaw.pl\/wp-content\/uploads\/2020\/09\/DS4.jpg\" title=\"DS4\"><img loading=\"lazy\" decoding=\"async\" src=\"https:\/\/smwroclaw.pl\/wp-content\/uploads\/2020\/09\/DS4-700x500.jpg\" alt=\"DS4\" width=\"700\" height=\"500\" \/><span class=\"su-custom-gallery-title\">DS4<\/span><\/a><\/div><div class=\"su-custom-gallery-slide\" style=\"width:700px;height:500px\"><a href=\"https:\/\/smwroclaw.pl\/wp-content\/uploads\/2020\/09\/DS1.jpg\" title=\"DS1\"><img loading=\"lazy\" decoding=\"async\" src=\"https:\/\/smwroclaw.pl\/wp-content\/uploads\/2020\/09\/DS1-700x500.jpg\" alt=\"DS1\" width=\"700\" height=\"500\" \/><span class=\"su-custom-gallery-title\">DS1<\/span><\/a><\/div><div class=\"su-custom-gallery-slide\" style=\"width:700px;height:500px\"><a href=\"https:\/\/smwroclaw.pl\/wp-content\/uploads\/2020\/09\/DS18.jpg\" title=\"DS18\"><img loading=\"lazy\" decoding=\"async\" src=\"https:\/\/smwroclaw.pl\/wp-content\/uploads\/2020\/09\/DS18-700x500.jpg\" alt=\"DS18\" width=\"700\" height=\"500\" \/><span class=\"su-custom-gallery-title\">DS18<\/span><\/a><\/div><div class=\"su-clear\"><\/div><\/div>\n<p align=\"justify\">BD<\/p>\n","protected":false},"excerpt":{"rendered":"<p>Dzi\u015b o godzinie 10:00 odby\u0142a si\u0119 uroczysta inauguracja \u201eDni Seniora\u201d obok Narodowego Forum Muzyki, na pl. Wolno\u015bci. Na obchodach nie mog\u0142o zabrakn\u0105\u0107 naszego funkcjonariusza \u2013 st. insp. Paw\u0142a Gr\u0105bczewskiego, znanego we Wroc\u0142awiu przyjaciela senior\u00f3w. W ubieg\u0142ym roku zosta\u0142 on nagrodzony statuetk\u0105 &#8222;Przyjaciel seniora&#8221;, za wieloletni\u0105 dzia\u0142alno\u015b\u0107 na rzecz poprawy bezpiecze\u0144stwa naszych najstarszych mieszka\u0144c\u00f3w, serdeczno\u015b\u0107 oraz [&hellip;]<\/p>\n","protected":false},"author":7,"featured_media":13290,"comment_status":"closed","ping_status":"closed","sticky":false,"template":"","format":"standard","meta":{"footnotes":""},"categories":[16],"tags":[],"class_list":["post-13289","post","type-post","status-publish","format-standard","has-post-thumbnail","hentry","category-aktual"],"_links":{"self":[{"href":"https:\/\/smwroclaw.pl\/index.php?rest_route=\/wp\/v2\/posts\/13289","targetHints":{"allow":["GET"]}}],"collection":[{"href":"https:\/\/smwroclaw.pl\/index.php?rest_route=\/wp\/v2\/posts"}],"about":[{"href":"https:\/\/smwroclaw.pl\/index.php?rest_route=\/wp\/v2\/types\/post"}],"author":[{"embeddable":true,"href":"https:\/\/smwroclaw.pl\/index.php?rest_route=\/wp\/v2\/users\/7"}],"replies":[{"embeddable":true,"href":"https:\/\/smwroclaw.pl\/index.php?rest_route=%2Fwp%2Fv2%2Fcomments&post=13289"}],"version-history":[{"count":2,"href":"https:\/\/smwroclaw.pl\/index.php?rest_route=\/wp\/v2\/posts\/13289\/revisions"}],"predecessor-version":[{"id":13303,"href":"https:\/\/smwroclaw.pl\/index.php?rest_route=\/wp\/v2\/posts\/13289\/revisions\/13303"}],"wp:featuredmedia":[{"embeddable":true,"href":"https:\/\/smwroclaw.pl\/index.php?rest_route=\/wp\/v2\/media\/13290"}],"wp:attachment":[{"href":"https:\/\/smwroclaw.pl\/index.php?rest_route=%2Fwp%2Fv2%2Fmedia&parent=13289"}],"wp:term":[{"taxonomy":"category","embeddable":true,"href":"https:\/\/smwroclaw.pl\/index.php?rest_route=%2Fwp%2Fv2%2Fcategories&post=13289"},{"taxonomy":"post_tag","embeddable":true,"href":"https:\/\/smwroclaw.pl\/index.php?rest_route=%2Fwp%2Fv2%2Ftags&post=13289"}],"curies":[{"name":"wp","href":"https:\/\/api.w.org\/{rel}","templated":true}]}}