{"id":13379,"date":"2020-09-25T12:30:36","date_gmt":"2020-09-25T10:30:36","guid":{"rendered":"http:\/\/smwroclaw.pl\/?p=13379"},"modified":"2020-09-25T12:36:05","modified_gmt":"2020-09-25T10:36:05","slug":"straz-miejska-wroclawia-29-lat-w-sluzbie-spolecznosci-lokalnej-czytaj-dalej","status":"publish","type":"post","link":"https:\/\/smwroclaw.pl\/?p=13379","title":{"rendered":"STRA\u017b MIEJSKA WROC\u0141AWIA &#8211; 29 LAT W S\u0141U\u017bBIE SPO\u0141ECZNO\u015aCI LOKALNEJ (czytaj dalej)"},"content":{"rendered":"<p style=\"text-align: justify;\"><span style=\"font-family: georgia, palatino, serif; font-size: 12pt;\">Wraz z powrotem zasad demokratycznych w Polsce i przekazaniem w\u0142adzom terenowym uprawnie\u0144 w sferze porz\u0105dku i bezpiecze\u0144stwa publicznego zosta\u0142y one podzielone pomi\u0119dzy organy administracji rz\u0105dowej i samorz\u0105dowej. Bezpiecze\u0144stwo kojarzymy najcz\u0119\u015bciej ze sprawn\u0105 i skutecznie dzia\u0142aj\u0105c\u0105 Policj\u0105. Niemniej w du\u017cych aglomeracjach miejskich funkcj\u0119 t\u0119 pe\u0142ni r\u00f3wnie\u017c Stra\u017c Miejska. Wzoruj\u0105c si\u0119 na rozwi\u0105zaniach zagranicznych, nowa formacja mia\u0142a by\u0107 przeznaczona do zajmowania si\u0119 drobnymi naruszeniami porz\u0105dku, zw\u0142aszcza tych uci\u0105\u017cliwych i k\u0142opotliwych dla mieszka\u0144c\u00f3w. Ustawa z dnia 6 kwietnia 1990 r. o Policji (Dz.U. Nr 30\/90 poz. 179) da\u0142a mo\u017cliwo\u015b\u0107 w\u0142adzom gminnym powo\u0142ywania formacji parapolicyjnych, zwanych Stra\u017cami Miejskimi<\/span><\/p>\n<p><!--more--><\/p>\n<p style=\"text-align: justify;\"><span style=\"font-family: georgia, palatino, serif; font-size: 12pt;\">Czekaj\u0105c na zatwierdzenie statutu nowej formacji, w\u0142adze Wroc\u0142awia powo\u0142a\u0142y do \u017cycia organ interwencyjno-porz\u0105dkowy, nazwany Miejsk\u0105 S\u0142u\u017cb\u0119 Interwencyjn\u0105. Stanowi\u0142 on wydzia\u0142 Urz\u0119du Miejskiego i\u00a0podlega\u0142 bezpo\u015brednio \u00f3wczesnemu wiceprezydentowi miasta Krzysztofowi Turkowskiemu. Do uprawnie\u0144 Miejskiej S\u0142u\u017cby Interwencyjnej nale\u017ca\u0142o: kontrola i\u00a0egzekwowanie przepis\u00f3w porz\u0105dkowych; sporz\u0105dzanie wniosk\u00f3w do kolegi\u00f3w za wykroczenia w\u00a0sprawach: sanitarnych, estetyki obiekt\u00f3w u\u017cyteczno\u015bci publicznej, porz\u0105dku i\u00a0czysto\u015bci, parkowania samochod\u00f3w itp. Pocz\u0105tkowo zatrudnienie w\u00a0Miejskiej S\u0142u\u017cby Interwencyjnej znalaz\u0142o 19 os\u00f3b, p\u00f3\u017aniej liczba ta wzros\u0142a do 22. Jej pracownicy chodzili ubrani po cywilnemu.<\/span><\/p>\n<p>&nbsp;<\/p>\n<p><img fetchpriority=\"high\" decoding=\"async\" class=\"size-full wp-image-13383 aligncenter\" src=\"https:\/\/smwroclaw.pl\/wp-content\/uploads\/2020\/09\/MSI.png\" alt=\"\" width=\"602\" height=\"370\" srcset=\"https:\/\/smwroclaw.pl\/wp-content\/uploads\/2020\/09\/MSI.png 602w, https:\/\/smwroclaw.pl\/wp-content\/uploads\/2020\/09\/MSI-300x184.png 300w\" sizes=\"(max-width: 602px) 100vw, 602px\" \/><\/p>\n<p>&nbsp;<\/p>\n<p style=\"text-align: justify;\"><span style=\"font-family: georgia, palatino, serif; font-size: 12pt;\">Stra\u017c Miejska Wroc\u0142awia\u00a0 zosta\u0142a powo\u0142ana 25 wrze\u015bnia 1991 r. przez \u00a0Prezydenta Miasta Wroc\u0142awia. Prezydent Bogdan Zdrojewski nada\u0142 jej statut okre\u015blaj\u0105cy prawa i\u00a0obowi\u0105zki, struktur\u0119 organizacyjn\u0105, wz\u00f3r umundurowania itp. Utworzona w\u00a01991 r. Stra\u017c Miejska sta\u0142a si\u0119 jednostk\u0105 organizacyjn\u0105 Gminy Wroc\u0142aw, podporz\u0105dkowan\u0105 bezpo\u015brednio wiceprezydentowi Wroc\u0142awia. <\/span><\/p>\n<p>&nbsp;<\/p>\n<p><img decoding=\"async\" class=\" wp-image-13385 aligncenter\" src=\"https:\/\/smwroclaw.pl\/wp-content\/uploads\/2020\/09\/retro-2.png\" alt=\"\" width=\"541\" height=\"510\" srcset=\"https:\/\/smwroclaw.pl\/wp-content\/uploads\/2020\/09\/retro-2.png 769w, https:\/\/smwroclaw.pl\/wp-content\/uploads\/2020\/09\/retro-2-300x283.png 300w\" sizes=\"(max-width: 541px) 100vw, 541px\" \/><\/p>\n<p>&nbsp;<\/p>\n<p style=\"text-align: justify;\"><span style=\"font-family: georgia, palatino, serif; font-size: 12pt;\">Pierwsze umundurowane patrole wyruszy\u0142y na ulice miasta jeszcze we wrze\u015bniu. Mundury nowej formacji by\u0142y wzorowane na uniformach stra\u017cy po\u017carnej. Funkcjonariusze nosili czapki garnizonowe z\u00a0otokami w\u00a0barwach miasta i\u00a0z\u00a0herbem Wroc\u0142awia. Na lewej piersi r\u00f3wnie\u017c przypinany by\u0142 herb Wroc\u0142awia. Na prawej piesi noszono prostok\u0105tn\u0105 tabliczk\u0119 z\u00a0 numerem s\u0142u\u017cbowym. Na lewym r\u0119kawie umieszczano naszywk\u0119 z\u00a0napisem \u201eStra\u017c Miejska Wroc\u0142aw\u201d, a\u00a0pod ni\u0105 dystynkcj\u0119 oznaczaj\u0105c\u0105 stopie\u0144 s\u0142u\u017cbowy stra\u017cnika. Na prawym r\u0119kawie naszyty by\u0142 r\u00f3wnie\u017c herb miasta.<\/span><\/p>\n<p>&nbsp;<\/p>\n<p><img decoding=\"async\" class=\" wp-image-13384 aligncenter\" src=\"https:\/\/smwroclaw.pl\/wp-content\/uploads\/2020\/09\/retro.png\" alt=\"\" width=\"450\" height=\"552\" srcset=\"https:\/\/smwroclaw.pl\/wp-content\/uploads\/2020\/09\/retro.png 523w, https:\/\/smwroclaw.pl\/wp-content\/uploads\/2020\/09\/retro-245x300.png 245w\" sizes=\"(max-width: 450px) 100vw, 450px\" \/><\/p>\n<p>&nbsp;<\/p>\n<p style=\"text-align: justify;\"><span style=\"font-family: georgia, palatino, serif; font-size: 12pt;\">29 sierpnia 1997 r. uchwalona zosta\u0142a ustawa o\u00a0 stra\u017cach gminnych. Od 2010 r. w\u00a0ca\u0142ej Polsce 29 sierpnia obchodzony jest Dzie\u0144 Stra\u017cy Gminnej. \u015awi\u0119to Stra\u017cy Miejskiej Wroc\u0142awia obchodzone jest 25 wrze\u015bnia.<\/span><\/p>\n<p style=\"text-align: justify;\"><span style=\"font-family: georgia, palatino, serif; font-size: 12pt;\">Pierwszym komendantem by\u0142 Jerzy Laszczak. W\u00a02000\u00a0roku jego nast\u0119pc\u0105 zosta\u0142 Jaros\u0142aw \u0141aganowski, kt\u00f3ry swoj\u0105 funkcj\u0119 pe\u0142ni\u0142 do 2008 roku. Obecnym komendantem jest Zbigniew S\u0142ysz.<\/span><\/p>\n<p style=\"text-align: justify;\"><span style=\"font-family: georgia, palatino, serif; font-size: 12pt;\">Ju\u017c pod koniec 1992 r. pojawi\u0142y si\u0119 plany wyposa\u017cenia Stra\u017cy Miejskiej w\u00a0konie. W\u00a01995 r. rozpocz\u0119\u0142o si\u0119 szkolenie pierwszych funkcjonariuszy w\u00a0 je\u017adzie konnej. W\u00a0lipcu 1996 r. do Wroc\u0142awia dotar\u0142y cztery pi\u0119cioletnie wa\u0142achy\u2013 Sygnet, Ataman, Etat i\u00a0Krater. Konie dla Stra\u017cy Miejskiej ufundowa\u0142o Miejskie Przedsi\u0119biorstwo Wodoci\u0105g\u00f3w i\u00a0 Kanalizacji do ochrony rozleg\u0142ych i\u00a0podmok\u0142ych \u2013 niedost\u0119pnych dla samochod\u00f3w \u2013 teren\u00f3w wodono\u015bnych miasta<\/span><\/p>\n<p style=\"text-align: justify;\"><span style=\"font-family: georgia, palatino, serif; font-size: 12pt;\">Latem 1997 roku Wroc\u0142aw nawiedzi\u0142a pow\u00f3d\u017a tysi\u0105clecia. Od 7 lipca Stra\u017c Miejska Wroc\u0142awia prowadzi\u0142a dzia\u0142ania zwi\u0105zane z\u00a0monitorowaniem wa\u0142\u00f3w oraz sprawdzaniem ich stanu technicznego. W\u00a0czasie tego kataklizmu 150 stra\u017cnik\u00f3w pracowa\u0142o non stop, szczeg\u00f3lnie na Biskupinie, Swojczycach, Kozanowie, Opatowicach i\u00a0 w\u00a0 Radwanicach. Przed wod\u0105 bronili r\u00f3wnie\u017c Ostr\u00f3w Tumski. Stra\u017c Miejska wsp\u00f3\u0142dzia\u0142a\u0142a z\u00a0Miejskim i\u00a0Wojew\u00f3dzkim Sztabem Przeciwpowodziowym. Kr\u00f3tkofal\u00f3wkami przekazywano polecenia i\u00a0 sk\u0142adano meldunki o\u00a0 panuj\u0105cej sytuacji, dzi\u0119ki czemu ci\u0119\u017car\u00f3wki z\u00a0 piaskiem, workami i\u00a0zaopatrzeniem mog\u0142y szybko przyby\u0107 w\u00a0miejsca szczeg\u00f3lnie zagro\u017cone. Funkcjonariusze Stra\u017cy uczestniczyli r\u00f3wnie\u017c w\u00a0eskortowaniu konwoj\u00f3w z\u00a0pomoc\u0105, u\u0142atwiaj\u0105c im przejazd przez miasto. Gdy cz\u0119\u015b\u0107 miasta zala\u0142a woda, stra\u017cnicy w\u00a0 \u0142odziach i\u00a0 pontonach, dostarczali najbardziej potrzebuj\u0105cym \u017cywno\u015b\u0107. Pomagali tak\u017ce przy ewakuacji ludno\u015bci z\u00a0miejsc dotkni\u0119tych tragedi\u0105. Nadzorowali magazyn dar\u00f3w znajduj\u0105cy si\u0119 w\u00a0cukrowni Klecina. Przed nadej\u015bciem drugiej fali wyposa\u017ceni w\u00a0 telefony kom\u00f3rkowe, radiostacje i\u00a0 pagery monitorowali stan nasi\u0105kni\u0119tych wa\u0142\u00f3w. Wspierani byli tak\u017ce przez 18 stra\u017cnik\u00f3w miejskich z\u00a0 Gda\u0144ska.<\/span><\/p>\n<p>&nbsp;<\/p>\n<p><img loading=\"lazy\" decoding=\"async\" class=\"size-full wp-image-13386 aligncenter\" src=\"https:\/\/smwroclaw.pl\/wp-content\/uploads\/2020\/09\/retro-3.jpg\" alt=\"\" width=\"647\" height=\"292\" srcset=\"https:\/\/smwroclaw.pl\/wp-content\/uploads\/2020\/09\/retro-3.jpg 647w, https:\/\/smwroclaw.pl\/wp-content\/uploads\/2020\/09\/retro-3-300x135.jpg 300w\" sizes=\"(max-width: 647px) 100vw, 647px\" \/><\/p>\n<p>&nbsp;<\/p>\n<p style=\"text-align: justify;\"><span style=\"font-family: georgia, palatino, serif; font-size: 12pt;\">Stra\u017c Miejska Wroc\u0142awia od 1999 r. obs\u0142uguje system monitoringu. Pierwsze cztery kamery, ukryte w\u00a0 stylizowanych lampach przymocowanych do naro\u017cnych kamienic zosta\u0142y zamontowane w\u00a0 Rynku, pi\u0105ta za\u015b na pl. Solnym. W\u00a0nast\u0119pnych latach dozorem wizyjnym obj\u0119ty zosta\u0142 m. in. Ostr\u00f3w Tumski. Obecnie jest to kilkaset kamer umiejscowionych w ca\u0142ym Wroc\u0142awiu.<\/span><\/p>\n<p style=\"text-align: justify;\"><span style=\"font-family: georgia, palatino, serif; font-size: 12pt;\">Centrum Kierowania Stra\u017cy Miejskiej zosta\u0142o utworzone w\u00a0kwietniu 2000 r. w\u00a0siedzibie Stra\u017cy Miejskiej Wroc\u0142awia w\u00a0Sukiennicach. W\u00a02003 r. przenios\u0142o si\u0119 ono do budynku Urz\u0119du Miejskiego przy ul. Zapolskiej, tam te\u017c zacz\u0119\u0142y stacjonowa\u0107 patrole interwencyjne dzia\u0142aj\u0105ce w\u00a0 dyspozycji Centrum Kierowania. W\u00a0 Centrum Kierowania pod numerem alarmowym 986 \u2013 dzia\u0142aj\u0105cym od 2001\u00a0r.. Obecnie\u00a0 Centrum Kierowania i Monitoringu\u00a0 mie\u015bci si\u0119 w budynku Wydzia\u0142u Bezpiecze\u0144stwa i Zarz\u0105dzania Kryzysowego UM przy ulicy Strzegomskiej\u00a0 148<\/span><\/p>\n<p style=\"text-align: justify;\"><span style=\"font-family: georgia, palatino, serif; font-size: 12pt;\">Stra\u017c Miejska Wroc\u0142awia otrzyma\u0142a 29 sierpnia 2011\u00a0r. z\u00a0 r\u0105k wiceprezydenta Wojciecha Adamskiego sw\u00f3j sztandar, b\u0119d\u0105cy wyr\u00f3\u017cnieniem i\u00a0 potwierdzeniem s\u0142u\u017cebnej roli formacji wobec spo\u0142eczno\u015bci lokalnej. Ufundowany on zosta\u0142 przez Rad\u0119 Miejsk\u0105 Wroc\u0142awia. Widnieje na nim, na szkar\u0142atnym tle has\u0142o \u201eW\u00a0 s\u0142u\u017cbie spo\u0142eczno\u015bci lokalnej\u201d wraz z\u00a0 or\u0142em Stra\u017cy Miejskiej. Na drugiej stronie, w\u00a0czerwono-\u017c\u00f3\u0142tych barwach miasta umieszczony jest herb Wroc\u0142awia wraz z\u00a0napisem \u201eStra\u017c Miejska Wroc\u0142awia\u201d.<\/span><\/p>\n<p style=\"text-align: justify;\"><span style=\"font-family: georgia, palatino, serif; font-size: 12pt;\">22 maja 2014 r. na sesji Rady Miejskiej Wroc\u0142awia\u00a0 przyj\u0119to uchwa\u0142\u0119 o utworzeniu\u00a0 30 etat\u00f3w stra\u017cniczych w zwi\u0105zku z realizacj\u0105 dzia\u0142a\u0144 dotycz\u0105cych\u00a0 kontroli gospodarki odpadami. Na tej podstawie utworzono Oddzia\u0142 Ochrony \u015arodowiska Stra\u017cy Miejskiej Wroc\u0142awia. Zajmuje si\u0119 on dzia\u0142aniami maj\u0105cymi ochroni\u0107 przed zanieczyszczeniami\u00a0 ziemi, wody i powietrza \u2013 przeciwdzia\u0142aniem powstawania w mie\u015bcie smogu, poprzez kontrol\u0119 instalacji grzewczych w zakresie spalania odpad\u00f3w i przestrzegania uchwa\u0142y antysmogowej, ujawnianiem sprawc\u00f3w postawania dzikich wysypisk \u015bmieci, ujawnianiem sprawc\u00f3w zrzutu nieczysto\u015bci do kanalizacji burzowej i row\u00f3w melioracyjnych.<\/span><\/p>\n<p style=\"text-align: justify;\"><span style=\"font-family: georgia, palatino, serif; font-size: 12pt;\">24 czerwca 2019 r. w dniu \u015awi\u0119ta Wroc\u0142awia, uruchomiono w Sukiennicach 12 (czyli w samym centrum Wroc\u0142aiwa) nowy posterunek Stra\u017cy Miejskiej Wroc\u0142awia &#8211;\u00a0 czynny przez 24 godziny na dob\u0119. Na oko\u0142o 130 metrach kwadratowych powierzchni, znalaz\u0142y si\u0119 dwa pomieszczenia operacyjne wyposa\u017cone w sprz\u0119t \u0142\u0105czno\u015bci, dost\u0119p do systemu kamer monitoringu miejskiego oraz w sprz\u0119t komputerowy.<\/span><\/p>\n<p style=\"text-align: justify;\"><span style=\"font-family: georgia, palatino, serif; font-size: 12pt;\">10 pa\u017adziernika 2019 r. nast\u0105pi\u0142o otwarcie nowej siedziby stra\u017cy miejskiej przy ulicy Na Grobli 14\/16 &#8211; sk\u0142ada si\u0119 ona z dw\u00f3ch budynk\u00f3w oraz du\u017cego parkingu, tak\u017ce z miejscami dla os\u00f3b niepe\u0142nosprawnych.<\/span><\/p>\n<p style=\"text-align: justify;\"><span style=\"font-family: georgia, palatino, serif; font-size: 12pt;\">W budynku g\u0142\u00f3wnym w\u00a0 jego cz\u0119\u015bci zabytkowej, wyremontowanej i dostosowanej do potrzeb stra\u017cy miejskiej \u2013 na oko\u0142o 1066 metrach kwadratowych powierzchni &#8211; mie\u015bci si\u0119 Komenda Stra\u017cy Miejskiej Wroc\u0142awia, Referat wykrocze\u0144, Zesp\u00f3\u0142 oskar\u017cycieli publicznych, Stanowisko do spraw kontroli i skarg, Zesp\u00f3\u0142 do spraw koordynacji program\u00f3w prewencyjnych, Stanowisko do spraw bezpiecze\u0144stwa informacji, Stanowisko do spraw analiz i planowania, Sekcja informatyki i \u0142\u0105czno\u015bci, Zesp\u00f3\u0142 szkolenia i doskonalenia zawodowego,\u00a0 Ksi\u0119gowo\u015b\u0107, Referat organizacyjno \u2013 prawny i kadry, Inspektor BHP, Radca Prawny, Referat Logistyki.<\/span><\/p>\n<p>&nbsp;<\/p>\n<p><img loading=\"lazy\" decoding=\"async\" class=\" wp-image-13387 aligncenter\" src=\"https:\/\/smwroclaw.pl\/wp-content\/uploads\/2020\/09\/retro-4.jpg\" alt=\"\" width=\"650\" height=\"433\" srcset=\"https:\/\/smwroclaw.pl\/wp-content\/uploads\/2020\/09\/retro-4.jpg 985w, https:\/\/smwroclaw.pl\/wp-content\/uploads\/2020\/09\/retro-4-300x200.jpg 300w, https:\/\/smwroclaw.pl\/wp-content\/uploads\/2020\/09\/retro-4-768x512.jpg 768w\" sizes=\"(max-width: 650px) 100vw, 650px\" \/><\/p>\n<p>&nbsp;<\/p>\n<p style=\"text-align: justify;\"><span style=\"font-family: georgia, palatino, serif; font-size: 12pt;\">W nowej cz\u0119\u015bci budynku, kt\u00f3ra ju\u017c od\u00a0 wrze\u015bnia br. b\u0119dzie adaptowana na potrzeby stra\u017cy miejskiej, na oko\u0142o 2750 metrach kwadratowych powierzchni &#8211;\u00a0 znajd\u0105 swoj\u0105 siedzib\u0119 stra\u017cnicy z Oddzia\u0142u Patrolowego, Oddzia\u0142u Interwencyjnego, magazyn mundurowy, magazyn depozytowy, archiwum zak\u0142adowe, szatnie. Umo\u017cliwi to przekazanie budynk\u00f3w mieszcz\u0105cych si\u0119 przy ulicy Pautscha i ulicy Wysokiej \u2013 miastu.<\/span><\/p>\n<p style=\"text-align: justify;\"><span style=\"font-family: georgia, palatino, serif; font-size: 12pt;\">Powstanie nowego posterunku w Sukiennicach, otwarcie nowej siedziby przy ulicy Na Grobli, wyposa\u017cenie stra\u017cnik\u00f3w w nowoczesne radiowozy i sprz\u0119t techniczny &#8211; to elementy wzmacniania \u0142adu, porz\u0105dku i poczucia bezpiecze\u0144stwa we Wroc\u0142awiu \u2013 jak deklarowa\u0142 Prezydent Wroc\u0142awia Jacek Sutryk: \u201eopracujemy i\u00a0wdro\u017cymy kilkuletni program dzia\u0142ania i\u00a0rozwoju Stra\u017cy Miejskiej Wroc\u0142awia\u201d.<\/span><\/p>\n<p>&nbsp;<\/p>\n","protected":false},"excerpt":{"rendered":"<p>Wraz z powrotem zasad demokratycznych w Polsce i przekazaniem w\u0142adzom terenowym uprawnie\u0144 w sferze porz\u0105dku i bezpiecze\u0144stwa publicznego zosta\u0142y one podzielone pomi\u0119dzy organy administracji rz\u0105dowej i samorz\u0105dowej. Bezpiecze\u0144stwo kojarzymy najcz\u0119\u015bciej ze sprawn\u0105 i skutecznie dzia\u0142aj\u0105c\u0105 Policj\u0105. Niemniej w du\u017cych aglomeracjach miejskich funkcj\u0119 t\u0119 pe\u0142ni r\u00f3wnie\u017c Stra\u017c Miejska. Wzoruj\u0105c si\u0119 na rozwi\u0105zaniach zagranicznych, nowa formacja mia\u0142a [&hellip;]<\/p>\n","protected":false},"author":4,"featured_media":10214,"comment_status":"closed","ping_status":"closed","sticky":false,"template":"","format":"standard","meta":{"footnotes":""},"categories":[16],"tags":[],"class_list":["post-13379","post","type-post","status-publish","format-standard","has-post-thumbnail","hentry","category-aktual"],"_links":{"self":[{"href":"https:\/\/smwroclaw.pl\/index.php?rest_route=\/wp\/v2\/posts\/13379","targetHints":{"allow":["GET"]}}],"collection":[{"href":"https:\/\/smwroclaw.pl\/index.php?rest_route=\/wp\/v2\/posts"}],"about":[{"href":"https:\/\/smwroclaw.pl\/index.php?rest_route=\/wp\/v2\/types\/post"}],"author":[{"embeddable":true,"href":"https:\/\/smwroclaw.pl\/index.php?rest_route=\/wp\/v2\/users\/4"}],"replies":[{"embeddable":true,"href":"https:\/\/smwroclaw.pl\/index.php?rest_route=%2Fwp%2Fv2%2Fcomments&post=13379"}],"version-history":[{"count":6,"href":"https:\/\/smwroclaw.pl\/index.php?rest_route=\/wp\/v2\/posts\/13379\/revisions"}],"predecessor-version":[{"id":13391,"href":"https:\/\/smwroclaw.pl\/index.php?rest_route=\/wp\/v2\/posts\/13379\/revisions\/13391"}],"wp:featuredmedia":[{"embeddable":true,"href":"https:\/\/smwroclaw.pl\/index.php?rest_route=\/wp\/v2\/media\/10214"}],"wp:attachment":[{"href":"https:\/\/smwroclaw.pl\/index.php?rest_route=%2Fwp%2Fv2%2Fmedia&parent=13379"}],"wp:term":[{"taxonomy":"category","embeddable":true,"href":"https:\/\/smwroclaw.pl\/index.php?rest_route=%2Fwp%2Fv2%2Fcategories&post=13379"},{"taxonomy":"post_tag","embeddable":true,"href":"https:\/\/smwroclaw.pl\/index.php?rest_route=%2Fwp%2Fv2%2Ftags&post=13379"}],"curies":[{"name":"wp","href":"https:\/\/api.w.org\/{rel}","templated":true}]}}