{"id":13535,"date":"2020-09-28T07:23:52","date_gmt":"2020-09-28T05:23:52","guid":{"rendered":"http:\/\/smwroclaw.pl\/?p=13535"},"modified":"2020-09-28T07:24:23","modified_gmt":"2020-09-28T05:24:23","slug":"straz-miejska-wroclawia-przypomina-o-obowiazku-skladania-deklaracji-smieciowych-czytaj-dalej","status":"publish","type":"post","link":"https:\/\/smwroclaw.pl\/?p=13535","title":{"rendered":"STRA\u017b MIEJSKA WROC\u0141AWIA PRZYPOMINA O OBOWI\u0104ZKU SK\u0141ADANIA DEKLARACJI \u015aMIECIOWYCH (czytaj dalej)"},"content":{"rendered":"<h3 style=\"text-align: justify;\"><strong><span style=\"font-family: georgia, palatino, serif; font-size: 12pt; color: #000000;\">Od 1 wrze\u015bnia:<\/span><\/strong><\/h3>\n<ul style=\"text-align: justify;\">\n<li><span style=\"font-family: georgia, palatino, serif; font-size: 12pt; color: #000000;\">w\u0142a\u015bciciele nieruchomo\u015bci zamieszka\u0142ych, kt\u00f3rzy dotychczas deklarowali nieselektywny spos\u00f3b gromadzenia odpad\u00f3w, maj\u0105 obowi\u0105zek z\u0142o\u017cenia nowych deklaracji ze wskazaniem stawki op\u0142aty obowi\u0105zuj\u0105cej dla zbi\u00f3rki selektywnej.<\/span><\/li>\n<\/ul>\n<p>&nbsp;<\/p>\n<p>&nbsp;<\/p>\n<h3 style=\"text-align: justify;\"><strong><span style=\"font-family: georgia, palatino, serif; font-size: 12pt; color: #000000;\">Do 10 pa\u017adziernika:<\/span><\/strong><\/h3>\n<ul style=\"text-align: justify;\">\n<li><span style=\"font-family: georgia, palatino, serif; font-size: 12pt; color: #000000;\">w\u0142a\u015bciciele nieruchomo\u015bci <strong>zamieszka\u0142ych jednorodzinnych<\/strong>, kt\u00f3rzy zamierzaj\u0105 zadeklarowa\u0107 kompostowanie bioodpad\u00f3w w przydomowych kompostownikach s\u0105 zobowi\u0105zani do z\u0142o\u017cenia nowej deklaracji;<\/span><\/li>\n<li><span style=\"font-family: georgia, palatino, serif; font-size: 12pt; color: #000000;\">w\u0142a\u015bciciele\u00a0nieruchomo\u015bci <strong>niezamieszka\u0142ych<\/strong>, kt\u00f3rzy chc\u0105, aby Gmina Wroc\u0142aw odbiera\u0142a odpady z ich nieruchomo\u015bci po 1\u00a0wrze\u015bnia 2020 r., musz\u0105 z\u0142o\u017cy\u0107\u00a0pisemn\u0105 zgod\u0119 na przyst\u0105pienie do systemu gospodarowania odpadami komunalnymi wraz z now\u0105 deklaracj\u0105. Je\u015bli tego nie zrobi\u0105, gmina zaprzestanie odbierania odpad\u00f3w komunalnych z\u00a0ich nieruchomo\u015bci;<\/span><\/li>\n<li><span style=\"font-family: georgia, palatino, serif; font-size: 12pt; color: #000000;\">w\u0142a\u015bciciele nieruchomo\u015bci<strong> \u201emieszanych\u201d<\/strong>, tj.\u00a0w cz\u0119\u015bci zamieszka\u0142ych a w cz\u0119\u015bci niezamieszka\u0142ych, pozostaj\u0105 obowi\u0105zkowo obj\u0119ci gminnym systemem gospodarowania odpadami komunalnymi. Z uwagi na zmian\u0119 metody naliczania op\u0142aty dla lokali u\u017cytkowych, wynikaj\u0105c\u0105 z rz\u0105dowej ustawy, wprowadzono naliczanie op\u0142aty za odbi\u00f3r i zagospodarowanie odpad\u00f3w z ka\u017cdej z pi\u0119ciu obowi\u0105zkowych frakcji. W zwi\u0105zku z tym nale\u017cy z\u0142o\u017cy\u0107 nowe deklaracje obowi\u0105zuj\u0105ce od 1 wrze\u015bnia.<\/span><\/li>\n<\/ul>\n<p><!--more--><\/p>\n<p>&nbsp;<\/p>\n<h3 style=\"text-align: justify;\"><strong><span style=\"font-family: georgia, palatino, serif; font-size: 12pt; color: #000000;\">15 pa\u017adziernika:<\/span><\/strong><\/h3>\n<ul style=\"text-align: justify;\">\n<li><span style=\"font-family: georgia, palatino, serif; font-size: 12pt; color: #000000;\">up\u0142ywa pierwszy termin p\u0142atno\u015bci po nowych stawkach dla w\u0142a\u015bcicieli nieruchomo\u015bci zamieszka\u0142ych, kt\u00f3rzy przed wej\u015bciem w \u017cycie nowych uchwa\u0142 zadeklarowali segregacj\u0119 odpad\u00f3w. Otrzymaj\u0105 oni zawiadomienie o zmienionej wysoko\u015bci op\u0142aty i nie maj\u0105 obowi\u0105zku sk\u0142adania nowych deklaracji.<\/span><\/li>\n<\/ul>\n<h2 style=\"text-align: justify;\"><strong><span style=\"font-family: georgia, palatino, serif; font-size: 12pt; color: #000000;\">Deklaracj\u0119 \u015bmieciowa\u00a0i inne wymagane dokumenty mo\u017cna:<\/span><\/strong><\/h2>\n<ul>\n<li style=\"text-align: justify;\"><span style=\"font-family: georgia, palatino, serif; font-size: 12pt; color: #000000;\"><strong>przes\u0142a\u0107 poczt\u0105 <\/strong>na adres: Urz\u0105d Miejski Wroc\u0142awia, Centrum Obs\u0142ugi Podatnika, ul. Kotlarska 41, 50-151 Wroc\u0142aw,<\/span><\/li>\n<li style=\"text-align: justify;\"><span style=\"font-family: georgia, palatino, serif; font-size: 12pt; color: #000000;\"><strong>z\u0142o\u017cy\u0107<\/strong> w Centrum Obs\u0142ugi Podatnika przy ul. Kotlarskiej 41 oraz przy ul. G. Zapolskiej 4 (w\u00a0sali obs\u0142ugi nr 3, stanowisko 16).<\/span><\/li>\n<\/ul>\n<p><span style=\"font-size: 12pt; color: #000000;\"><strong><span style=\"font-size: 14pt; color: #003366;\">wi\u0119cej informacji: <\/span><\/strong><a style=\"color: #000000;\" href=\"https:\/\/www.wroclaw.pl\/portal\/deklaracja-smieciowa\"><span style=\"font-size: 14pt; color: #003366;\"><strong>https:\/\/www.wroclaw.pl\/portal\/deklaracja-smieciowa<\/strong><\/span><\/a><\/span><\/p>\n<p>wf<\/p>\n","protected":false},"excerpt":{"rendered":"<p>Od 1 wrze\u015bnia: w\u0142a\u015bciciele nieruchomo\u015bci zamieszka\u0142ych, kt\u00f3rzy dotychczas deklarowali nieselektywny spos\u00f3b gromadzenia odpad\u00f3w, maj\u0105 obowi\u0105zek z\u0142o\u017cenia nowych deklaracji ze wskazaniem stawki op\u0142aty obowi\u0105zuj\u0105cej dla zbi\u00f3rki selektywnej. &nbsp; &nbsp; Do 10 pa\u017adziernika: w\u0142a\u015bciciele nieruchomo\u015bci zamieszka\u0142ych jednorodzinnych, kt\u00f3rzy zamierzaj\u0105 zadeklarowa\u0107 kompostowanie bioodpad\u00f3w w przydomowych kompostownikach s\u0105 zobowi\u0105zani do z\u0142o\u017cenia nowej deklaracji; w\u0142a\u015bciciele\u00a0nieruchomo\u015bci niezamieszka\u0142ych, kt\u00f3rzy chc\u0105, aby Gmina [&hellip;]<\/p>\n","protected":false},"author":4,"featured_media":12107,"comment_status":"closed","ping_status":"closed","sticky":false,"template":"","format":"standard","meta":{"footnotes":""},"categories":[16],"tags":[],"class_list":["post-13535","post","type-post","status-publish","format-standard","has-post-thumbnail","hentry","category-aktual"],"_links":{"self":[{"href":"https:\/\/smwroclaw.pl\/index.php?rest_route=\/wp\/v2\/posts\/13535","targetHints":{"allow":["GET"]}}],"collection":[{"href":"https:\/\/smwroclaw.pl\/index.php?rest_route=\/wp\/v2\/posts"}],"about":[{"href":"https:\/\/smwroclaw.pl\/index.php?rest_route=\/wp\/v2\/types\/post"}],"author":[{"embeddable":true,"href":"https:\/\/smwroclaw.pl\/index.php?rest_route=\/wp\/v2\/users\/4"}],"replies":[{"embeddable":true,"href":"https:\/\/smwroclaw.pl\/index.php?rest_route=%2Fwp%2Fv2%2Fcomments&post=13535"}],"version-history":[{"count":6,"href":"https:\/\/smwroclaw.pl\/index.php?rest_route=\/wp\/v2\/posts\/13535\/revisions"}],"predecessor-version":[{"id":13541,"href":"https:\/\/smwroclaw.pl\/index.php?rest_route=\/wp\/v2\/posts\/13535\/revisions\/13541"}],"wp:featuredmedia":[{"embeddable":true,"href":"https:\/\/smwroclaw.pl\/index.php?rest_route=\/wp\/v2\/media\/12107"}],"wp:attachment":[{"href":"https:\/\/smwroclaw.pl\/index.php?rest_route=%2Fwp%2Fv2%2Fmedia&parent=13535"}],"wp:term":[{"taxonomy":"category","embeddable":true,"href":"https:\/\/smwroclaw.pl\/index.php?rest_route=%2Fwp%2Fv2%2Fcategories&post=13535"},{"taxonomy":"post_tag","embeddable":true,"href":"https:\/\/smwroclaw.pl\/index.php?rest_route=%2Fwp%2Fv2%2Ftags&post=13535"}],"curies":[{"name":"wp","href":"https:\/\/api.w.org\/{rel}","templated":true}]}}