{"id":13554,"date":"2020-09-29T10:14:28","date_gmt":"2020-09-29T08:14:28","guid":{"rendered":"http:\/\/smwroclaw.pl\/?p=13554"},"modified":"2020-09-29T10:34:21","modified_gmt":"2020-09-29T08:34:21","slug":"oczyszczamy-wroclaw-z-wrakow-zdjecia","status":"publish","type":"post","link":"https:\/\/smwroclaw.pl\/?p=13554","title":{"rendered":"OCZYSZCZAMY WROC\u0141AW Z WRAK\u00d3W (zdj\u0119cia)"},"content":{"rendered":"<p style=\"text-align: justify;\"><span style=\"font-family: georgia, palatino, serif; font-size: 12pt;\">Stra\u017cnicy miejscy ca\u0142y czas w oparciu o <strong>art 50a Prawa o ruchu drogowym<\/strong> (pojazd pozostawiony bez tablic rejestracyjnych lub pojazd, kt\u00f3rego stan wskazuje na to, \u017ce nie jest u\u017cywany, mo\u017ce zosta\u0107 usuni\u0119ty z drogi przez stra\u017c gminn\u0105 lub Policj\u0119 na koszt w\u0142a\u015bciciela lub posiadacza) &#8211;\u00a0\u00a0 prowadz\u0105 dzia\u0142ania, kt\u00f3re uwalniaj\u0105 chodniki, jezdnie i podw\u00f3rka z pojazd\u00f3w kt\u00f3re ju\u017c dawno utraci\u0142y swoje walory u\u017cytkowe. W wielu przypadkach blokowa\u0142y miejsce innym pojazdom, stwarza\u0142y potencjalne zagro\u017cenie ekologiczne a tak\u017ce mog\u0142y by\u0107 przyczyn\u0105 nieszcz\u0119\u015bliwych wypadk\u00f3w (bawi\u0105ce si\u0119 w niezabezpieczonych pojazdach dzieci). <strong>W tym roku takich &#8222;wrak\u00f3w&#8221; stra\u017cnicy usun\u0119li 339 ( we wrze\u015bniu 27).<\/strong> Kolejne czekaj\u0105 na usuni\u0119cie. <strong>Dzi\u0119kujemy wszystkim osobom zg\u0142aszaj\u0105cym miejsca gdzie znajduj\u0105 si\u0119 &#8222;wraki&#8221;.<\/strong><\/span><\/p>\n<p><img fetchpriority=\"high\" decoding=\"async\" class=\" wp-image-13557 aligncenter\" src=\"https:\/\/smwroclaw.pl\/wp-content\/uploads\/2020\/09\/GNIE\u0179NIE\u0143SKA-rotated.jpg\" alt=\"\" width=\"380\" height=\"435\" srcset=\"https:\/\/smwroclaw.pl\/wp-content\/uploads\/2020\/09\/GNIE\u0179NIE\u0143SKA-rotated.jpg 556w, https:\/\/smwroclaw.pl\/wp-content\/uploads\/2020\/09\/GNIE\u0179NIE\u0143SKA-262x300.jpg 262w\" sizes=\"(max-width: 380px) 100vw, 380px\" \/><\/p>\n<p style=\"text-align: center;\"><span style=\"font-family: georgia, palatino, serif; font-size: 12pt;\"><strong>ulica Gnie\u017anie\u0144ska<\/strong><\/span><\/p>\n<p><!--more--><\/p>\n<p>&nbsp;<\/p>\n<p><img decoding=\"async\" class=\" wp-image-13559 aligncenter\" src=\"https:\/\/smwroclaw.pl\/wp-content\/uploads\/2020\/09\/ZAPOROSKA-DACIA-rotated.jpg\" alt=\"\" width=\"639\" height=\"734\" srcset=\"https:\/\/smwroclaw.pl\/wp-content\/uploads\/2020\/09\/ZAPOROSKA-DACIA-rotated.jpg 523w, https:\/\/smwroclaw.pl\/wp-content\/uploads\/2020\/09\/ZAPOROSKA-DACIA-261x300.jpg 261w\" sizes=\"(max-width: 639px) 100vw, 639px\" \/><\/p>\n<p style=\"text-align: center;\"><strong>ulica Zaporoska Dacia<\/strong><\/p>\n<p><img decoding=\"async\" class=\" wp-image-13560 aligncenter\" src=\"https:\/\/smwroclaw.pl\/wp-content\/uploads\/2020\/09\/ZAPOROSKA-DACIA-2.jpg\" alt=\"\" width=\"647\" height=\"418\" srcset=\"https:\/\/smwroclaw.pl\/wp-content\/uploads\/2020\/09\/ZAPOROSKA-DACIA-2.jpg 705w, https:\/\/smwroclaw.pl\/wp-content\/uploads\/2020\/09\/ZAPOROSKA-DACIA-2-300x194.jpg 300w\" sizes=\"(max-width: 647px) 100vw, 647px\" \/><\/p>\n<p style=\"text-align: center;\"><strong>ulica Zaporoska Dacia (2)<\/strong><\/p>\n<p><img loading=\"lazy\" decoding=\"async\" class=\" wp-image-13561 aligncenter\" src=\"https:\/\/smwroclaw.pl\/wp-content\/uploads\/2020\/09\/OBRO\u0143C\u00d3W-POCZTY-GDA\u0143SKIEJ-VW-PASSAT-rotated.jpg\" alt=\"\" width=\"623\" height=\"790\" srcset=\"https:\/\/smwroclaw.pl\/wp-content\/uploads\/2020\/09\/OBRO\u0143C\u00d3W-POCZTY-GDA\u0143SKIEJ-VW-PASSAT-rotated.jpg 565w, https:\/\/smwroclaw.pl\/wp-content\/uploads\/2020\/09\/OBRO\u0143C\u00d3W-POCZTY-GDA\u0143SKIEJ-VW-PASSAT-237x300.jpg 237w\" sizes=\"(max-width: 623px) 100vw, 623px\" \/><\/p>\n<p style=\"text-align: center;\"><span style=\"font-family: georgia, palatino, serif; font-size: 12pt;\"><strong>ulica Obro\u0144c\u00f3w Poczty Gda\u0144skiej VW Passat<\/strong><\/span><\/p>\n<p><img loading=\"lazy\" decoding=\"async\" class=\"wp-image-13562 aligncenter\" src=\"https:\/\/smwroclaw.pl\/wp-content\/uploads\/2020\/09\/MAZDA.jpg\" alt=\"\" width=\"640\" height=\"460\" srcset=\"https:\/\/smwroclaw.pl\/wp-content\/uploads\/2020\/09\/MAZDA.jpg 772w, https:\/\/smwroclaw.pl\/wp-content\/uploads\/2020\/09\/MAZDA-300x216.jpg 300w, https:\/\/smwroclaw.pl\/wp-content\/uploads\/2020\/09\/MAZDA-360x260.jpg 360w, https:\/\/smwroclaw.pl\/wp-content\/uploads\/2020\/09\/MAZDA-768x552.jpg 768w\" sizes=\"(max-width: 640px) 100vw, 640px\" \/><\/p>\n<p style=\"text-align: center;\"><strong><span style=\"font-family: georgia, palatino, serif; font-size: 12pt;\">ulica Kazimierza Wielkiego Mazda<\/span><\/strong><\/p>\n<p><img loading=\"lazy\" decoding=\"async\" class=\" wp-image-13563 aligncenter\" src=\"https:\/\/smwroclaw.pl\/wp-content\/uploads\/2020\/09\/SUZUKI-NYSKA-rotated.jpg\" alt=\"\" width=\"636\" height=\"771\" srcset=\"https:\/\/smwroclaw.pl\/wp-content\/uploads\/2020\/09\/SUZUKI-NYSKA-rotated.jpg 526w, https:\/\/smwroclaw.pl\/wp-content\/uploads\/2020\/09\/SUZUKI-NYSKA-247x300.jpg 247w\" sizes=\"(max-width: 636px) 100vw, 636px\" \/><\/p>\n<p style=\"text-align: center;\"><strong>ulica Nyska 66 przy szkole Suzuki<\/strong><\/p>\n<p><img loading=\"lazy\" decoding=\"async\" class=\"wp-image-13564 aligncenter\" src=\"https:\/\/smwroclaw.pl\/wp-content\/uploads\/2020\/09\/SUZUKI-NYSKA-2.jpg\" alt=\"\" width=\"643\" height=\"435\" srcset=\"https:\/\/smwroclaw.pl\/wp-content\/uploads\/2020\/09\/SUZUKI-NYSKA-2.jpg 774w, https:\/\/smwroclaw.pl\/wp-content\/uploads\/2020\/09\/SUZUKI-NYSKA-2-300x203.jpg 300w, https:\/\/smwroclaw.pl\/wp-content\/uploads\/2020\/09\/SUZUKI-NYSKA-2-768x519.jpg 768w\" sizes=\"(max-width: 643px) 100vw, 643px\" \/><\/p>\n<p style=\"text-align: center;\"><strong>ulica Nyska 66 przy szkole Suzuki (2)<\/strong><\/p>\n<p><img loading=\"lazy\" decoding=\"async\" class=\" wp-image-13565 aligncenter\" src=\"https:\/\/smwroclaw.pl\/wp-content\/uploads\/2020\/09\/W\u0141ODKOWICA-OPEL-rotated.jpg\" alt=\"\" width=\"636\" height=\"1071\" srcset=\"https:\/\/smwroclaw.pl\/wp-content\/uploads\/2020\/09\/W\u0141ODKOWICA-OPEL-rotated.jpg 444w, https:\/\/smwroclaw.pl\/wp-content\/uploads\/2020\/09\/W\u0141ODKOWICA-OPEL-178x300.jpg 178w\" sizes=\"(max-width: 636px) 100vw, 636px\" \/><\/p>\n<p style=\"text-align: center;\"><strong>ulica W\u0142odkowica Opel<\/strong><\/p>\n<p><img loading=\"lazy\" decoding=\"async\" class=\" wp-image-13566 aligncenter\" src=\"https:\/\/smwroclaw.pl\/wp-content\/uploads\/2020\/09\/W\u0141ODKOWICA-OPEL-2-rotated.jpg\" alt=\"\" width=\"645\" height=\"859\" srcset=\"https:\/\/smwroclaw.pl\/wp-content\/uploads\/2020\/09\/W\u0141ODKOWICA-OPEL-2-rotated.jpg 576w, https:\/\/smwroclaw.pl\/wp-content\/uploads\/2020\/09\/W\u0141ODKOWICA-OPEL-2-225x300.jpg 225w\" sizes=\"(max-width: 645px) 100vw, 645px\" \/><\/p>\n<p style=\"text-align: center;\"><strong>ulica W\u0142odkowica Opel (2)<br \/>\n<\/strong><\/p>\n<p><img loading=\"lazy\" decoding=\"async\" class=\" wp-image-13567 aligncenter\" src=\"https:\/\/smwroclaw.pl\/wp-content\/uploads\/2020\/09\/W\u0141ODKOWICA-VW-PASSAT-rotated.jpg\" alt=\"\" width=\"652\" height=\"796\" srcset=\"https:\/\/smwroclaw.pl\/wp-content\/uploads\/2020\/09\/W\u0141ODKOWICA-VW-PASSAT-rotated.jpg 507w, https:\/\/smwroclaw.pl\/wp-content\/uploads\/2020\/09\/W\u0141ODKOWICA-VW-PASSAT-246x300.jpg 246w\" sizes=\"(max-width: 652px) 100vw, 652px\" \/><\/p>\n<p style=\"text-align: center;\"><strong>ulica W\u0142odkowica VW Passat<\/strong><\/p>\n<p><img loading=\"lazy\" decoding=\"async\" class=\" wp-image-13568 aligncenter\" src=\"https:\/\/smwroclaw.pl\/wp-content\/uploads\/2020\/09\/PADEREWSKIEGO-CITROEN.jpg\" alt=\"\" width=\"662\" height=\"450\" srcset=\"https:\/\/smwroclaw.pl\/wp-content\/uploads\/2020\/09\/PADEREWSKIEGO-CITROEN.jpg 741w, https:\/\/smwroclaw.pl\/wp-content\/uploads\/2020\/09\/PADEREWSKIEGO-CITROEN-300x204.jpg 300w\" sizes=\"(max-width: 662px) 100vw, 662px\" \/><\/p>\n<p style=\"text-align: center;\"><span style=\"font-family: georgia, palatino, serif; font-size: 12pt;\"><strong>ulica Paderewskiego Citroen<\/strong><\/span><\/p>\n<p><img loading=\"lazy\" decoding=\"async\" class=\" wp-image-13569 aligncenter\" src=\"https:\/\/smwroclaw.pl\/wp-content\/uploads\/2020\/09\/\u015aWIT.jpg\" alt=\"\" width=\"678\" height=\"391\" srcset=\"https:\/\/smwroclaw.pl\/wp-content\/uploads\/2020\/09\/\u015aWIT.jpg 780w, https:\/\/smwroclaw.pl\/wp-content\/uploads\/2020\/09\/\u015aWIT-300x173.jpg 300w, https:\/\/smwroclaw.pl\/wp-content\/uploads\/2020\/09\/\u015aWIT-768x443.jpg 768w\" sizes=\"(max-width: 678px) 100vw, 678px\" \/><\/p>\n<p style=\"text-align: center;\"><strong><span style=\"font-family: georgia, palatino, serif; font-size: 12pt;\">ulica \u015awit przyczepa kempingowa<\/span><\/strong><\/p>\n<p><img loading=\"lazy\" decoding=\"async\" class=\" wp-image-13570 aligncenter\" src=\"https:\/\/smwroclaw.pl\/wp-content\/uploads\/2020\/09\/\u015aWIT-2-rotated.jpg\" alt=\"\" width=\"681\" height=\"853\" srcset=\"https:\/\/smwroclaw.pl\/wp-content\/uploads\/2020\/09\/\u015aWIT-2-rotated.jpg 527w, https:\/\/smwroclaw.pl\/wp-content\/uploads\/2020\/09\/\u015aWIT-2-240x300.jpg 240w\" sizes=\"(max-width: 681px) 100vw, 681px\" \/><\/p>\n<p style=\"text-align: center;\"><strong>ulica \u015awit przyczepa kempingowa (2)<br \/>\n<\/strong><\/p>\n<p><img loading=\"lazy\" decoding=\"async\" class=\" wp-image-13571 aligncenter\" src=\"https:\/\/smwroclaw.pl\/wp-content\/uploads\/2020\/09\/InkedPARAFIALNA-DOGE-1_LI.jpg\" alt=\"\" width=\"679\" height=\"845\" srcset=\"https:\/\/smwroclaw.pl\/wp-content\/uploads\/2020\/09\/InkedPARAFIALNA-DOGE-1_LI.jpg 580w, https:\/\/smwroclaw.pl\/wp-content\/uploads\/2020\/09\/InkedPARAFIALNA-DOGE-1_LI-241x300.jpg 241w\" sizes=\"(max-width: 679px) 100vw, 679px\" \/><\/p>\n<p style=\"text-align: center;\"><span style=\"font-family: georgia, palatino, serif; font-size: 12pt;\"><strong>ulica Parafialna Doge<\/strong><\/span><\/p>\n<p><img loading=\"lazy\" decoding=\"async\" class=\" wp-image-13572 aligncenter\" src=\"https:\/\/smwroclaw.pl\/wp-content\/uploads\/2020\/09\/PARAFIALNA-DOGE-3-rotated.jpg\" alt=\"\" width=\"691\" height=\"855\" srcset=\"https:\/\/smwroclaw.pl\/wp-content\/uploads\/2020\/09\/PARAFIALNA-DOGE-3-rotated.jpg 580w, https:\/\/smwroclaw.pl\/wp-content\/uploads\/2020\/09\/PARAFIALNA-DOGE-3-242x300.jpg 242w\" sizes=\"(max-width: 691px) 100vw, 691px\" \/><\/p>\n<p style=\"text-align: center;\"><strong>ulica Parafialna Doge (2)<br \/>\n<\/strong><\/p>\n<p><img loading=\"lazy\" decoding=\"async\" class=\" wp-image-13573 aligncenter\" src=\"https:\/\/smwroclaw.pl\/wp-content\/uploads\/2020\/09\/PARAFIALNA-DOGE-2-rotated.jpg\" alt=\"\" width=\"689\" height=\"822\" srcset=\"https:\/\/smwroclaw.pl\/wp-content\/uploads\/2020\/09\/PARAFIALNA-DOGE-2-rotated.jpg 578w, https:\/\/smwroclaw.pl\/wp-content\/uploads\/2020\/09\/PARAFIALNA-DOGE-2-252x300.jpg 252w\" sizes=\"(max-width: 689px) 100vw, 689px\" \/><\/p>\n<p style=\"text-align: center;\"><strong>ulica Parafialna Doge (3)<br \/>\n<\/strong><\/p>\n<p><img loading=\"lazy\" decoding=\"async\" class=\" wp-image-13574 aligncenter\" src=\"https:\/\/smwroclaw.pl\/wp-content\/uploads\/2020\/09\/CHE\u0141MSKA-FORD.jpg\" alt=\"\" width=\"682\" height=\"399\" srcset=\"https:\/\/smwroclaw.pl\/wp-content\/uploads\/2020\/09\/CHE\u0141MSKA-FORD.jpg 708w, https:\/\/smwroclaw.pl\/wp-content\/uploads\/2020\/09\/CHE\u0141MSKA-FORD-300x175.jpg 300w\" sizes=\"(max-width: 682px) 100vw, 682px\" \/><\/p>\n<p style=\"text-align: center;\"><strong><span style=\"font-family: georgia, palatino, serif; font-size: 12pt;\">ulica Che\u0142mska Ford<\/span><\/strong><\/p>\n<p><img loading=\"lazy\" decoding=\"async\" class=\" wp-image-13576 aligncenter\" src=\"https:\/\/smwroclaw.pl\/wp-content\/uploads\/2020\/09\/WAWRZYNIAKA-1-rotated.jpg\" alt=\"\" width=\"689\" height=\"873\" srcset=\"https:\/\/smwroclaw.pl\/wp-content\/uploads\/2020\/09\/WAWRZYNIAKA-1-rotated.jpg 568w, https:\/\/smwroclaw.pl\/wp-content\/uploads\/2020\/09\/WAWRZYNIAKA-1-237x300.jpg 237w\" sizes=\"(max-width: 689px) 100vw, 689px\" \/><\/p>\n<p style=\"text-align: center;\"><strong>ulica Wawrzyniaka VW<\/strong><\/p>\n<p>WF<\/p>\n","protected":false},"excerpt":{"rendered":"<p>Stra\u017cnicy miejscy ca\u0142y czas w oparciu o art 50a Prawa o ruchu drogowym (pojazd pozostawiony bez tablic rejestracyjnych lub pojazd, kt\u00f3rego stan wskazuje na to, \u017ce nie jest u\u017cywany, mo\u017ce zosta\u0107 usuni\u0119ty z drogi przez stra\u017c gminn\u0105 lub Policj\u0119 na koszt w\u0142a\u015bciciela lub posiadacza) &#8211;\u00a0\u00a0 prowadz\u0105 dzia\u0142ania, kt\u00f3re uwalniaj\u0105 chodniki, jezdnie i podw\u00f3rka z pojazd\u00f3w [&hellip;]<\/p>\n","protected":false},"author":4,"featured_media":11281,"comment_status":"closed","ping_status":"closed","sticky":false,"template":"","format":"standard","meta":{"footnotes":""},"categories":[16],"tags":[],"class_list":["post-13554","post","type-post","status-publish","format-standard","has-post-thumbnail","hentry","category-aktual"],"_links":{"self":[{"href":"https:\/\/smwroclaw.pl\/index.php?rest_route=\/wp\/v2\/posts\/13554","targetHints":{"allow":["GET"]}}],"collection":[{"href":"https:\/\/smwroclaw.pl\/index.php?rest_route=\/wp\/v2\/posts"}],"about":[{"href":"https:\/\/smwroclaw.pl\/index.php?rest_route=\/wp\/v2\/types\/post"}],"author":[{"embeddable":true,"href":"https:\/\/smwroclaw.pl\/index.php?rest_route=\/wp\/v2\/users\/4"}],"replies":[{"embeddable":true,"href":"https:\/\/smwroclaw.pl\/index.php?rest_route=%2Fwp%2Fv2%2Fcomments&post=13554"}],"version-history":[{"count":6,"href":"https:\/\/smwroclaw.pl\/index.php?rest_route=\/wp\/v2\/posts\/13554\/revisions"}],"predecessor-version":[{"id":13579,"href":"https:\/\/smwroclaw.pl\/index.php?rest_route=\/wp\/v2\/posts\/13554\/revisions\/13579"}],"wp:featuredmedia":[{"embeddable":true,"href":"https:\/\/smwroclaw.pl\/index.php?rest_route=\/wp\/v2\/media\/11281"}],"wp:attachment":[{"href":"https:\/\/smwroclaw.pl\/index.php?rest_route=%2Fwp%2Fv2%2Fmedia&parent=13554"}],"wp:term":[{"taxonomy":"category","embeddable":true,"href":"https:\/\/smwroclaw.pl\/index.php?rest_route=%2Fwp%2Fv2%2Fcategories&post=13554"},{"taxonomy":"post_tag","embeddable":true,"href":"https:\/\/smwroclaw.pl\/index.php?rest_route=%2Fwp%2Fv2%2Ftags&post=13554"}],"curies":[{"name":"wp","href":"https:\/\/api.w.org\/{rel}","templated":true}]}}