{"id":13580,"date":"2020-09-30T12:20:31","date_gmt":"2020-09-30T10:20:31","guid":{"rendered":"http:\/\/smwroclaw.pl\/?p=13580"},"modified":"2020-09-30T12:21:07","modified_gmt":"2020-09-30T10:21:07","slug":"pilotazowy-projekt-szkolna-ulica-straznicy-miejscy-biora-w-nim-udzial","status":"publish","type":"post","link":"https:\/\/smwroclaw.pl\/?p=13580","title":{"rendered":"PILOTA\u017bOWY PROJEKT SZKOLNA ULICA &#8211; stra\u017cnicy miejscy bior\u0105 w nim udzia\u0142 (czytaj dalej)"},"content":{"rendered":"<p style=\"text-align: justify;\"><span style=\"font-family: georgia, palatino, serif; font-size: 12pt;\">Zdecydowana wi\u0119kszo\u015b\u0107 dzieci dociera do szko\u0142y pieszo, komunikacj\u0105 zbiorow\u0105, rowerem, czy na hulajnodze. Jednak to wzmo\u017cony ruch samochod\u00f3w przed szko\u0142ami jest dla nich najwi\u0119kszym zagro\u017ceniem. Dlatego w pa\u017adzierniku <strong>Biuro Zr\u00f3wnowa\u017conej Mobilno\u015bci Urz\u0119du Miejskiego Wroc\u0142awia b\u0119dzie realizowa\u0107 pilota\u017cowy projekt \u201eSzkolna ulica\u201d.<\/strong> <\/span><\/p>\n<p style=\"text-align: justify;\"><span style=\"font-family: georgia, palatino, serif; font-size: 12pt;\">Jego g\u0142\u00f3wnym celem jest <strong>zwi\u0119kszenie bezpiecze\u0144stwa dzieci na drodze do szko\u0142y.<\/strong> W projekcie bior\u0105 udzia\u0142 dwie wroc\u0142awskie szko\u0142y:<\/span><\/p>\n<ul style=\"text-align: justify;\">\n<li><span style=\"font-family: georgia, palatino, serif; font-size: 12pt;\">Szko\u0142a Podstawowa nr 34 przy ul. Ga\u0142czy\u0144skiego<\/span><\/li>\n<li><span style=\"font-family: georgia, palatino, serif; font-size: 12pt;\">Zesp\u00f3\u0142 Szk\u00f3\u0142 nr 9 przy ul. Krajewskiego.<\/span><\/li>\n<\/ul>\n<p style=\"text-align: justify;\"><span style=\"font-family: georgia, palatino, serif; font-size: 12pt;\">Projekt ten jest bezpo\u015brednio inspirowany wdra\u017canym w Wiedniu dzia\u0142aniu <strong>\u201eSchulstra\u00dfe\u201d<\/strong>, cho\u0107 podobne dzia\u0142ania znane s\u0105 tak\u017ce w wielu innych miastach Europy. Wroc\u0142awska \u201eSzkolna Ulica\u201d b\u0119dzie pierwszym takim dzia\u0142aniem w Polsce.<\/span><\/p>\n<p><!--more--><\/p>\n<p style=\"text-align: justify;\"><span style=\"font-family: georgia, palatino, serif; font-size: 12pt;\"><strong>Ju\u017c od 1 pa\u017adziernika, na p\u00f3\u0142 godziny przed pierwsz\u0105 lekcj\u0105 b\u0119dziemy udost\u0119pnia\u0107 fragment ulicy bezpo\u015brednio przy szkole dla dzieci, by ostatni odcinek mog\u0142y swobodnie przej\u015b\u0107 lub przejecha\u0107 na rowerze b\u0105d\u017a hulajnodze, w otoczeniu wolnym od ruchu samochodowego.<\/strong> <\/span><\/p>\n<p style=\"text-align: justify;\"><span style=\"font-family: georgia, palatino, serif; font-size: 12pt;\"><strong>Chcemy w ten spos\u00f3b stworzy\u0107 przestrze\u0144, kt\u00f3ra b\u0119dzie przed\u0142u\u017ceniem podw\u00f3rka szkolnego \u2013 miejscem spotka\u0144 przed lekcjami i rozm\u00f3w, w kt\u00f3rym dzieci poczuj\u0105 si\u0119 swobodnie i bezpiecznie.<\/strong><\/span><\/p>\n<p style=\"text-align: justify;\"><span style=\"font-family: georgia, palatino, serif; font-size: 12pt;\">W otoczeniu szk\u00f3\u0142 pojawi\u0105 si\u0119 znaki \u201ezakaz wjazdu\u201d oraz bariery no\u017cycowe, kt\u00f3re wyznacz\u0105 odcinki ulic dost\u0119pne tylko dla poruszania si\u0119 pieszo, rowerem b\u0105d\u017a hulajnog\u0105. Wraz z pierwszym dzwonkiem, bariery zostan\u0105 usuni\u0119te, a przejazd innymi pojazdami b\u0119dzie wznowiony. <strong>Nad zmienion\u0105 organizacj\u0105 ruchu b\u0119dzie czuwa\u0107 Stra\u017c Miejska Wroc\u0142awia.<br \/>\n<\/strong><\/span><\/p>\n<p style=\"text-align: justify;\"><span style=\"font-family: georgia, palatino, serif; font-size: 12pt;\">Dodatkowym elementem projektu jest cz\u0119\u015b\u0107 badawcza, kt\u00f3ra polega na <strong>przeprowadzeniu anonimowych ankiet przed rozpocz\u0119ciem pilota\u017cu i pod koniec jego trwania.<\/strong> Wyniki ankiet dostarcza nam informacji o sposobach i okoliczno\u015bciach docierania dzieci do szk\u00f3\u0142. W ramach projektu b\u0119dzie r\u00f3wnie\u017c analizowany ruch przed szko\u0142ami. Wszystkie te elementy z\u0142o\u017c\u0105 si\u0119 na ocen\u0119 ca\u0142ego projektu, a <strong>wnioski pos\u0142u\u017c\u0105 do stworzenia rekomendacji dla trwa\u0142ej poprawy bezpiecze\u0144stwa wok\u00f3\u0142 szko\u0142y i przes\u0105dz\u0105 o kontynuacji projektu.<\/strong><\/span><\/p>\n<p style=\"text-align: justify;\"><span style=\"font-family: georgia, palatino, serif; font-size: 12pt;\">\u015awiatowa Organizacja Zdrowia zaleca, aby\u015bmy wykonywali codziennie podr\u00f3\u017ce piesze na dystans co najmniej 10 tysi\u0119cy krok\u00f3w. To minimalna dawka ruchu pozwalaj\u0105ca utrzyma\u0107 w\u0142a\u015bciw\u0105 kondycj\u0119. W przypadku dzieci najbardziej naturalnym sposobem wywi\u0105zania si\u0119 z tego zalecenia jest droga do szko\u0142y. &#8211; Chcemy u\u0142atwi\u0107 dzieciom ten ruch i uspokoi\u0107 obawy rodzic\u00f3w, kt\u00f3rzy do tej pory odwozili dzieci pod sam\u0105 bram\u0119 szko\u0142y: skoro nie ma tam ju\u017c ruchu pojazd\u00f3w, znika najwi\u0119ksze zagro\u017cenie. Pozw\u00f3lmy dzieciom by\u0107 zdrowymi &#8211; <strong>apeluje Tomasz Stefanicki, zast\u0119pca dyrektora Biura Zr\u00f3wnowa\u017conej Mobilno\u015bci.<\/strong><\/span><\/p>\n<p>&nbsp;<\/p>\n<p style=\"text-align: center;\"><strong><span style=\"font-family: georgia, palatino, serif; font-size: 12pt;\">PLANOWANE ZMIANY W ORGANIZACJI RUCHU <\/span><\/strong><\/p>\n<ul>\n<li><strong><span style=\"font-family: georgia, palatino, serif; font-size: 12pt;\">ul. Ga\u0142czy\u0144skiego<\/span><\/strong><\/li>\n<\/ul>\n<h2><img fetchpriority=\"high\" decoding=\"async\" class=\" wp-image-13583 aligncenter\" src=\"https:\/\/smwroclaw.pl\/wp-content\/uploads\/2020\/09\/GA\u0141CZY\u0143SKIEGO.jpg\" alt=\"\" width=\"635\" height=\"798\" srcset=\"https:\/\/smwroclaw.pl\/wp-content\/uploads\/2020\/09\/GA\u0141CZY\u0143SKIEGO.jpg 409w, https:\/\/smwroclaw.pl\/wp-content\/uploads\/2020\/09\/GA\u0141CZY\u0143SKIEGO-239x300.jpg 239w\" sizes=\"(max-width: 635px) 100vw, 635px\" \/><\/h2>\n<ul>\n<li><strong><span style=\"font-family: georgia, palatino, serif; font-size: 12pt;\">ulica Krajewskiego<\/span><\/strong><\/li>\n<\/ul>\n<p><img decoding=\"async\" class=\" wp-image-13584 aligncenter\" src=\"https:\/\/smwroclaw.pl\/wp-content\/uploads\/2020\/09\/KRAJEWSKIEGO.jpg\" alt=\"\" width=\"639\" height=\"810\" srcset=\"https:\/\/smwroclaw.pl\/wp-content\/uploads\/2020\/09\/KRAJEWSKIEGO.jpg 394w, https:\/\/smwroclaw.pl\/wp-content\/uploads\/2020\/09\/KRAJEWSKIEGO-237x300.jpg 237w\" sizes=\"(max-width: 639px) 100vw, 639px\" \/><\/p>\n<p><strong><span style=\"font-family: georgia, palatino, serif; font-size: 12pt;\">\u017ar\u00f3d\u0142o: <a href=\"https:\/\/www.wroclaw.pl\/portal\/szkolna-ulica\">https:\/\/www.wroclaw.pl\/portal\/szkolna-ulica<\/a><\/span><\/strong><\/p>\n<p>wf<\/p>\n","protected":false},"excerpt":{"rendered":"<p>Zdecydowana wi\u0119kszo\u015b\u0107 dzieci dociera do szko\u0142y pieszo, komunikacj\u0105 zbiorow\u0105, rowerem, czy na hulajnodze. Jednak to wzmo\u017cony ruch samochod\u00f3w przed szko\u0142ami jest dla nich najwi\u0119kszym zagro\u017ceniem. Dlatego w pa\u017adzierniku Biuro Zr\u00f3wnowa\u017conej Mobilno\u015bci Urz\u0119du Miejskiego Wroc\u0142awia b\u0119dzie realizowa\u0107 pilota\u017cowy projekt \u201eSzkolna ulica\u201d. Jego g\u0142\u00f3wnym celem jest zwi\u0119kszenie bezpiecze\u0144stwa dzieci na drodze do szko\u0142y. W projekcie bior\u0105 udzia\u0142 [&hellip;]<\/p>\n","protected":false},"author":4,"featured_media":13586,"comment_status":"closed","ping_status":"closed","sticky":false,"template":"","format":"standard","meta":{"footnotes":""},"categories":[16],"tags":[],"class_list":["post-13580","post","type-post","status-publish","format-standard","has-post-thumbnail","hentry","category-aktual"],"_links":{"self":[{"href":"https:\/\/smwroclaw.pl\/index.php?rest_route=\/wp\/v2\/posts\/13580","targetHints":{"allow":["GET"]}}],"collection":[{"href":"https:\/\/smwroclaw.pl\/index.php?rest_route=\/wp\/v2\/posts"}],"about":[{"href":"https:\/\/smwroclaw.pl\/index.php?rest_route=\/wp\/v2\/types\/post"}],"author":[{"embeddable":true,"href":"https:\/\/smwroclaw.pl\/index.php?rest_route=\/wp\/v2\/users\/4"}],"replies":[{"embeddable":true,"href":"https:\/\/smwroclaw.pl\/index.php?rest_route=%2Fwp%2Fv2%2Fcomments&post=13580"}],"version-history":[{"count":5,"href":"https:\/\/smwroclaw.pl\/index.php?rest_route=\/wp\/v2\/posts\/13580\/revisions"}],"predecessor-version":[{"id":13588,"href":"https:\/\/smwroclaw.pl\/index.php?rest_route=\/wp\/v2\/posts\/13580\/revisions\/13588"}],"wp:featuredmedia":[{"embeddable":true,"href":"https:\/\/smwroclaw.pl\/index.php?rest_route=\/wp\/v2\/media\/13586"}],"wp:attachment":[{"href":"https:\/\/smwroclaw.pl\/index.php?rest_route=%2Fwp%2Fv2%2Fmedia&parent=13580"}],"wp:term":[{"taxonomy":"category","embeddable":true,"href":"https:\/\/smwroclaw.pl\/index.php?rest_route=%2Fwp%2Fv2%2Fcategories&post=13580"},{"taxonomy":"post_tag","embeddable":true,"href":"https:\/\/smwroclaw.pl\/index.php?rest_route=%2Fwp%2Fv2%2Ftags&post=13580"}],"curies":[{"name":"wp","href":"https:\/\/api.w.org\/{rel}","templated":true}]}}