{"id":13690,"date":"2020-10-09T09:43:22","date_gmt":"2020-10-09T07:43:22","guid":{"rendered":"http:\/\/smwroclaw.pl\/?p=13690"},"modified":"2020-10-09T09:47:58","modified_gmt":"2020-10-09T07:47:58","slug":"straz-miejska-wroclawia-przeciwdzialanie-rozprzestrzenianiu-sie-koronawirusa-to-nasz-priorytet","status":"publish","type":"post","link":"https:\/\/smwroclaw.pl\/?p=13690","title":{"rendered":"STRA\u017b MIEJSKA WROC\u0141AWIA &#8211; przeciwdzia\u0142anie rozprzestrzenianiu si\u0119 koronawirusa to nasz priorytet"},"content":{"rendered":"<p>&nbsp;<\/p>\n<p style=\"text-align: justify;\"><span style=\"font-family: georgia, palatino, serif; font-size: 12pt; color: #000000;\"><strong>Walka z rozprzestrzenianiem si\u0119 epidemii \u00a0nak\u0142ada na nas obowi\u0105zek \u00a0stosowa\u0107 si\u0119 \u015bci\u015ble do konkretnych zalece\u0144 \u2013 kontrola ich \u00a0przestrzegania jest priorytetowym zadaniem Stra\u017cy Miejskiej Wroc\u0142awia.<\/strong><\/span><\/p>\n<p>&nbsp;<\/p>\n<p>&nbsp;<\/p>\n<p style=\"text-align: justify;\"><span style=\"font-family: georgia, palatino, serif; font-size: 12pt; color: #000000;\"><strong>Patrole na ulicach miasta, w galeriach, sklepach a tak\u017ce w tramwajach i autobusach<\/strong><\/span><\/p>\n<p style=\"text-align: justify;\"><span style=\"font-family: georgia, palatino, serif; font-size: 12pt; color: #000000;\">Stra\u017cnicy ka\u017cdego dnia sprawdzaj\u0105, czy wroc\u0142awianie zas\u0142aniaj\u0105 usta i nos w \u015brodkach masowej komunikacji, w sklepach i galeriach handlowych. Od soboty nakaz b\u0119dzie dotyczy\u0142 tak\u017ce miejsc publicznych m.in. dr\u00f3g i plac\u00f3w \u2013 mo\u017cemy spodziewa\u0107 si\u0119 wzmo\u017conych kontroli, a w uzasadnionych przypadkach sankcji wobec os\u00f3b nieprzestrzegaj\u0105cych zalece\u0144.<\/span><\/p>\n<p style=\"text-align: justify;\"><span style=\"font-family: georgia, palatino, serif; font-size: 12pt; color: #000000;\"><strong>Wsp\u00f3lnie z Policj\u0105<\/strong><\/span><\/p>\n<p style=\"text-align: justify;\"><span style=\"font-family: georgia, palatino, serif; font-size: 12pt; color: #000000;\">Wroc\u0142awska Stra\u017c Miejska jeszcze \u015bci\u015blej wsp\u00f3\u0142pracuje z Komend\u0105 Miejsk\u0105 Policji w zwalczaniu rozprzestrzeniania si\u0119 COVID-19. Cz\u0119\u015b\u0107 funkcjonariuszy skierowana zosta\u0142a do policyjnych komisariat\u00f3w i wsp\u00f3lnych patroli.<\/span><\/p>\n<p style=\"text-align: justify;\"><span style=\"color: #000000; font-family: georgia, palatino, serif; font-size: 12pt;\"><strong>Patrole przy urz\u0119dach miejskich<\/strong><\/span><\/p>\n<p style=\"text-align: justify;\"><span style=\"font-family: georgia, palatino, serif; font-size: 12pt; color: #000000;\">Stra\u017cnicy miejscy ca\u0142y czas dzia\u0142aj\u0105 w kilkunastu wroc\u0142awskich urz\u0119dach, wszystkim pracownikom i interesantom, mierz\u0105 temperatur\u0119 oraz czuwaj\u0105 nad sprawnym i bezpiecznym wchodzeniem do obiekt\u00f3w (obowi\u0105zuje dystans 1,5 metra oraz obowi\u0105zek zakrywania ust i nosa).<\/span><\/p>\n<p style=\"text-align: justify;\"><span style=\"color: #000000;\"><strong><span style=\"font-family: georgia, palatino, serif; font-size: 12pt;\">Jeste\u015bmy skupieni na zadaniach ukierunkowanych na przeciwdzia\u0142anie Covid-19<\/span><\/strong><\/span><\/p>\n<p style=\"text-align: justify;\"><span style=\"font-family: georgia, palatino, serif; font-size: 12pt; color: #000000;\">Nadal przyjmujemy i realizujemy zg\u0142oszenia dotycz\u0105ce mi\u0119dzy innymi zak\u0142\u00f3cenia porz\u0105dku publicznego, zagro\u017cenia w ruchu drogowym, \u00a0nieprawid\u0142owego parkowania pojazd\u00f3w, ochrony \u015brodowiska i gospodarki odpadami, zagro\u017cenia \u017cycia i zdrowia, zagro\u017ce\u0144 po\u017carowych i awarii technicznych, zwierz\u0105t oraz wiele innych \u2013 jednak zaanga\u017cowanie w dzia\u0142ania zwi\u0105zane z Covid-19 mo\u017ce powodowa\u0107 wyd\u0142u\u017cenie czasu naszej reakcji.<\/span><\/p>\n","protected":false},"excerpt":{"rendered":"<p>&nbsp; Walka z rozprzestrzenianiem si\u0119 epidemii \u00a0nak\u0142ada na nas obowi\u0105zek \u00a0stosowa\u0107 si\u0119 \u015bci\u015ble do konkretnych zalece\u0144 \u2013 kontrola ich \u00a0przestrzegania jest priorytetowym zadaniem Stra\u017cy Miejskiej Wroc\u0142awia. &nbsp; &nbsp; Patrole na ulicach miasta, w galeriach, sklepach a tak\u017ce w tramwajach i autobusach Stra\u017cnicy ka\u017cdego dnia sprawdzaj\u0105, czy wroc\u0142awianie zas\u0142aniaj\u0105 usta i nos w \u015brodkach masowej komunikacji, [&hellip;]<\/p>\n","protected":false},"author":4,"featured_media":13695,"comment_status":"closed","ping_status":"closed","sticky":false,"template":"","format":"standard","meta":{"footnotes":""},"categories":[16],"tags":[],"class_list":["post-13690","post","type-post","status-publish","format-standard","has-post-thumbnail","hentry","category-aktual"],"_links":{"self":[{"href":"https:\/\/smwroclaw.pl\/index.php?rest_route=\/wp\/v2\/posts\/13690","targetHints":{"allow":["GET"]}}],"collection":[{"href":"https:\/\/smwroclaw.pl\/index.php?rest_route=\/wp\/v2\/posts"}],"about":[{"href":"https:\/\/smwroclaw.pl\/index.php?rest_route=\/wp\/v2\/types\/post"}],"author":[{"embeddable":true,"href":"https:\/\/smwroclaw.pl\/index.php?rest_route=\/wp\/v2\/users\/4"}],"replies":[{"embeddable":true,"href":"https:\/\/smwroclaw.pl\/index.php?rest_route=%2Fwp%2Fv2%2Fcomments&post=13690"}],"version-history":[{"count":9,"href":"https:\/\/smwroclaw.pl\/index.php?rest_route=\/wp\/v2\/posts\/13690\/revisions"}],"predecessor-version":[{"id":13700,"href":"https:\/\/smwroclaw.pl\/index.php?rest_route=\/wp\/v2\/posts\/13690\/revisions\/13700"}],"wp:featuredmedia":[{"embeddable":true,"href":"https:\/\/smwroclaw.pl\/index.php?rest_route=\/wp\/v2\/media\/13695"}],"wp:attachment":[{"href":"https:\/\/smwroclaw.pl\/index.php?rest_route=%2Fwp%2Fv2%2Fmedia&parent=13690"}],"wp:term":[{"taxonomy":"category","embeddable":true,"href":"https:\/\/smwroclaw.pl\/index.php?rest_route=%2Fwp%2Fv2%2Fcategories&post=13690"},{"taxonomy":"post_tag","embeddable":true,"href":"https:\/\/smwroclaw.pl\/index.php?rest_route=%2Fwp%2Fv2%2Ftags&post=13690"}],"curies":[{"name":"wp","href":"https:\/\/api.w.org\/{rel}","templated":true}]}}