{"id":13713,"date":"2020-10-12T09:00:52","date_gmt":"2020-10-12T07:00:52","guid":{"rendered":"http:\/\/smwroclaw.pl\/?p=13713"},"modified":"2020-10-12T09:40:36","modified_gmt":"2020-10-12T07:40:36","slug":"od-soboty-obowiazuja-nowe-ograniczenia-i-zakazy-ich-nieprzestrzeganie-grozi-powaznymi-sankcjami-czytaj-dalej","status":"publish","type":"post","link":"https:\/\/smwroclaw.pl\/?p=13713","title":{"rendered":"OD SOBOTY OBOWI\u0104ZUJ\u0104 NOWE OGRANICZENIA I ZAKAZY &#8211; ich nieprzestrzeganie grozi powa\u017cnymi sankcjami (czytaj dalej)"},"content":{"rendered":"<p style=\"text-align: justify;\"><span style=\"font-family: georgia, palatino, serif; font-size: 12pt;\"><strong>ROZPORZ\u0104DZENIE RADY MINISTR\u00d3W z dnia 9 pa\u017adziernika 2020 r. w sprawie ustanowienia okre\u015blonych ogranicze\u0144, nakaz\u00f3w i zakaz\u00f3w w zwi\u0105zku z wyst\u0105pieniem stanu epidemii<\/strong><\/span><\/p>\n<p style=\"text-align: justify;\"><span style=\"font-family: georgia, palatino, serif; font-size: 12pt;\">Na podstawie art.46 a i art.46 b pkt1\u20136 i 8\u201312 ustawy z dnia 5 grudnia 2008 r. o zapobieganiu oraz zwalczaniu zaka\u017ce\u0144 i chor\u00f3b zaka\u017anych u ludzi (Dz.U. z 2019r. poz.1239, z p\u00f3\u017an. zm.1)<\/span><\/p>\n<p>&nbsp;<\/p>\n<p style=\"text-align: justify;\"><span style=\"font-family: georgia, palatino, serif; font-size: 12pt;\"><strong>Ca\u0142y tekst: \u00a0<\/strong><a href=\"https:\/\/dziennikustaw.gov.pl\/D2020000175801.pdf\">https:\/\/dziennikustaw.gov.pl\/D2020000175801.pdf<\/a><\/span><\/p>\n<p>&nbsp;<\/p>\n<p style=\"text-align: justify;\"><span style=\"font-family: georgia, palatino, serif; font-size: 12pt;\">\u00a727.1.<strong> Do odwo\u0142ania nak\u0142ada si\u0119 obowi\u0105zek zakrywania, przy pomocy odzie\u017cy lub jej cz\u0119\u015bci, maski, maseczki, przy\u0142bicy albo kasku ochronnego,<\/strong> o kt\u00f3rym mowa wart.40ust.1 ustawy z dnia 20 czerwca 1997 r. \u2013Prawo o ruchu drogowym (Dz.U. z2020r. poz.110, 284, 568, 695, 1087 i 1 517), ust i nosa:<\/span><\/p>\n<p><!--more--><\/p>\n<p>&nbsp;<\/p>\n<p style=\"text-align: justify;\"><span style=\"font-family: georgia, palatino, serif; font-size: 12pt;\">1)<strong>w \u015brodkach publicznego transportu zbiorowego<\/strong> w rozumieniu art.4 ust.1 pkt 14 ustawy z dnia 16 grudnia 2010 r. o publicznym transporcie zbiorowym, na statkach pasa\u017cerskich w \u017cegludze krajowej w rozumieniu przepis\u00f3w o bezpiecze\u0144stwie morskim lub statkach \u017ceglugi \u015br\u00f3dl\u0105dowej, o kt\u00f3rych mowa wart.5ust.1pkt1lit.a ustawy z dnia 21 grudnia 2000r. o \u017cegludze \u015br\u00f3dl\u0105dowej, przeznaczonymi lub u\u017cywanymi do przewozu os\u00f3b oraz w pojazdach samochodowych, kt\u00f3rymi poruszaj\u0105 si\u0119 osoby niezamieszkuj\u0105ce lub niegospodaruj\u0105ce wsp\u00f3lnie;<\/span><\/p>\n<p style=\"text-align: justify;\"><span style=\"font-family: georgia, palatino, serif; font-size: 12pt;\">2)w <strong>miejscach og\u00f3lnodost\u0119pnych<\/strong>, w tym:<\/span><\/p>\n<p style=\"text-align: justify;\"><span style=\"font-family: georgia, palatino, serif; font-size: 12pt;\">a)<strong>na drogach i placach, na terenie cmentarzy, promenad, bulwar\u00f3w, miejsc postoju pojazd\u00f3w, parking\u00f3w le\u015bnych<\/strong>,<\/span><\/p>\n<p style=\"text-align: justify;\"><span style=\"font-family: georgia, palatino, serif; font-size: 12pt;\">b)<strong>na terenie nieruchomo\u015bci wsp\u00f3lnych<\/strong> w rozumieniu art.3ust.2 ustawy z dnia 24 czerwca 1994 r. o w\u0142asno\u015bci lokali (Dz.U. z2020r. poz.532 i 568) oraz na terenie takich nieruchomo\u015bci o innych formach posiadania,<\/span><\/p>\n<p style=\"text-align: justify;\"><span style=\"font-family: georgia, palatino, serif; font-size: 12pt;\">c)<strong>w zak\u0142adach pracy oraz w budynkach u\u017cyteczno\u015bci publicznej<\/strong> przeznaczonych na potrzeby: administracji publicznej, wymiaru sprawiedliwo\u015bci, kultury, kultu religijnego, o\u015bwiaty, szkolnictwa wy\u017cszego, nauki, wychowania, opieki zdrowotnej, spo\u0142ecznej lub socjalnej, obs\u0142ugi bankowej, handlu, gastronomii, us\u0142ug, w tym us\u0142ug pocztowych lub telekomunikacyjnych, turystyki, sportu, obs\u0142ugi pasa\u017cer\u00f3w w transporcie kolejowym, drogowym, lotniczym, morskim lub wodnym \u015br\u00f3dl\u0105dowym; za budynek u\u017cyteczno\u015bci publicznej uznaje si\u0119 tak\u017ce budynek biurowy lub socjalny,d)w obiektach handlowych lub us\u0142ugowych, plac\u00f3wkach handlowych lub us\u0142ugowych ina targowiskach (straganach);<\/span><\/p>\n<p style=\"text-align: justify;\"><span style=\"font-family: georgia, palatino, serif; font-size: 12pt;\">3)<strong>w trakcie sprawowania kultu religijnego<\/strong>, w tym czynno\u015bci lub obrz\u0119d\u00f3w religijnych, w budynku u\u017cyteczno\u015bci publicznej przeznaczonym na potrzeby kultu religijnego oraz <strong>na cmentarzu<\/strong>.<\/span><\/p>\n<p style=\"text-align: justify;\"><span style=\"font-family: georgia, palatino, serif; font-size: 12pt;\">3.<strong>Obowi\u0105zku okre\u015blonego w ust.1 i 2 nie stosuje si\u0119 w przypadku:<\/strong><\/span><\/p>\n<p style=\"text-align: justify;\"><span style=\"font-family: georgia, palatino, serif; font-size: 12pt;\">1)pojazdu samochodowego, w kt\u00f3rym przebywaj\u0105 lub poruszaj\u0105 si\u0119: jedna osoba albo jedna osoba z co najmniej jednym dzieckiem, o kt\u00f3rym mowa w pkt 2, albo osoby zamieszkuj\u0105ce lub gospodaruj\u0105ce wsp\u00f3lnie;<\/span><\/p>\n<p style=\"text-align: justify;\"><span style=\"font-family: georgia, palatino, serif; font-size: 12pt;\">2)dziecka do uko\u0144czenia 5. roku \u017cycia;<\/span><\/p>\n<p style=\"text-align: justify;\"><span style=\"font-family: georgia, palatino, serif; font-size: 12pt;\">3)osoby, kt\u00f3ra nie mo\u017ce zakrywa\u0107 ust lub nosa z powodu:<\/span><\/p>\n<p style=\"text-align: justify;\"><span style=\"font-family: georgia, palatino, serif; font-size: 12pt;\">a)ca\u0142o\u015bciowych zaburze\u0144 rozwoju, zaburze\u0144 psychicznych, niepe\u0142nosprawno\u015bci intelektualnej w stopniu umiarkowanym, znacznym albo g\u0142\u0119bokim,<\/span><\/p>\n<p style=\"text-align: justify;\"><span style=\"font-family: georgia, palatino, serif; font-size: 12pt;\">b)trudno\u015bci w samodzielnym zakryciu lub odkryciu ust lub nosa;<\/span><\/p>\n<p style=\"text-align: justify;\"><span style=\"font-family: georgia, palatino, serif; font-size: 12pt;\">4)osoby wykonuj\u0105cej czynno\u015bci zawodowe, s\u0142u\u017cbowe lub zarobkowe w budynkach, zak\u0142adach, obiektach, plac\u00f3wkach i targowiskach (straganach), o kt\u00f3rych mowa w ust.1pkt2lit.c id, z wyj\u0105tkiem osoby wykonuj\u0105cej bezpo\u015bredni\u0105 obs\u0142ug\u0119 interesant\u00f3w lub klient\u00f3w w czasie jej wykonywania;<\/span><\/p>\n<p style=\"text-align: justify;\"><span style=\"font-family: georgia, palatino, serif; font-size: 12pt;\">5)kieruj\u0105cego \u015brodkiem publicznego transportu zbiorowego w rozumieniu art.4ust.1pkt14 ustawy z dnia 16grudnia 2010r. o publicznym transporcie zbiorowym lub pojazdem samochodowym wykonuj\u0105cym zarobkowy przew\u00f3z os\u00f3b, je\u017celi operator publicznego transportu zbiorowego albo organizator tego transportu w rozumieniu odpowiednio art.4ust.1pkt8 i 9 tej ustawy albo przedsi\u0119biorca wykonuj\u0105cy dzia\u0142alno\u015b\u0107 w zakresie zarobkowego przewozu os\u00f3b zapewniaj\u0105 oddzielenie kieruj\u0105cego od przewo\u017conych os\u00f3b w spos\u00f3b uniemo\u017cliwiaj\u0105cy styczno\u015b\u0107 w rozumieniu art.2 pkt 25 ustawy z dnia 5 grudnia 2008r. o zapobieganiu oraz zwalczaniu zaka\u017ce\u0144 i chor\u00f3b zaka\u017anych u ludzi;<\/span><\/p>\n<p style=\"text-align: justify;\"><span style=\"font-family: georgia, palatino, serif; font-size: 12pt;\">6)kieruj\u0105cego statkiem, o kt\u00f3rym mowa w ust.1 pkt 1, je\u017celi urz\u0105dzenie sterowe znajduje si\u0119 w osobnym pomieszczeniu albo armator statku zapewni oddzielenie kieruj\u0105cego od przewo\u017conych os\u00f3b w spos\u00f3b uniemo\u017cliwiaj\u0105cy styczno\u015b\u0107 w rozumieniu art.2pkt25 ustawy z dnia 5grudnia 2008r. o zapobieganiu oraz zwalczaniu zaka\u017ce\u0144 i chor\u00f3b zaka\u017anych u ludzi;<\/span><\/p>\n<p style=\"text-align: justify;\"><span style=\"font-family: georgia, palatino, serif; font-size: 12pt;\">7)kierowc\u00f3w wykonuj\u0105cych przewozy drogowe w za\u0142odze;<\/span><\/p>\n<p style=\"text-align: justify;\"><span style=\"font-family: georgia, palatino, serif; font-size: 12pt;\">8)sprawuj\u0105cego kult religijny podczas jego sprawowania;<\/span><\/p>\n<p style=\"text-align: justify;\"><span style=\"font-family: georgia, palatino, serif; font-size: 12pt;\">9)\u017co\u0142nierza Si\u0142 Zbrojnych Rzeczypospolitej Polskiej i wojsk sojuszniczych, a tak\u017ce funkcjonariusza S\u0142u\u017cby Kontrwywiadu Wojskowego i S\u0142u\u017cby Wywiadu Wojskowego, wykonuj\u0105cych zadania s\u0142u\u017cbowe, stosuj\u0105cych \u015brodki ochrony osobistej odpowiednie do rodzaju wykonywanych czynno\u015bci;<\/span><\/p>\n<p style=\"text-align: justify;\"><span style=\"font-family: georgia, palatino, serif; font-size: 12pt;\">10)osoby, kt\u00f3rej miejscem sta\u0142ego lub czasowego pobytu s\u0105 budynki u\u017cyteczno\u015bci publicznej przeznaczone na potrzeby wychowania, opieki zdrowotnej, spo\u0142ecznej lub socjalnej, chyba \u017ce zarz\u0105dzaj\u0105cy takim budynkiem postanowi inaczej;<\/span><\/p>\n<p style=\"text-align: justify;\"><span style=\"font-family: georgia, palatino, serif; font-size: 12pt;\">11)s\u0119dziego, trenera oraz osoby uprawiaj\u0105cej sport;<\/span><\/p>\n<p style=\"text-align: justify;\"><span style=\"font-family: georgia, palatino, serif; font-size: 12pt;\">12)osoby przebywaj\u0105cej na terenie lasu, parku, ziele\u0144ca, ogrodu botanicznego, ogrodu zabytkowego, rodzinnego ogr\u00f3dka dzia\u0142kowego albo pla\u017cy;<\/span><\/p>\n<p style=\"text-align: justify;\"><span style=\"font-family: georgia, palatino, serif; font-size: 12pt;\">13)jazdy konnej;14)personelu lotniczego przebywaj\u0105cego w kabinie pilota;<\/span><\/p>\n<p style=\"text-align: justify;\"><span style=\"font-family: georgia, palatino, serif; font-size: 12pt;\">15)uczni\u00f3w i dzieci obj\u0119tych wychowaniem przedszkolnym oraz os\u00f3b zatrudnionych w przedszkolu, innej formie wy-chowania przedszkolnego, szkole lub plac\u00f3wce o\u015bwiatowej \u2013na ich terenie, chyba \u017ce kieruj\u0105cy takim podmiotem po-stanowi inaczej.<\/span><\/p>\n<p style=\"text-align: justify;\"><span style=\"font-family: georgia, palatino, serif; font-size: 12pt;\">4.Obowi\u0105zku okre\u015blonego w ust.1 nie stosuje si\u0119 r\u00f3wnie\u017c podczas zawierania ma\u0142\u017ce\u0144stwa przed kierownikiem urz\u0119du stanu cywilnego albo przed duchownym.<\/span><\/p>\n<p style=\"text-align: justify;\"><strong><span style=\"font-family: georgia, palatino, serif; font-size: 12pt;\">5.Odkrycie ust i nosa jest mo\u017cliwe w przypadku:<\/span><\/strong><\/p>\n<p style=\"text-align: justify;\"><span style=\"font-family: georgia, palatino, serif; font-size: 12pt;\">1)konieczno\u015bci identyfikacji lub weryfikacji to\u017csamo\u015bci danej osoby, a tak\u017ce w zwi\u0105zku ze \u015bwiadczeniem danej osobie us\u0142ug, je\u017celi jest to niezb\u0119dne do ich \u015bwiadczenia;<\/span><\/p>\n<p style=\"text-align: justify;\"><span style=\"font-family: georgia, palatino, serif; font-size: 12pt;\">2)umo\u017cliwienia komunikowania si\u0119 z osob\u0105 do\u015bwiadczaj\u0105c\u0105 trwale lub okresowo trudno\u015bci w komunikowaniu si\u0119;<\/span><\/p>\n<p style=\"text-align: justify;\"><span style=\"font-family: georgia, palatino, serif; font-size: 12pt;\">3)spo\u017cywania posi\u0142k\u00f3w lub napoj\u00f3w w lokalu, ogr\u00f3dku gastronomicznym, wydzielonej strefie gastronomicznej, o kt\u00f3rych mowa w \u00a730 ust.1pkt4;<\/span><\/p>\n<p style=\"text-align: justify;\"><span style=\"font-family: georgia, palatino, serif; font-size: 12pt;\">4)spo\u017cywania posi\u0142k\u00f3w lub napoj\u00f3w po zaj\u0119ciu miejsca siedz\u0105cego w poci\u0105gu obj\u0119tym obowi\u0105zkow\u0105 rezerwacj\u0105 miejsc, w tym posi\u0142k\u00f3w i napoj\u00f3w wydawanych na pok\u0142adzie po i napoj\u00f3w wydawanych na pok\u0142adzie poci\u0105gu.<\/span><\/p>\n<p style=\"text-align: justify;\"><span style=\"font-family: georgia, palatino, serif; font-size: 12pt;\">6.W przypadku, o kt\u00f3rym mowa w ust.3 pkt 3, <strong>jest wymagane przedstawienie, na \u017c\u0105danie Policji, stra\u017cy gminnej,<\/strong> ana obszarze kolejowym, w poci\u0105gach oraz w pomieszczeniach przeznaczonych do obs\u0142ugi podr\u00f3\u017cnych korzystaj\u0105cych z transportu kolejowego na dworcach kolejowych r\u00f3wnie\u017c na \u017c\u0105danie <strong>stra\u017cy ochrony kolei,<\/strong> <strong>za\u015bwiadczenia lekarskiego lub innego dokumentu potwierdzaj\u0105cego ca\u0142o\u015bciowe zaburzenia rozwoju, zaburzenia psychiczne, niepe\u0142nosprawno\u015b\u0107 intelektualn\u0105 w stopniu umiarkowanym, znacznym albo g\u0142\u0119bokim lub trudno\u015bci w samodzielnym zakryciu lub odkryciu ust lub nosa.<\/strong><\/span><\/p>\n<p>wf<\/p>\n<p style=\"text-align: justify;\">\u00a0<\/p>\n","protected":false},"excerpt":{"rendered":"<p>ROZPORZ\u0104DZENIE RADY MINISTR\u00d3W z dnia 9 pa\u017adziernika 2020 r. w sprawie ustanowienia okre\u015blonych ogranicze\u0144, nakaz\u00f3w i zakaz\u00f3w w zwi\u0105zku z wyst\u0105pieniem stanu epidemii Na podstawie art.46 a i art.46 b pkt1\u20136 i 8\u201312 ustawy z dnia 5 grudnia 2008 r. o zapobieganiu oraz zwalczaniu zaka\u017ce\u0144 i chor\u00f3b zaka\u017anych u ludzi (Dz.U. z 2019r. poz.1239, z [&hellip;]<\/p>\n","protected":false},"author":4,"featured_media":13586,"comment_status":"closed","ping_status":"closed","sticky":false,"template":"","format":"standard","meta":{"footnotes":""},"categories":[16],"tags":[],"class_list":["post-13713","post","type-post","status-publish","format-standard","has-post-thumbnail","hentry","category-aktual"],"_links":{"self":[{"href":"https:\/\/smwroclaw.pl\/index.php?rest_route=\/wp\/v2\/posts\/13713","targetHints":{"allow":["GET"]}}],"collection":[{"href":"https:\/\/smwroclaw.pl\/index.php?rest_route=\/wp\/v2\/posts"}],"about":[{"href":"https:\/\/smwroclaw.pl\/index.php?rest_route=\/wp\/v2\/types\/post"}],"author":[{"embeddable":true,"href":"https:\/\/smwroclaw.pl\/index.php?rest_route=\/wp\/v2\/users\/4"}],"replies":[{"embeddable":true,"href":"https:\/\/smwroclaw.pl\/index.php?rest_route=%2Fwp%2Fv2%2Fcomments&post=13713"}],"version-history":[{"count":14,"href":"https:\/\/smwroclaw.pl\/index.php?rest_route=\/wp\/v2\/posts\/13713\/revisions"}],"predecessor-version":[{"id":13727,"href":"https:\/\/smwroclaw.pl\/index.php?rest_route=\/wp\/v2\/posts\/13713\/revisions\/13727"}],"wp:featuredmedia":[{"embeddable":true,"href":"https:\/\/smwroclaw.pl\/index.php?rest_route=\/wp\/v2\/media\/13586"}],"wp:attachment":[{"href":"https:\/\/smwroclaw.pl\/index.php?rest_route=%2Fwp%2Fv2%2Fmedia&parent=13713"}],"wp:term":[{"taxonomy":"category","embeddable":true,"href":"https:\/\/smwroclaw.pl\/index.php?rest_route=%2Fwp%2Fv2%2Fcategories&post=13713"},{"taxonomy":"post_tag","embeddable":true,"href":"https:\/\/smwroclaw.pl\/index.php?rest_route=%2Fwp%2Fv2%2Ftags&post=13713"}],"curies":[{"name":"wp","href":"https:\/\/api.w.org\/{rel}","templated":true}]}}